{"id":266620,"date":"2025-12-02T04:16:46","date_gmt":"2025-12-02T04:16:46","guid":{"rendered":"https:\/\/www.europesays.com\/es\/266620\/"},"modified":"2025-12-02T04:16:46","modified_gmt":"2025-12-02T04:16:46","slug":"el-ayuntamiento-de-fuengirola-organiza-ocho-zambombas-flamencas-durante-el-mes-de-diciembre-en-el-parque-de-espana","status":"publish","type":"post","link":"https:\/\/www.europesays.com\/es\/266620\/","title":{"rendered":"El Ayuntamiento de Fuengirola organiza ocho zambombas flamencas durante el mes de diciembre en el parque de Espa\u00f1a"},"content":{"rendered":"<p><strong>Adem\u00e1s, entidades particulares tambi\u00e9n llevar\u00e1n el sonido de la Navidad a diferentes espacios p\u00fablicos como la plaza de la Constituci\u00f3n, la plaza Reyes Cat\u00f3licos o las calles San Isidro Labrador y Marbella<\/strong><\/p>\n<p>1\/12\/2025 \u2013 El Ayuntamiento de Fuengirola ha organizado ocho zambombas flamencas durante el mes de diciembre que se desarrollar\u00e1n en el auditorio Crist\u00f3bal Blanca del Moral del parque de Espa\u00f1a. As\u00ed lo ha dado a conocer esta ma\u00f1ana la concejala de Fiestas, Isabel Moreno, quien ha se\u00f1alado que, adem\u00e1s, entidades particulares tambi\u00e9n han impulsado actuaciones musicales que llevar\u00e1n el sonido t\u00edpico de la Navidad a diferentes espacios p\u00fablicos de la ciudad.<\/p>\n<p>\u201cEl sonido t\u00edpico andaluz en Navidad llega a trav\u00e9s de las zambombas. Encuentros entre amigos y vecinos que van a disfrutar del soniquete t\u00edpico de estas fiestas en las m\u00faltiples actuaciones que ha organizado el Ayuntamiento y tambi\u00e9n particulares que han querido colaborar con\u00a0 nosotros para hacer que esta Navidad la m\u00fasica en directo y los j\u00f3venes talentos locales y provinciales sean los protagonistas\u201d, ha explicado Moreno.<\/p>\n<p>As\u00ed, la edil ha pasado a desgranar las diferentes zambombas que se van a desarrollar en el auditorio Crist\u00f3bal Blanca del Moral del parque de Espa\u00f1a, en diferentes fechas y horarios. La primera cita ser\u00e1 este viernes 5, a las 19:30 horas, y correr\u00e1 a cargo de Ana Serrano y amigos. Al d\u00eda siguiente ser\u00e1 el grupo Calle La Noria quien actuar\u00e1 a la misma hora, mientras que el domingo 7 de diciembre, a las 20:00 horas, llegar\u00e1 el turno del grupo Sonakay.<\/p>\n<p>Las zambombas regresar\u00e1n al parque de Espa\u00f1a el d\u00eda 12 con la actuaci\u00f3n de El Caletero y amigos, a las 19:30 horas. A esa misma hora actuar\u00e1 al d\u00eda siguiente Juani Guerrero y familia, mientras que Encarni Navarro ser\u00e1 la protagonista de la zambomba que se celebrar\u00e1 el domingo 14 de diciembre, a las 17:30 horas.<\/p>\n<p>El d\u00eda 19 de diciembre Las Carlotas le cantar\u00e1n a la Navidad en el parque de Espa\u00f1a a partir de las 19:30 horas, mientras que el d\u00eda 22, a partir de las 19:30 horas, ser\u00e1 Alicia Iranzo quien se suba al escenario del parque de Espa\u00f1a.<\/p>\n<p>Adem\u00e1s, de estas ocho zambombas que el Ayuntamiento ha organizado en el parque de Espa\u00f1a, habr\u00e1 otras cuatro actuaciones navide\u00f1as que han sido organizadas por entidades privadas en distintos puntos de la ciudad. De este modo, el d\u00eda 19 de diciembre, a las 20:00 horas, en la plaza Reyes Cat\u00f3licos tendr\u00e1 lugar una zambomba a cargo de \u2018Los Salvajes del Rebalaje\u2019 y Delia Membrive, por cortes\u00eda del Hotel Casa Consistorial y los establecimientos B\u00e1mbola y Don Pedro.<\/p>\n<p>Ese viernes 19 de diciembre,\u00a0 a la misma hora, la calle San Isidro Labrador ser\u00e1 tambi\u00e9n escenario de una zambomba a cargo del Coro de la Hermandad del Roc\u00edo, por cortes\u00eda del restaurante Los Verdiales. Por otra parte, el domingo 21 de diciembre, el establecimiento Lima 12 organiza en la calle Marbella la zambomba \u2018Cantando a la Navidad\u2019 a partir de las 17:30 horas.<\/p>\n<p>Por \u00faltimo, el viernes 26 de diciembre, organizado por la cafeter\u00eda La Plaza, llegar\u00e1 a la plaza de la Constituci\u00f3n la zambomba flamenca de Manuel Yunque y sus 22 amigos, a partir de las 20:00 horas.<\/p>\n","protected":false},"excerpt":{"rendered":"Adem\u00e1s, entidades particulares tambi\u00e9n llevar\u00e1n el sonido de la Navidad a diferentes espacios p\u00fablicos como la plaza de&hellip;\n","protected":false},"author":2,"featured_media":266621,"comment_status":"","ping_status":"","sticky":false,"template":"","format":"standard","meta":{"footnotes":""},"categories":[5],"tags":[17,18,25,24,13,14,11,19,20,9,10,15,16,23,12,21,22],"class_list":{"0":"post-266620","1":"post","2":"type-post","3":"status-publish","4":"format-standard","5":"has-post-thumbnail","7":"category-titulares","8":"tag-breaking-news","9":"tag-breakingnews","10":"tag-es","11":"tag-espana","12":"tag-featured-news","13":"tag-featurednews","14":"tag-headlines","15":"tag-latest-news","16":"tag-latestnews","17":"tag-news","18":"tag-noticias","19":"tag-noticias-destacadas","20":"tag-noticiasdestacadas","21":"tag-spain","22":"tag-titulares","23":"tag-ultimas-noticias","24":"tag-ultimasnoticias"},"share_on_mastodon":{"url":"https:\/\/pubeurope.com\/@es\/115648042297855240","error":""},"_links":{"self":[{"href":"https:\/\/www.europesays.com\/es\/wp-json\/wp\/v2\/posts\/266620","targetHints":{"allow":["GET"]}}],"collection":[{"href":"https:\/\/www.europesays.com\/es\/wp-json\/wp\/v2\/posts"}],"about":[{"href":"https:\/\/www.europesays.com\/es\/wp-json\/wp\/v2\/types\/post"}],"author":[{"embeddable":true,"href":"https:\/\/www.europesays.com\/es\/wp-json\/wp\/v2\/users\/2"}],"replies":[{"embeddable":true,"href":"https:\/\/www.europesays.com\/es\/wp-json\/wp\/v2\/comments?post=266620"}],"version-history":[{"count":0,"href":"https:\/\/www.europesays.com\/es\/wp-json\/wp\/v2\/posts\/266620\/revisions"}],"wp:featuredmedia":[{"embeddable":true,"href":"https:\/\/www.europesays.com\/es\/wp-json\/wp\/v2\/media\/266621"}],"wp:attachment":[{"href":"https:\/\/www.europesays.com\/es\/wp-json\/wp\/v2\/media?parent=266620"}],"wp:term":[{"taxonomy":"category","embeddable":true,"href":"https:\/\/www.europesays.com\/es\/wp-json\/wp\/v2\/categories?post=266620"},{"taxonomy":"post_tag","embeddable":true,"href":"https:\/\/www.europesays.com\/es\/wp-json\/wp\/v2\/tags?post=266620"}],"curies":[{"name":"wp","href":"https:\/\/api.w.org\/{rel}","templated":true}]}}