{"id":266626,"date":"2025-12-02T04:26:10","date_gmt":"2025-12-02T04:26:10","guid":{"rendered":"https:\/\/www.europesays.com\/es\/266626\/"},"modified":"2025-12-02T04:26:10","modified_gmt":"2025-12-02T04:26:10","slug":"sienna-miller-y-ellie-goulding-estan-embarazadas","status":"publish","type":"post","link":"https:\/\/www.europesays.com\/es\/266626\/","title":{"rendered":"Sienna Miller y Ellie Goulding est\u00e1n embarazadas"},"content":{"rendered":"<p id=\"eQc9Me_FH5\" data-wc=\"108\">Diciembre ha comenzado con una de las citas m\u00e1s esperadas de la temporada: \u00a0<a class=\"hm-link ho-link\" href=\"https:\/\/www.hola.com\/moda\/20251201870539\/fashion-awards-2025-looks-alfombra-roja-londres\/\" data-mrf-recirculation=\"article-body-link\" rel=\"nofollow noopener\" target=\"_blank\">los Fashion Awards<\/a>, que desde 1989 reconocen la creatividad, innovaci\u00f3n y contribuciones significativas de dise\u00f1adores, marcas, modelos y otros profesionales del sector. \u00a0El Royal Albert Hall de Londres es el tel\u00f3n de fondo de esta velada en la que Colman Domingo, actor de Wicked,\u00a0es el maestro de ceremonias. Pero el momento m\u00e1s destacado de los Oscar de la moda ha tenido lugar antes de la gala, cuando<strong> Sienna Miller (43) y Ellie Goulding (38) han acaparado todas las miradas en la alfombra azul gracias a un posado que escond\u00eda la mejor noticia: est\u00e1n embarazadas.<\/strong><\/p>\n<p> <img src=\"https:\/\/www.europesays.com\/es\/wp-content\/uploads\/2025\/12\/f7020e5b0754-gettyimages-2249408465.jpg\"   width=\"681\" height=\"1024\" loading=\"lazy\" decoding=\"async\" alt=\"Sienna Miller en los Fashion Awards 2025\" fetchpriority=\"auto\" class=\"image ho-image\"\/>\u00a9 Getty ImagesSienna Miller en los Fashion Awards 2025<\/p>\n<p id=\"eVeqjhEL1YG\" data-wc=\"78\">La sorpresa ha sido may\u00fascula cuando Sienna Miller ha llegado a la velada presumiendo de curvas premam\u00e1 bajo su vestido blanco de inspiraci\u00f3n nupcial, con escote arquitect\u00f3nico y corte imperio que creaba gran volumen. Ha mantenido en completo secreto la noticia y ni siquiera levantaron sospechas unas fotos suyas hace poco m\u00e1s de una semana por las calles de Notting Hill, donde fue captada <a class=\"hm-link ho-link\" href=\"https:\/\/www.hola.com\/fashion\/20251122868970\/sienna-miller-chaqueta-multicolor-firma-espanola\/\" data-mrf-recirculation=\"article-body-link\" rel=\"nofollow noopener\" target=\"_blank\">creando tendencia con una chaqueta multicolor de la firma espa\u00f1ola Desigual y pantalones blancos.<\/a><\/p>\n<p> <strong class=\"fr-embedded\" data-end=\"2276\" data-start=\"2241\"><img src=\"https:\/\/www.europesays.com\/es\/wp-content\/uploads\/2025\/12\/a53b1c413350-gettyimages-2248845126.jpg\"   width=\"682\" height=\"1024\" loading=\"lazy\" decoding=\"async\" alt=\"Oli Green y Sienna Miller en los Fashion Awards 2025\" fetchpriority=\"auto\" class=\"image ho-image\"\/>\u00a9 Getty ImagesOli Green tambi\u00e9n se ha sumado a los Oscar de la moda junto a su pareja<\/strong><\/p>\n<p id=\"e1tTs5kArA\" data-wc=\"91\">La protagonista de The Girl y American Woman ha posado en la gran noche de la moda con Oli Green, con el que la felicidad se multiplica ante la pr\u00f3xima llegada de su segundo hijo en com\u00fan. En enero de 2024 tuvieron una ni\u00f1a y ella adem\u00e1s aporta a la familia <a class=\"hm-link ho-link\" href=\"https:\/\/www.hola.com\/actualidad\/20250405824148\/sienna-miller-hija-marlowe-guapisima-estilo\/\" data-mrf-recirculation=\"article-body-link\" rel=\"nofollow noopener\" target=\"_blank\">una hija llamada Marlowe que apunta maneras en la moda<\/a> con solo 12 a\u00f1os. Su primog\u00e9nita naci\u00f3 durante su historia de amor con el actor y director brit\u00e1nico <strong>Tom Sturridge, quien ahora comprte su vida con la dise\u00f1adora Alexa Chung.<\/strong><\/p>\n<p>El noviazgo a toda velocidad de Ellie Goulding<\/p>\n<p id=\"eWLGkh6G5KB\" data-wc=\"105\">La int\u00e9rprete de temas como Love Me Like You Do, Lights, On my mind o I need your love no ha querido disimular su embarazo y dar pie a especulaciones. As\u00ed, ha llegado al emblem\u00e1tico teatro con un total look black que disipa cualquier duda: bermudas, maxiabrigo y top negro que deja al aire la incipiente barriguita. <strong>La sonrisa de Ellie Goulding al posar ante las c\u00e1maras refleja la felicidad que siente ahora que va a formar una familia al lado de Beau Minniear, actor estadounidense que es diez a\u00f1os menor que ella y al que se cree que conoci\u00f3 a principios de este 2025.<\/strong><\/p>\n<p> <img src=\"https:\/\/www.europesays.com\/es\/wp-content\/uploads\/2025\/12\/49feabe8f7cf-gettyimages-2249404731.jpg\"   width=\"668\" height=\"1024\" loading=\"lazy\" decoding=\"async\" alt=\"Ellie Goulding en los Fashion Awards 2025\" fetchpriority=\"auto\" class=\"image ho-image\"\/>\u00a9 Getty ImagesEllie Goulding a su llegada a la noche de premios<\/p>\n<p id=\"e_OVoGz_cE\" data-wc=\"110\">Fue este verano cuando se conoci\u00f3 la relaci\u00f3n de la pareja, que <strong>fue captada en julio en las gradas del estadio de Wembley durante una competici\u00f3n de boxe<\/strong>o. \u00a0\u201cA Ellie le gusta Beau y tienen muchos intereses en com\u00fan, como el ejercicio y el arte. \u00a0Se han estado divirtiendo juntos y ciertamente forman una pareja atractiva\u00bb, dijo una fuente en The Sun. A ra\u00edz de entonces, han compartido algunas publicaciones juntos en redes sociales y la artista ha elegido a su pareja como protagonista del videoclip de Destiny, un lanzamiento que sus fans esperaban desde hac\u00eda tiempo. Sin embargo, no hab\u00edan dado pistas del importante paso que van a dar.<\/p>\n<p> <img src=\"https:\/\/www.europesays.com\/es\/wp-content\/uploads\/2025\/12\/d5626b632958-gettyimages-2249404809.jpg\"   width=\"682\" height=\"1024\" loading=\"lazy\" decoding=\"async\" alt=\"Ellie Goulding en los Fashion Awards 2025\" fetchpriority=\"auto\" class=\"image ho-image\"\/>\u00a9 Getty ImagesLa cantante ha sorprendido con su embarazo en el Royal Albert Hall<\/p>\n<p id=\"ebDfXifUtd\" data-wc=\"104\">\u00b7\u00bbGrabar esto fue como una catarsis, me hizo sentir mucho mejor, como si el premio hubiera sido yo todo el tiempo. En lugar de poner todo mi ser en estos hombres, esta canci\u00f3n fue mi primera sensaci\u00f3n de escape y empoderamiento. Cuando escuch\u00e9 la canci\u00f3n, me enamor\u00e9. La idea de a\u00f1adir el coro y las cuerdas al final era que se convirtiera en un momento triunfal de libertad, como saltar de un acantilado<strong>. Para m\u00ed, suena a rendici\u00f3n. Suena a dejar que suceda. Por eso se llama Destino; suena a que lo que ser\u00e1, ser\u00e1 y a aceptarlo<\/strong>\u00ab, dijo sobre su nueva propuesta musical.<\/p>\n<p> <img src=\"https:\/\/www.europesays.com\/es\/wp-content\/uploads\/2025\/12\/e6128a811b40-gettyimages-2249393249.jpg\"   width=\"682\" height=\"1024\" loading=\"lazy\" decoding=\"async\" alt=\"Ellie Goulding en los Fashion Awards 2025\" fetchpriority=\"auto\" class=\"image ho-image\"\/>\u00a9 Getty ImagesLa presencia de Ellie ha sido muy comentada porque hace escasos meses confirm\u00f3 su relaci\u00f3n<\/p>\n<p id=\"eKYg_fNhYz\" data-wc=\"128\">El beb\u00e9 que esperan es el segundo para la cantante, que tiene un ni\u00f1o de cuatro a\u00f1os llamado Arthur. El peque\u00f1o naci\u00f3 durante su matrimonio con el comerciante de arte Caspar Jopling, con el que se cas\u00f3 en 2019 en la que fue una de las bodas del a\u00f1o en Reino Unido. No en vano, contaron con<a class=\"hm-link ho-link\" href=\"https:\/\/www.hola.com\/actualidad\/20190831148433\/ellie-goulding-boda-casper-jopling\/\" data-mrf-recirculation=\"article-body-link\" rel=\"nofollow noopener\" target=\"_blank\">\u00a0invitados conocidos internacionalmente como Katy Perry, Orlando Bloom, James Blunt, Sarah Ferguson y\u00a0<\/a>las princesas Beatriz y Eugenia de York. Esta \u00faltima, de hecho, fue la Celestina al presentar a la ya expareja durante una cena en Nueva York. La amistad entre ellas surgi\u00f3 cuando el pr\u00edncipe Guillermo pidi\u00f3 a la artista que actuara en su boda con Kate Middleton, donde interpret\u00f3 una versi\u00f3n de Your song, tema de Elton John.<\/p>\n<p> <img src=\"https:\/\/www.europesays.com\/es\/wp-content\/uploads\/2025\/12\/e111d23894cd-gettyimages-2249393331.jpg\"   width=\"682\" height=\"1024\" loading=\"lazy\" decoding=\"async\" alt=\"Ellie Goulding a su llegada a los Fashion Awards 2025\" fetchpriority=\"auto\" class=\"image ho-image\"\/>\u00a9 Getty ImagesCon su look, la artista dejaba claro que no quiere esconder su embarazo<\/p>\n<p id=\"eLf5vB9S-9\" data-wc=\"80\">La separaci\u00f3n de Ellie y Caspar se conoci\u00f3 a principios de 2024, aunque apuntan a que entonces llevaban ya seis meses separados. Tras su ruptura<strong>, ella tuvo un breve romance con Armando P\u00e9rez, instructor de surf al que conoci\u00f3 a finales de 2023 en Costa Rica<\/strong> durante una escapada que hizo con amigos cuando nadie sab\u00eda todav\u00eda que su matrimonio hab\u00eda acabado. A\u00f1os antes de su boda estuvo saliendo con Ed Sheeran y fue relacionada tambi\u00e9n con el pr\u00edncipe Harry.<\/p>\n","protected":false},"excerpt":{"rendered":"Diciembre ha comenzado con una de las citas m\u00e1s esperadas de la temporada: \u00a0los Fashion Awards, que desde&hellip;\n","protected":false},"author":2,"featured_media":266627,"comment_status":"","ping_status":"","sticky":false,"template":"","format":"standard","meta":{"footnotes":""},"categories":[174],"tags":[517,255,65933,146,147,25,24,256,65932,23],"class_list":{"0":"post-266626","1":"post","2":"type-post","3":"status-publish","4":"format-standard","5":"has-post-thumbnail","7":"category-famosos","8":"tag-actualidad","9":"tag-celebrities","10":"tag-ellie-goulding","11":"tag-entertainment","12":"tag-entretenimiento","13":"tag-es","14":"tag-espana","15":"tag-famosos","16":"tag-sienna-miller","17":"tag-spain"},"share_on_mastodon":{"url":"https:\/\/pubeurope.com\/@es\/115648081924770014","error":""},"_links":{"self":[{"href":"https:\/\/www.europesays.com\/es\/wp-json\/wp\/v2\/posts\/266626","targetHints":{"allow":["GET"]}}],"collection":[{"href":"https:\/\/www.europesays.com\/es\/wp-json\/wp\/v2\/posts"}],"about":[{"href":"https:\/\/www.europesays.com\/es\/wp-json\/wp\/v2\/types\/post"}],"author":[{"embeddable":true,"href":"https:\/\/www.europesays.com\/es\/wp-json\/wp\/v2\/users\/2"}],"replies":[{"embeddable":true,"href":"https:\/\/www.europesays.com\/es\/wp-json\/wp\/v2\/comments?post=266626"}],"version-history":[{"count":0,"href":"https:\/\/www.europesays.com\/es\/wp-json\/wp\/v2\/posts\/266626\/revisions"}],"wp:featuredmedia":[{"embeddable":true,"href":"https:\/\/www.europesays.com\/es\/wp-json\/wp\/v2\/media\/266627"}],"wp:attachment":[{"href":"https:\/\/www.europesays.com\/es\/wp-json\/wp\/v2\/media?parent=266626"}],"wp:term":[{"taxonomy":"category","embeddable":true,"href":"https:\/\/www.europesays.com\/es\/wp-json\/wp\/v2\/categories?post=266626"},{"taxonomy":"post_tag","embeddable":true,"href":"https:\/\/www.europesays.com\/es\/wp-json\/wp\/v2\/tags?post=266626"}],"curies":[{"name":"wp","href":"https:\/\/api.w.org\/{rel}","templated":true}]}}