{"id":266628,"date":"2025-12-02T04:29:19","date_gmt":"2025-12-02T04:29:19","guid":{"rendered":"https:\/\/www.europesays.com\/es\/266628\/"},"modified":"2025-12-02T04:29:19","modified_gmt":"2025-12-02T04:29:19","slug":"pedro-sanchez-sera-entrevistado-este-martes-en-tve-por-gemma-nierga","status":"publish","type":"post","link":"https:\/\/www.europesays.com\/es\/266628\/","title":{"rendered":"Pedro S\u00e1nchez ser\u00e1 entrevistado este martes en TVE por Gemma Nierga"},"content":{"rendered":"<p>La periodista Gemma Nierga <a href=\"https:\/\/theobjective.com\/etiqueta\/entrevistas\/\" rel=\"nofollow noopener\" target=\"_blank\">entrevista<\/a> este martes, 2 de diciembre, al presidente del <a href=\"https:\/\/theobjective.com\/etiqueta\/gobierno\/\" rel=\"nofollow noopener\" target=\"_blank\">Gobierno<\/a>, <a href=\"https:\/\/theobjective.com\/espana\/politica\/2025-12-01\/tellado-protestas-sanchez-combatir-ganar\/\" rel=\"nofollow noopener\" target=\"_blank\">Pedro S\u00e1nchez,<\/a> en el programa de actualidad matinal \u2018Caf\u00e8 d\u2019idees\u2019, que se emite en simult\u00e1neo por \u2018La 2Cat\u2019 y \u2018R\u00e0dio 4\u2019. En esta ocasi\u00f3n, la entrevista se podr\u00e1 ver adem\u00e1s en<strong> \u2018La 1\u2019 y el \u2018Canal 24 horas\u2019 a nivel nacional a partir de las 9.00 horas.<\/strong><\/p>\n<p>Seg\u00fan ha avanzado <a href=\"https:\/\/theobjective.com\/medios\/2025-10-14\/tve-sueldo-sarah-santaolalla-colaboraciones\/\" rel=\"nofollow noopener\" target=\"_blank\">RTVE<\/a>, Gemma Nierga preguntar\u00e1 al jefe del Ejecutivo sobre \u00ablos principales asuntos de <strong>inter\u00e9s que centran la actualidad catalana y del resto de Espa\u00f1a\u00bb<\/strong> desde el Palacio de la Moncloa.<\/p>\n<p><strong>Premiado con el Ondas 2025 al mejor programa de radio de proximidad,<\/strong> \u2018Caf\u00e8 d\u2019idees\u2019 se emite de lunes a viernes a las 07.50 horas simult\u00e1neamente por \u2018R\u00e0dio 4\u2019, \u2018La 2Cat\u2019 y \u2018Canal 24 horas\u2019 en Catalunya. En esta sexta temporada, contin\u00faa apostando por una entrevista central a personalidades destacadas de la actualidad pol\u00edtica y social, adem\u00e1s de debates y diversas secciones con colaboradores.<\/p>\n","protected":false},"excerpt":{"rendered":"La periodista Gemma Nierga entrevista este martes, 2 de diciembre, al presidente del Gobierno, Pedro S\u00e1nchez, en el&hellip;\n","protected":false},"author":2,"featured_media":266629,"comment_status":"","ping_status":"","sticky":false,"template":"","format":"standard","meta":{"footnotes":""},"categories":[171],"tags":[146,147,25,24,26257,5965,38018,5966,518,23,214],"class_list":{"0":"post-266628","1":"post","2":"type-post","3":"status-publish","4":"format-standard","5":"has-post-thumbnail","7":"category-tv","8":"tag-entertainment","9":"tag-entretenimiento","10":"tag-es","11":"tag-espana","12":"tag-espau00f1a","13":"tag-gobierno-de-espau00f1a","14":"tag-la-moncloa","15":"tag-pedro-su00e1nchez","16":"tag-rtve","17":"tag-spain","18":"tag-tv"},"share_on_mastodon":{"url":"https:\/\/pubeurope.com\/@es\/115648093452104468","error":""},"_links":{"self":[{"href":"https:\/\/www.europesays.com\/es\/wp-json\/wp\/v2\/posts\/266628","targetHints":{"allow":["GET"]}}],"collection":[{"href":"https:\/\/www.europesays.com\/es\/wp-json\/wp\/v2\/posts"}],"about":[{"href":"https:\/\/www.europesays.com\/es\/wp-json\/wp\/v2\/types\/post"}],"author":[{"embeddable":true,"href":"https:\/\/www.europesays.com\/es\/wp-json\/wp\/v2\/users\/2"}],"replies":[{"embeddable":true,"href":"https:\/\/www.europesays.com\/es\/wp-json\/wp\/v2\/comments?post=266628"}],"version-history":[{"count":0,"href":"https:\/\/www.europesays.com\/es\/wp-json\/wp\/v2\/posts\/266628\/revisions"}],"wp:featuredmedia":[{"embeddable":true,"href":"https:\/\/www.europesays.com\/es\/wp-json\/wp\/v2\/media\/266629"}],"wp:attachment":[{"href":"https:\/\/www.europesays.com\/es\/wp-json\/wp\/v2\/media?parent=266628"}],"wp:term":[{"taxonomy":"category","embeddable":true,"href":"https:\/\/www.europesays.com\/es\/wp-json\/wp\/v2\/categories?post=266628"},{"taxonomy":"post_tag","embeddable":true,"href":"https:\/\/www.europesays.com\/es\/wp-json\/wp\/v2\/tags?post=266628"}],"curies":[{"name":"wp","href":"https:\/\/api.w.org\/{rel}","templated":true}]}}