{"id":266632,"date":"2025-12-02T04:32:08","date_gmt":"2025-12-02T04:32:08","guid":{"rendered":"https:\/\/www.europesays.com\/es\/266632\/"},"modified":"2025-12-02T04:32:08","modified_gmt":"2025-12-02T04:32:08","slug":"atletico-de-madrid-horario-canal-de-television-y-donde-ver-en-television-y-online-el-partido-de-la-liga-hoy","status":"publish","type":"post","link":"https:\/\/www.europesays.com\/es\/266632\/","title":{"rendered":"Atl\u00e9tico de Madrid: horario, canal de televisi\u00f3n y d\u00f3nde ver en televisi\u00f3n y online el partido de la Liga hoy"},"content":{"rendered":"<p style=\"\">El desenfrenado calendario dicta que uno de los partidos tradicionalmente m\u00e1s espectacular y alegre de la temporada se juegue un martes de diciembre. Barcelona y Atl\u00e9tico se han visto obligados a adelantar el encuentro correspondiente a la jornada 19\u00aa de Liga debido al compromiso con  &#8230; la Supercopa que ambos equipos tiene en esas fechas, enero de 2026, en Arabia Saud\u00ed.<\/p>\n<p class=\"voc-p\" style=\"\">El duelo liguero llega adem\u00e1s en un momento de <a href=\"https:\/\/www.abc.es\/deportes\/futbol\/liga-primera\/clasificacion-resultados-sd.html\" target=\"_self\" data-voc-vtm-id=\"in-text-traffic\" title=\"m\u00e1xima igualdad en la zona alta de la clasificaci\u00f3n\" data-mrf-link=\"www.abc.es\" rel=\"nofollow noopener\">m\u00e1xima igualdad en la zona alta de la clasificaci\u00f3n<\/a>. El Bar\u00e7a es l\u00edder con 34 puntos, solo tres m\u00e1s que el Atl\u00e9tico, cuarto en la tabla por detr\u00e1s de Real Madrid (33) y Villarreal (32).<\/p>\n<p class=\"voc-p\" style=\"\">Las sensaciones deportivas son mejores en el conjunto madrile\u00f1o \u2014siete victorias consecutivas y un \u00fanico gol encajado en los \u00faltimos seis partidos\u2014, pero los azulgranas, un tanto err\u00e1ticos y dubitativos en cuanto al juego, no solo acaban de arrebatarle el primer puesto al Madrid sino que han recuperado a la mayor\u00eda de los jugadores importantes que llevaban tiempo lesionados.<\/p>\n<p class=\"voc-p\" style=\"\">Flick y Simeone disponen de sendas excelentes y numerosas plantillas para preparar un choque que vuelve, despu\u00e9s de casi tres a\u00f1os, a un Camp Nou a medio aforo.<\/p>\n<p>\nHorario del Barcelona &#8211; Atl\u00e9tico de Madrid hoy\n<\/p>\n<p class=\"voc-p\" style=\"\">El atractivo Barcelona &#8211; Atl\u00e9tico de Madrid, encuentro que se disputa este martes en el Camp Nou, adelantado a la jornada 19 de la Liga, est\u00e1 programado para las 21.00 horas. <\/p>\n<p>\nD\u00f3nde ver el Barcelona &#8211; Atl\u00e9tico de Madrid en televisi\u00f3n y online\n<\/p>\n<p class=\"voc-p\" style=\"\">El encuentro de Liga entre el Barcelona y el Atl\u00e9tico podr\u00e1 verse en directo por televisi\u00f3n a trav\u00e9s de la <strong>retransmisi\u00f3n del canal Movistar Plus (dial 54)<\/strong>. Los aficionados tambi\u00e9n podr\u00e1n seguir el minuto a minuto del encuentro de la jornada 19 de Liga a trav\u00e9s de la web de ABC.es, donde los lectores podr\u00e1n encontrar al t\u00e9rmino del encuentro la mejor cr\u00f3nica.<\/p>\n","protected":false},"excerpt":{"rendered":"El desenfrenado calendario dicta que uno de los partidos tradicionalmente m\u00e1s espectacular y alegre de la temporada se&hellip;\n","protected":false},"author":2,"featured_media":266633,"comment_status":"","ping_status":"","sticky":false,"template":"","format":"standard","meta":{"footnotes":""},"categories":[93],"tags":[1517,210,4632,168,25,24,319,315,1044,205,133,1045,23,167,807,809],"class_list":{"0":"post-266632","1":"post","2":"type-post","3":"status-publish","4":"format-standard","5":"has-post-thumbnail","7":"category-deportes","8":"tag-atletico","9":"tag-barcelona","10":"tag-canal","11":"tag-deportes","12":"tag-es","13":"tag-espana","14":"tag-horario","15":"tag-hoy","16":"tag-liga","17":"tag-madrid","18":"tag-online","19":"tag-partido","20":"tag-spain","21":"tag-sports","22":"tag-television","23":"tag-ver"},"share_on_mastodon":{"url":"https:\/\/pubeurope.com\/@es\/115648105639725998","error":""},"_links":{"self":[{"href":"https:\/\/www.europesays.com\/es\/wp-json\/wp\/v2\/posts\/266632","targetHints":{"allow":["GET"]}}],"collection":[{"href":"https:\/\/www.europesays.com\/es\/wp-json\/wp\/v2\/posts"}],"about":[{"href":"https:\/\/www.europesays.com\/es\/wp-json\/wp\/v2\/types\/post"}],"author":[{"embeddable":true,"href":"https:\/\/www.europesays.com\/es\/wp-json\/wp\/v2\/users\/2"}],"replies":[{"embeddable":true,"href":"https:\/\/www.europesays.com\/es\/wp-json\/wp\/v2\/comments?post=266632"}],"version-history":[{"count":0,"href":"https:\/\/www.europesays.com\/es\/wp-json\/wp\/v2\/posts\/266632\/revisions"}],"wp:featuredmedia":[{"embeddable":true,"href":"https:\/\/www.europesays.com\/es\/wp-json\/wp\/v2\/media\/266633"}],"wp:attachment":[{"href":"https:\/\/www.europesays.com\/es\/wp-json\/wp\/v2\/media?parent=266632"}],"wp:term":[{"taxonomy":"category","embeddable":true,"href":"https:\/\/www.europesays.com\/es\/wp-json\/wp\/v2\/categories?post=266632"},{"taxonomy":"post_tag","embeddable":true,"href":"https:\/\/www.europesays.com\/es\/wp-json\/wp\/v2\/tags?post=266632"}],"curies":[{"name":"wp","href":"https:\/\/api.w.org\/{rel}","templated":true}]}}