{"id":266634,"date":"2025-12-02T04:33:07","date_gmt":"2025-12-02T04:33:07","guid":{"rendered":"https:\/\/www.europesays.com\/es\/266634\/"},"modified":"2025-12-02T04:33:07","modified_gmt":"2025-12-02T04:33:07","slug":"solo-6-558-gallegos-de-los-33-000-citados-acudieron-a-vacunarse-frente-a-la-gripe-el-fin-de-semana","status":"publish","type":"post","link":"https:\/\/www.europesays.com\/es\/266634\/","title":{"rendered":"Solo 6.558 gallegos de los 33.000 citados acudieron a vacunarse frente a la gripe el fin de semana"},"content":{"rendered":"<p>\t\t\t \t\t \t\t\t\t\t\t\tVacunaci\u00f3n extraordinaria el pasado fin de semana en el Chuac, en A Coru\u00f1a. <strong class=\"pd-l\">EDUARDO PEREZ  <\/strong><\/p>\n<p>\t\t\t\t\t\tSanidade cree que el plan nacional com\u00fan frente al virus, que las comunidades votar\u00e1n el mi\u00e9rcoles, llega tarde<br \/>\n\t\t\t\t\t\t\t\t\t\t\t\t<strong>01 dic 2025<\/strong> . Actualizado a las 20:50 h.\t\t\t\t\t\t<\/p>\n<p class=\"first-paragraph txt\">Los hospitales p\u00fablicos gallegos acogieron este fin de semana <strong>una campa\u00f1a extraordinaria de vacunaci\u00f3n contra la gripe<\/strong> dirigida a la <strong>poblaci\u00f3n de 60 a 69 a\u00f1os<\/strong> que todav\u00eda no hab\u00eda sido convocada en sus centros de salud. Unas <strong>33.000 personas<\/strong> fueron citadas mediante SMS para recibir el pinchazo el s\u00e1bado y el domingo. Acudieron un total de <strong>6.558<\/strong>, elevando al 56,8 % la cobertura por encima de los 60 a\u00f1os.<\/p>\n<p class=\"txt\">\u00bfPor qu\u00e9 Sanidade habilit\u00f3 espacios en los hospitales para el pinchazo? \u00bfPor qu\u00e9 llam\u00f3 solo a los gallegos de 60 a 69? \u00bfPor qu\u00e9 \u00fanicamente emplaz\u00f3 a acudir a 33.000? Porque <strong><a class=\"link-txt\" href=\"https:\/\/www.lavozdegalicia.es\/noticia\/sociedad\/2025\/11\/18\/sanidade-calcula-ano-gripe-alcanzara-pico-plenas-navidades\/0003_202511G18P31992.htm\" rel=\"nofollow noopener\" target=\"_blank\">la gripe ha llegado este a\u00f1o inusualmente pronto<\/a><\/strong>\u00a0y, con siete de cada diez mayores de 70 a\u00f1os ya vacunados, <a class=\"link-txt\" href=\"https:\/\/www.lavozdegalicia.es\/noticia\/sociedad\/2025\/11\/26\/sergas-apura-vacunacion-gripe-gallegos-60-69-anos-llegar-75-\/0003_202511G26P33994.htm\" rel=\"nofollow noopener\" target=\"_blank\">la Xunta pis\u00f3 el acelerador de la protecci\u00f3n del grupo de riesgo que hab\u00eda empezado a convocar el pasado 10 de noviembre, los de 60 a 69 a\u00f1os<\/a>. Para que lo peor de la gripe no cogiese a estos gallegos sin inmunizar, convoc\u00f3 de golpe a los 33.000 que todav\u00eda no hab\u00edan sido citados. Paralelamente, sigui\u00f3 \u2014y sigue\u2014 inmunizando a los que ya ten\u00edan vez asignada en los centros de salud.<\/p>\n<p class=\"txt\">La campa\u00f1a, que comenz\u00f3 en septiembre y se alargar\u00e1 como m\u00ednimo hasta el 31 de diciembre, ha alcanzado ya a<strong> m\u00e1s de 700.337 personas<\/strong>. Por centros hospitalarios, el operativo extraordinario de este fin de semana administr\u00f3 1.556 dosis en el \u00c1lvaro Cunqueiro de Vigo, 924 en el Cl\u00ednico de Santiago, 802 en el HULA, 723 en el CHUO, 633 en el Provincial de Pontevedra, 552 en el Marcide de Ferrol, 367 en el Hospital de Barbanza, 200 en el de Ver\u00edn, 170 en el de Valdeorras, 168 en el de A Mari\u00f1a, 140 en el Chuac, 135 en el Hospital do Saln\u00e9s, 108 en el de Monforte y 80 en el de Cee.<\/p>\n<p class=\"txt\">Aunque <strong>la intensidad de la circulaci\u00f3n del virus se considera todav\u00eda baja, la tendencia es creciente<\/strong>. Seg\u00fan el \u00faltimo informe de la Direcci\u00f3n Xeral de Sa\u00fade P\u00fablica, correspondiente a la semana del 17 al 23 de noviembre, <strong>la tasa de consultas aument\u00f3 en siete d\u00edas un 40,3 %<\/strong>, situ\u00e1ndose en 72 por cada cien mil habitantes. El incremento se observ\u00f3 en todas las \u00e1reas sanitarias y en todos los grupos de edad. En cuanto a los ingresos, esa semana se registraron 223. <strong>En lo que va de temporada se han notificado 1.056 hospitalizaciones con gripe confirmada<\/strong>, la mayor\u00eda del tipo A.<\/p>\n<p class=\"ladillo\">Protocolo com\u00fan<\/p>\n<p class=\"txt\">El Ministerio de Sanidad se reuni\u00f3 el pasado viernes con los consejeros de salud auton\u00f3micos para instarles a respaldar <a class=\"link-txt\" href=\"https:\/\/www.lavozdegalicia.es\/noticia\/sociedad\/2025\/11\/28\/plan-nacional-contra-gripe-recuperara-uso-obligatorio-mascarilla-hospitales-situacion-maximo-riesgo\/00031764342876104913606.htm\" rel=\"nofollow noopener\" target=\"_blank\">un plan com\u00fan contra la gripe que, entre otras cosas, recupera el uso obligatorio de la mascarilla en centros sanitarios si la situaci\u00f3n es de riesgo<\/a>. Las comunidades se posicionar\u00e1n al respecto el mi\u00e9rcoles, en la Comisi\u00f3n de Salud P\u00fablica. <a class=\"link-txt\" href=\"https:\/\/www.lavozdegalicia.es\/noticia\/sociedad\/2025\/11\/16\/xunta-activa-alerta-ante-inicio-onda-epidemica-gripe\/00031763302152173923181.htm\" rel=\"nofollow noopener\" target=\"_blank\"><strong>En Galicia, Sanidade activ\u00f3 a mediados de noviembre su particular protocolo para anticiparse<\/strong> y responder con los recursos necesarios a los picos de demanda; en \u00e9l ya recomendaba el cubrebocas en hospitales y centros de salud<\/a>, incluso aunque no hubiese s\u00edntomas. \u00abO feito de <strong>que o Ministerio de Sanidade pretenda aprobar no mes de decembro <a class=\"link-txt\" href=\"https:\/\/www.lavozdegalicia.es\/noticia\/sociedad\/2025\/11\/27\/comunidades-arman-contra-gripe-sanidad-insiste-alcanzar-plan-comun\/00031764257595967319125.htm\" rel=\"nofollow noopener\" target=\"_blank\">un documento de medidas com\u00fans<\/a> cando xa comezou a onda de gripe chega, cando menos, tarde<\/strong> \u2014opina el Ejecutivo gallego\u2014. Non obstante, estamos a avaliar e valorar as propostas para poder actuar en consecuencia\u00bb.<\/p>\n<p class=\"txt\">\n<p>\t\t\t\t\t\t\t\t\t\t\t\t&#13;<br \/>\n\t\t\t\t\t\t\t\t&#13;<br \/>\n&#13;<br \/>\n&#13;<\/p>\n<p>\t\t\t&#13;<br \/>\n\t&#13;<\/p>\n<p>\t\t\t<a href=\"https:\/\/www.lavozdegalicia.es\/noticia\/sociedad\/2025\/11\/26\/medicos-familia-advierten-comportamientoatipico-gripe\/00031764160156269133985.htm\" data-analytics=\"link-embed\" rel=\"nofollow noopener\" target=\"_blank\">Los m\u00e9dicos de familia advierten de un comportamiento\u00a0\u00abat\u00edpico\u00bb de la gripe<\/a><\/p>\n<p class=\"a-min-author\">Europa Press<\/p>\n<p>\t&#13;<br \/>\n\t&#13;<br \/>\n&#13;<\/p>\n<p><strong>\u00abEste a\u00f1o est\u00e1 siendo intensa, con dolor muscular, diarrea y v\u00f3mitos\u00bb<\/strong><\/p>\n<p class=\"txt\">Desde la primera l\u00ednea, los profesionales de Atenci\u00f3n Primaria respaldan lo que exponen los informes con un relato en el que las cifras se vuelven de carne y hueso. \u00abDesde hace dos semanas estamos notando <strong>un incremento muy importante, llamativo, de toda la patolog\u00eda respiratoria<\/strong>, sobre todo de la <strong>gripe<\/strong>, que este a\u00f1o se est\u00e1 manifestando de una forma <strong>particularmente agresiva<\/strong> \u2014refiere Lorenzo Armenteros, m\u00e9dico de familia en Lugo\u2014. <strong>Casi todo lo que estamos viendo es, adem\u00e1s, gripe A<\/strong>. Y sabemos que lo es porque cursa con unas peque\u00f1as diferencias con la gripe estacional o la gripe B. La gripe A es <strong>m\u00e1s intensa, con dolor muscular, mucho cansancio y tos seca no productiva<\/strong>, y tiene un<strong> inicio bastante brusco<\/strong>. Incluye adem\u00e1s manifestaciones digestivas de <strong>v\u00f3mitos y diarrea<\/strong>, que tambi\u00e9n est\u00e1n siendo frecuentes\u00bb.<\/p>\n<p class=\"txt\">El especialista, portavoz de la Sociedad Espa\u00f1ola de M\u00e9dicos Generales y de Familia (SEMG), concreta que <strong>la mayor\u00eda de casos que est\u00e1n viendo son en menores de 60 a\u00f1os y todos, subraya, de gente que est\u00e1 sin vacunar<\/strong>. \u00abNo estamos viendo gripe en vacunados, es pr\u00e1cticamente inexistente\u00bb, asevera. Por esta misma raz\u00f3n, y a pesar de que la informaci\u00f3n difundida por Sanidade recoge que son los m\u00e1s peque\u00f1os los que m\u00e1s est\u00e1n acudiendo al m\u00e9dico, <strong>en su consulta apenas est\u00e1n atendiendo a ni\u00f1os<\/strong>. \u00abHay muchos ya inmunizados con la vacuna intranasal. Y esto contribuye a contener la dispersi\u00f3n, porque los ni\u00f1os son vectores, su per\u00edodo de incubaci\u00f3n es m\u00e1s largo y contagian mucho m\u00e1s\u00bb.<\/p>\n<p>&#13;<br \/>\n\tArchivado en:&#13;<br \/>\n\t\t\t\t\t<a href=\"https:\/\/www.lavozdegalicia.es\/temas\/vacunacion\/\" target=\"_blank\" class=\"mg-l\" rel=\"nofollow noopener\">Vacunaci\u00f3n<\/a>&#13;<br \/>\n\t\t\t\t\t<a href=\"https:\/\/www.lavozdegalicia.es\/temas\/gripe\/\" target=\"_blank\" class=\"mg-l\" rel=\"nofollow noopener\">Gripe<\/a>&#13;<br \/>\n\t&#13;<\/p>\n","protected":false},"excerpt":{"rendered":"Vacunaci\u00f3n extraordinaria el pasado fin de semana en el Chuac, en A Coru\u00f1a. EDUARDO PEREZ Sanidade cree que&hellip;\n","protected":false},"author":2,"featured_media":266635,"comment_status":"","ping_status":"","sticky":false,"template":"","format":"standard","meta":{"footnotes":""},"categories":[92],"tags":[25,24,7749,165,166,23,7589],"class_list":{"0":"post-266634","1":"post","2":"type-post","3":"status-publish","4":"format-standard","5":"has-post-thumbnail","7":"category-salud","8":"tag-es","9":"tag-espana","10":"tag-gripe","11":"tag-health","12":"tag-salud","13":"tag-spain","14":"tag-vacunacion"},"share_on_mastodon":{"url":"https:\/\/pubeurope.com\/@es\/115648109280767679","error":""},"_links":{"self":[{"href":"https:\/\/www.europesays.com\/es\/wp-json\/wp\/v2\/posts\/266634","targetHints":{"allow":["GET"]}}],"collection":[{"href":"https:\/\/www.europesays.com\/es\/wp-json\/wp\/v2\/posts"}],"about":[{"href":"https:\/\/www.europesays.com\/es\/wp-json\/wp\/v2\/types\/post"}],"author":[{"embeddable":true,"href":"https:\/\/www.europesays.com\/es\/wp-json\/wp\/v2\/users\/2"}],"replies":[{"embeddable":true,"href":"https:\/\/www.europesays.com\/es\/wp-json\/wp\/v2\/comments?post=266634"}],"version-history":[{"count":0,"href":"https:\/\/www.europesays.com\/es\/wp-json\/wp\/v2\/posts\/266634\/revisions"}],"wp:featuredmedia":[{"embeddable":true,"href":"https:\/\/www.europesays.com\/es\/wp-json\/wp\/v2\/media\/266635"}],"wp:attachment":[{"href":"https:\/\/www.europesays.com\/es\/wp-json\/wp\/v2\/media?parent=266634"}],"wp:term":[{"taxonomy":"category","embeddable":true,"href":"https:\/\/www.europesays.com\/es\/wp-json\/wp\/v2\/categories?post=266634"},{"taxonomy":"post_tag","embeddable":true,"href":"https:\/\/www.europesays.com\/es\/wp-json\/wp\/v2\/tags?post=266634"}],"curies":[{"name":"wp","href":"https:\/\/api.w.org\/{rel}","templated":true}]}}