{"id":266640,"date":"2025-12-02T04:36:12","date_gmt":"2025-12-02T04:36:12","guid":{"rendered":"https:\/\/www.europesays.com\/es\/266640\/"},"modified":"2025-12-02T04:36:12","modified_gmt":"2025-12-02T04:36:12","slug":"inditex-llega-a-la-campana-de-navidad-acelerando-ventas-pero-castigada-por-la-fortaleza-del-euro-empresas","status":"publish","type":"post","link":"https:\/\/www.europesays.com\/es\/266640\/","title":{"rendered":"Inditex llega a la campa\u00f1a de Navidad acelerando ventas, pero castigada por la fortaleza del euro | Empresas"},"content":{"rendered":"<p class=\"\">Inditex registrar\u00e1 un mejor ritmo de crecimiento de sus ventas al cierre del tercer trimestre, despu\u00e9s de una primera mitad de a\u00f1o que ha estado marcada por unos <a href=\"https:\/\/cincodias.elpais.com\/companias\/2025-09-10\/inditex-gana-2791-millones-hasta-julio-un-08-mas-y-confirma-la-ralentizacion-de-las-ventas.html\" target=\"_self\" rel=\"nofollow noopener\" title=\"https:\/\/cincodias.elpais.com\/companias\/2025-09-10\/inditex-gana-2791-millones-hasta-julio-un-08-mas-y-confirma-la-ralentizacion-de-las-ventas.html\">incrementos inusualmente d\u00e9biles para el gigante gallego<\/a>. Una recuperaci\u00f3n que llega en un momento clave del a\u00f1o, con la campa\u00f1a de Navidad a las puertas, que tambi\u00e9n marca el inicio de la recta final de su ejercicio.<\/p>\n<p class=\"\">Seg\u00fan apunta el consenso de Bloomberg y distintas casas de an\u00e1lisis, el grupo textil gallego registrar\u00e1 un alza de sus ingresos cercana al 4% entre agosto y octubre, periodo correspondiente a su tercer trimestre y cuyos resultados presentar\u00e1 este mi\u00e9rcoles. Ese porcentaje tiene en cuenta el impacto de los tipos de cambio, que vienen castigando a la compa\u00f1\u00eda durante el \u00faltimo a\u00f1o: la fortaleza del euro frente a otras divisas le est\u00e1 descontando cerca de tres puntos porcentuales de la cifra de negocios que genera en moneda local. Una t\u00f3nica que ha continuado en el tercer trimestre. El consenso de Bloomberg estima una facturaci\u00f3n de 9.711 millones de euros en el mismo, una mejora que llegar\u00eda 7,7% con el mismo periodo del a\u00f1o anterior en moneda local, pero que quedar\u00eda neutralizada al entorno del 4% una vez aplicados los tipos de cambio.<\/p>\n<p class=\"\">Inditex, cuando present\u00f3 en septiembre los resultados del segundo trimestre, avanz\u00f3 que las primeras semanas del tercero se hab\u00edan saldado con un crecimiento de ventas del 9%, algo que fue recibido con gran entusiasmo por el mercado: desde el d\u00eda del anuncio, el 10 de aquel mes, sus acciones se han revalorizado m\u00e1s de un 7%, revirtiendo <a href=\"https:\/\/cincodias.elpais.com\/mercados-financieros\/2025-06-12\/los-analistas-ajustan-a-la-baja-sus-previsiones-sobre-inditex-tras-los-resultados.html\" target=\"_self\" rel=\"nofollow noopener\" title=\"https:\/\/cincodias.elpais.com\/mercados-financieros\/2025-06-12\/los-analistas-ajustan-a-la-baja-sus-previsiones-sobre-inditex-tras-los-resultados.html\">la tendencia bajista iniciada en junio<\/a>, cuando public\u00f3 las cifras del primer trimestre, <a href=\"https:\/\/cincodias.elpais.com\/companias\/2025-06-11\/inditex-cierra-el-primer-trimestre-con-un-debil-crecimiento-de-ventas-y-beneficios.html\" target=\"_self\" rel=\"nofollow noopener\" title=\"https:\/\/cincodias.elpais.com\/companias\/2025-06-11\/inditex-cierra-el-primer-trimestre-con-un-debil-crecimiento-de-ventas-y-beneficios.html\">que fue el m\u00e1s d\u00e9bil en casi cinco a\u00f1os.<\/a><\/p>\n<p class=\"\">Los informes de los analistas, eso s\u00ed, hablan de una ralentizaci\u00f3n de las ventas a medida que ha ido desarroll\u00e1ndose el tercer trimestre. Barclays, que espera un alza de ventas del 7,2% en moneda local, dice que ese porcentaje \u201crefleja los d\u00e9biles datos del mercado de la moda en septiembre y octubre\u201d.<\/p>\n<p class=\"\">\u201cInditex mostr\u00f3 un fuerte inicio de tercer trimestre con un crecimiento del 9%, pero prevemos que se habr\u00e1 ralentizado a un 4% en la segunda mitad del mismo\u201d, dice Deutsche Bank, que calcula un avance del 6%, siendo la entidad con la estimaci\u00f3n m\u00e1s baja. Esta lo justifica en unos datos sectoriales deteriorados en Europa en los \u00faltimos meses. Hay que tener en cuenta que, pese a su dimensi\u00f3n global, dos tercios de las ventas de Inditex se realizan en territorio europeo.<\/p>\n<p class=\"\">En esa l\u00ednea tambi\u00e9n se manifiesta JP Morgan, quien pronostica una mejora de ingresos del 8% a precios locales, reducida al 3,7% aplicado el efecto divisa. \u201cSeptiembre fue, en general, un mes ligeramente m\u00e1s flojo en Europa, seguido de un cierto deterioro gradual en octubre\u201d, dice su informe, en el que subraya que el desempe\u00f1o de Inditex ser\u00e1 \u201cs\u00f3lido\u201d y \u201csuperior al del mercado, apoyado por la mejora continua de sus colecciones\u201d. \u201cEsperamos que el ritmo de ventas contin\u00fae recuperando, tendiendo hacia niveles m\u00e1s normalizados\u201d, dicen los analistas de Renta 4, que estima un impacto divisa negativo de tres puntos.<\/p>\n<p>Trimestre clave para la rentabilidad<\/p>\n<p class=\"\">Si bien el tercer trimestre no suele estar entre los periodos del a\u00f1o que generan el mayor volumen de ventas para Inditex, s\u00ed es clave para sus niveles de rentabilidad. Tanto antes como despu\u00e9s de la pandemia, el periodo que va de agosto a octubre es el que registra el mayor beneficio neto, debido a que se produce en unos meses donde la venta se produce a precio completo, es decir, sin descuentos, dado que ya est\u00e1 fuera del periodo de rebajas de verano, que en el caso de Inditex son m\u00e1s breves que en sus rivales; y tambi\u00e9n queda fuera de campa\u00f1as como el Black Friday, ya encuadrado en el \u00faltimo trimestre de su ejercicio fiscal.<\/p>\n<p class=\"\">El consenso de Bloomberg habla de un beneficio neto de 1.750 millones, lo que implicar\u00eda una mejora del 4% respecto al del mismo trimestre del a\u00f1o pasado, y del 18% frente al segundo trimestre de este ejercicio. Parecida estimaci\u00f3n traza Barclays, con 1.746 millones de ganancia, un 3,9% mejor frente al periodo comparable de 2024. JP Morgan, al igual que con los ingresos, est\u00e1 entre los menos optimistas, estimando un resultado neto trimestral de 1.709 millones, que resultar\u00eda en un incremento interanual del 1,8%.<\/p>\n","protected":false},"excerpt":{"rendered":"Inditex registrar\u00e1 un mejor ritmo de crecimiento de sus ventas al cierre del tercer trimestre, despu\u00e9s de una&hellip;\n","protected":false},"author":2,"featured_media":266641,"comment_status":"","ping_status":"","sticky":false,"template":"","format":"standard","meta":{"footnotes":""},"categories":[80],"tags":[58845,82,3903,20845,95,94,2308,25,24,3906,37198,1023,23,3902,7335],"class_list":{"0":"post-266640","1":"post","2":"type-post","3":"status-publish","4":"format-standard","5":"has-post-thumbnail","7":"category-economia","8":"tag-black-friday","9":"tag-business","10":"tag-comercio","11":"tag-comercio-minorista","12":"tag-economia","13":"tag-economy","14":"tag-empresas","15":"tag-es","16":"tag-espana","17":"tag-inditex","18":"tag-marta-ortega-perez","19":"tag-moda","20":"tag-spain","21":"tag-textil","22":"tag-zara"},"share_on_mastodon":{"url":"https:\/\/pubeurope.com\/@es\/115648121185414437","error":""},"_links":{"self":[{"href":"https:\/\/www.europesays.com\/es\/wp-json\/wp\/v2\/posts\/266640","targetHints":{"allow":["GET"]}}],"collection":[{"href":"https:\/\/www.europesays.com\/es\/wp-json\/wp\/v2\/posts"}],"about":[{"href":"https:\/\/www.europesays.com\/es\/wp-json\/wp\/v2\/types\/post"}],"author":[{"embeddable":true,"href":"https:\/\/www.europesays.com\/es\/wp-json\/wp\/v2\/users\/2"}],"replies":[{"embeddable":true,"href":"https:\/\/www.europesays.com\/es\/wp-json\/wp\/v2\/comments?post=266640"}],"version-history":[{"count":0,"href":"https:\/\/www.europesays.com\/es\/wp-json\/wp\/v2\/posts\/266640\/revisions"}],"wp:featuredmedia":[{"embeddable":true,"href":"https:\/\/www.europesays.com\/es\/wp-json\/wp\/v2\/media\/266641"}],"wp:attachment":[{"href":"https:\/\/www.europesays.com\/es\/wp-json\/wp\/v2\/media?parent=266640"}],"wp:term":[{"taxonomy":"category","embeddable":true,"href":"https:\/\/www.europesays.com\/es\/wp-json\/wp\/v2\/categories?post=266640"},{"taxonomy":"post_tag","embeddable":true,"href":"https:\/\/www.europesays.com\/es\/wp-json\/wp\/v2\/tags?post=266640"}],"curies":[{"name":"wp","href":"https:\/\/api.w.org\/{rel}","templated":true}]}}