{"id":266642,"date":"2025-12-02T04:37:11","date_gmt":"2025-12-02T04:37:11","guid":{"rendered":"https:\/\/www.europesays.com\/es\/266642\/"},"modified":"2025-12-02T04:37:11","modified_gmt":"2025-12-02T04:37:11","slug":"modelo-3d-podrian-dar-respuesta-a-enigma-de-isla-de-pascua-dw-01-12-2025","status":"publish","type":"post","link":"https:\/\/www.europesays.com\/es\/266642\/","title":{"rendered":"Modelo 3D podr\u00edan dar respuesta a enigma de Isla de Pascua \u2013 DW \u2013 01\/12\/2025"},"content":{"rendered":"<p>Durante siglos, Rapa Nui \u2013o <a class=\"internal-link\" href=\"https:\/\/www.dw.com\/es\/isla-de-pascua\/t-41605528\" rel=\"nofollow noopener\" target=\"_blank\">Isla de Pascua,<\/a> como <a class=\"internal-link\" href=\"https:\/\/www.dw.com\/es\/c\u00f3mo-la-isla-de-pascua-recibi\u00f3-su-nombre-en-1722\/a-61370277\" rel=\"nofollow noopener\" target=\"_blank\">la llamaron los europeos<\/a>\u2013 ha permanecido envuelta en una niebla de fascinaci\u00f3n y desconcierto. Sus <a class=\"internal-link\" href=\"https:\/\/www.dw.com\/es\/mo\u00e1is-de-isla-de-pascua-podr\u00edan-quedar-bajo-el-mar-en-2080\/a-73708994\" rel=\"nofollow noopener\" target=\"_blank\">estatuas (mo\u00e1i)<\/a> han inspirado relatos fant\u00e1sticos y teor\u00edas de todo tipo, mientras una duda persistente atraviesa generaciones: \u00bfde qu\u00e9 modo una comunidad tan aislada logr\u00f3 erigir y transportar casi mil estatuas colosales? \u00bfQu\u00e9 organizaci\u00f3n social lo hizo posible?<\/p>\n<p>Un nuevo estudio cient\u00edfico, liderado por Carl Lipo, arque\u00f3logo de la Universidad de Binghamton, y <a rel=\"noopener follow nofollow\" target=\"_blank\" class=\"external-link\" href=\"https:\/\/journals.plos.org\/plosone\/article?id=10.1371\/journal.pone.0336251&amp;utm_source=pr&amp;utm_medium=email&amp;utm_campaign=plos006\" title=\"Enlace externo \u2014 publicado en PLOS ONE,\">publicado en PLOS ONE,<\/a> aporta evidencia que matiza y enriquece nuestra comprensi\u00f3n <a class=\"internal-link\" href=\"https:\/\/www.dw.com\/es\/c\u00f3mo-la-isla-de-pascua-recibi\u00f3-su-nombre-en-1722\/a-61370277\" rel=\"nofollow noopener\" target=\"_blank\">del pasado de la isla.<\/a><\/p>\n<p>La investigaci\u00f3n desaf\u00eda la idea cl\u00e1sica de una autoridad central que supervisaba todo el proceso y muestra, en cambio, que la fabricaci\u00f3n de los mo\u00e1is parece haber sido una tarea repartida entre muchas comunidades. Cada grupo tallaba sus estatuas al mismo tiempo que los dem\u00e1s, siguiendo sus propios ritmos y maneras de trabajar.<\/p>\n<p><strong>Modelo 3D de la cantera Rano Raraku revela 30 zonas de trabajo <\/strong><\/p>\n<p>Para el estudio, el equipo recurri\u00f3 a drones, con los que captur\u00f3 m\u00e1s de 11.000 fotograf\u00edas de Rano Raraku, la cantera volc\u00e1nica donde se tall\u00f3 la gran mayor\u00eda de los mo\u00e1is.<\/p>\n<p>A partir de este material crearon el primer modelo tridimensional completo del lugar, con una resoluci\u00f3n que llega al cent\u00edmetro y permite observar cada detalle de la superficie, seg\u00fan detall\u00f3 Lipo en un art\u00edculo para The Conversation.<\/p>\n<p><img data-format=\"MASTER_LANDSCAPE\" data-id=\"74970487\" data-url=\"https:\/\/static.dw.com\/image\/74970487_${formatId}.jpg\" data-aspect-ratio=\"16\/9\" alt=\"El modelo tridimensional de Rano Raraku, creado con 11.686 im\u00e1genes a\u00e9reas, revel\u00f3 la compleja organizaci\u00f3n espacial de las zonas de producci\u00f3n.\" style=\"padding-bottom: 56.25%; height: 0; max-height: 0;\"\/>El modelo tridimensional de Rano Raraku, creado con 11.686 im\u00e1genes a\u00e9reas, revel\u00f3 la compleja organizaci\u00f3n espacial de las zonas de producci\u00f3n.Imagen: Lipo et al., 2025, PLOS One<\/p>\n<p>El an\u00e1lisis del modelo fue revelador. Identificaron 30 zonas de trabajo diferenciadas, muchas separadas entre s\u00ed por accidentes naturales, y cada una con t\u00e9cnicas de tallado propias. Tambi\u00e9n registraron 426 mo\u00e1is en distintas fases de producci\u00f3n, 341 zanjas de extracci\u00f3n y 133 huecos de los que las estatuas ya hab\u00edan sido retiradas.<\/p>\n<p><strong>Comunidades descentralizadas, no jerarqu\u00eda: nueva teor\u00eda sobre Rapa Nui <\/strong><\/p>\n<p>Seg\u00fan los investigadores, estos resultados ofrecen indicios fuertes sobre la organizaci\u00f3n social de la isla. En lugar de una estructura jer\u00e1rquica dominante, Rapa Nui estaba formada por comunidades familiares que trabajaban de manera independiente, aunque manten\u00edan un flujo constante de ideas y t\u00e9cnicas.<\/p>\n<p>\u00abLa monumentalidad representa una exhibici\u00f3n competitiva entre comunidades iguales, m\u00e1s que una movilizaci\u00f3n de arriba abajo\u00bb, explica Lipo, seg\u00fan New Scientist.<\/p>\n<p>Esta interpretaci\u00f3n desmonta la visi\u00f3n tradicional seg\u00fan la cual las obras monumentales solo pueden surgir bajo una jerarqu\u00eda r\u00edgida o un poder central fuerte. Seg\u00fan Lipo, los mo\u00e1is no ser\u00edan prueba del poder de jefes megal\u00f3manos, sino del ingenio colectivo de comunidades descentralizadas.<\/p>\n<p><img data-format=\"MASTER_LANDSCAPE\" data-id=\"74970562\" data-url=\"https:\/\/static.dw.com\/image\/74970562_${formatId}.jpg\" data-aspect-ratio=\"16\/9\" alt=\"Mo\u00e1is inacabados adheridos al lecho rocoso revelan en el modelo 3D c\u00f3mo los talladores trabajaban desde ambos lados hasta separarlos.\" style=\"padding-bottom: 56.25%; height: 0; max-height: 0;\"\/>Mo\u00e1is inacabados adheridos al lecho rocoso revelan en el modelo 3D c\u00f3mo los talladores trabajaban desde ambos lados hasta separarlos.Imagen: Lipo et al., 2025, PLOS One<\/p>\n<p>Pero no todos los especialistas est\u00e1n plenamente convencidos. Dale Simpson, de la Universidad de Illinois Urbana-Champaign, en entrevista con New Scientist, acepta que no existi\u00f3 un \u00abjefe supremo\u00bb como en otras sociedades polinesias, aunque duda de que los clanes fueran tan independientes.\u00a0<\/p>\n<p>Seg\u00fan \u00e9l, en una isla tan peque\u00f1a como Rapa Nui, donde la piedra era un recurso esencial, tuvo que haber alg\u00fan grado de colaboraci\u00f3n entre grupos, ya que tallar mo\u00e1is de forma completamente aislada no habr\u00eda sido viable.<\/p>\n<p>Jo Anne Van Tilburg, de UCLA, tambi\u00e9n pide cautela y considera que las conclusiones son \u00abprematuras y exageradas\u00bb. Recuerda que a\u00fan se est\u00e1n realizando estudios para entender mejor c\u00f3mo se utilizaba realmente la cantera.<\/p>\n<p><strong>\u00bfC\u00f3mo se transportaban los mo\u00e1is? La teor\u00eda del \u00abcaminar\u00bb <\/strong><\/p>\n<p>El nuevo modelo 3D aclara la organizaci\u00f3n de la cantera; y, en paralelo, otros trabajos recientes del mismo equipo <a class=\"internal-link\" href=\"https:\/\/www.dw.com\/es\/cient\u00edficos-prueban-que-los-mo\u00e1is-de-rapa-nui-caminaron\/a-74356715\" rel=\"nofollow noopener\" target=\"_blank\">han aportado datos sobre c\u00f3mo se transportaban los mo\u00e1is.<\/a><\/p>\n<p>Seg\u00fan explico Lipo en su art\u00edculo, al comparar estatuas abandonadas en antiguos caminos con aquellas que s\u00ed llegaron a sus plataformas, el equipo detect\u00f3 rasgos distintivos \u2013bases m\u00e1s anchas, una ligera inclinaci\u00f3n hacia adelante y secciones transversales en forma de D\u2013 que apuntan a un transporte en posici\u00f3n vertical. La imagen resultante es sorprendente: los mo\u00e1is habr\u00edan avanzado \u00abcaminando\u00bb, balance\u00e1ndose de un lado a otro.<\/p>\n<p>Esta hip\u00f3tesis fue puesta a prueba en 2013 con una r\u00e9plica de hormig\u00f3n de 4,35 toneladas. Dieciocho personas, tirando de tres cuerdas, lograron moverla 100 metros en 40 minutos, un movimiento que reproduce la din\u00e1mica prevista por el modelo del p\u00e9ndulo invertido.<\/p>\n<p><strong>Deforestaci\u00f3n por ratas, no colapso: reescribiendo la historia ecol\u00f3gica <\/strong><\/p>\n<p>En <a class=\"internal-link\" href=\"https:\/\/www.dw.com\/es\/adn-antiguo-invalidar\u00eda-teor\u00eda-del-suicidio-ecol\u00f3gico-en-isla-de-pascua\/a-70200558\" rel=\"nofollow noopener\" target=\"_blank\">investigaciones anteriores<\/a> del mismo equipo tambi\u00e9n se ha cuestionado otra narrativa cl\u00e1sica: la idea de que Rapa Nui colaps\u00f3 tras destruir sus propios bosques. Los investigadores, que se alinean con otras investigaciones, plantean un escenario distinto.\u00a0<\/p>\n<p>No se habr\u00eda tratado de un \u00abecocidio\u00bb, sino de una \u00abtransformaci\u00f3n ecol\u00f3gica no intencionada\u00bb. Seg\u00fan Lipo, las ratas polinesias, introducidas hacia el a\u00f1o 1200, se multiplicaron r\u00e1pidamente y consumieron la mayor parte de las semillas de los \u00e1rboles, impidiendo la regeneraci\u00f3n del bosque. La agricultura humana abri\u00f3 espacios adicionales, pero la presi\u00f3n de los roedores hizo imposible la recuperaci\u00f3n de las palmeras. El resultado fue una deforestaci\u00f3n acelerada a lo largo de cinco siglos.<\/p>\n<p>Aun as\u00ed, los rapanui no se hundieron. Introdujeron una t\u00e9cnica de cultivo que consist\u00eda en cubrir el suelo con fragmentos de piedra, una forma de acondicionamiento que aumentaba la calidad y estabilidad del sustrato. Continuaron construyendo mo\u00e1is durante medio milenio despu\u00e9s del inicio de la p\u00e9rdida del bosque.<\/p>\n<p>Al resolver parte del rompecabezas de Rano Raraku, el nuevo modelo tridimensional no elimina la intriga, sino que la afina. Cada detalle revelado ilumina una zona y deja otra en penumbra, recordando que Rapa Nui a\u00fan no ha contado toda su historia.<\/p>\n<p>Editado por Felipe Espinosa Wang con informaci\u00f3n de PLOS ONE, The Converstation y New Scientist.<\/p>\n","protected":false},"excerpt":{"rendered":"Durante siglos, Rapa Nui \u2013o Isla de Pascua, como la llamaron los europeos\u2013 ha permanecido envuelta en una&hellip;\n","protected":false},"author":2,"featured_media":266643,"comment_status":"","ping_status":"","sticky":false,"template":"","format":"standard","meta":{"footnotes":""},"categories":[42],"tags":[17,18,13,14,11,61,62,63,64,19,20,9,10,15,16,12,21,22,65,66,67],"class_list":{"0":"post-266642","1":"post","2":"type-post","3":"status-publish","4":"format-standard","5":"has-post-thumbnail","7":"category-internacional","8":"tag-breaking-news","9":"tag-breakingnews","10":"tag-featured-news","11":"tag-featurednews","12":"tag-headlines","13":"tag-internacional","14":"tag-international","15":"tag-international-news","16":"tag-internationalnews","17":"tag-latest-news","18":"tag-latestnews","19":"tag-news","20":"tag-noticias","21":"tag-noticias-destacadas","22":"tag-noticiasdestacadas","23":"tag-titulares","24":"tag-ultimas-noticias","25":"tag-ultimasnoticias","26":"tag-world","27":"tag-world-news","28":"tag-worldnews"},"share_on_mastodon":{"url":"https:\/\/pubeurope.com\/@es\/115648125039136816","error":""},"_links":{"self":[{"href":"https:\/\/www.europesays.com\/es\/wp-json\/wp\/v2\/posts\/266642","targetHints":{"allow":["GET"]}}],"collection":[{"href":"https:\/\/www.europesays.com\/es\/wp-json\/wp\/v2\/posts"}],"about":[{"href":"https:\/\/www.europesays.com\/es\/wp-json\/wp\/v2\/types\/post"}],"author":[{"embeddable":true,"href":"https:\/\/www.europesays.com\/es\/wp-json\/wp\/v2\/users\/2"}],"replies":[{"embeddable":true,"href":"https:\/\/www.europesays.com\/es\/wp-json\/wp\/v2\/comments?post=266642"}],"version-history":[{"count":0,"href":"https:\/\/www.europesays.com\/es\/wp-json\/wp\/v2\/posts\/266642\/revisions"}],"wp:featuredmedia":[{"embeddable":true,"href":"https:\/\/www.europesays.com\/es\/wp-json\/wp\/v2\/media\/266643"}],"wp:attachment":[{"href":"https:\/\/www.europesays.com\/es\/wp-json\/wp\/v2\/media?parent=266642"}],"wp:term":[{"taxonomy":"category","embeddable":true,"href":"https:\/\/www.europesays.com\/es\/wp-json\/wp\/v2\/categories?post=266642"},{"taxonomy":"post_tag","embeddable":true,"href":"https:\/\/www.europesays.com\/es\/wp-json\/wp\/v2\/tags?post=266642"}],"curies":[{"name":"wp","href":"https:\/\/api.w.org\/{rel}","templated":true}]}}