{"id":266654,"date":"2025-12-02T04:52:22","date_gmt":"2025-12-02T04:52:22","guid":{"rendered":"https:\/\/www.europesays.com\/es\/266654\/"},"modified":"2025-12-02T04:52:22","modified_gmt":"2025-12-02T04:52:22","slug":"william-levy-se-ve-obligado-a-rebajar-mas-de-dos-millones-su-mansion-de-florida","status":"publish","type":"post","link":"https:\/\/www.europesays.com\/es\/266654\/","title":{"rendered":"William Levy se ve obligado a rebajar m\u00e1s de dos millones su mansi\u00f3n de Florida"},"content":{"rendered":"<p style=\"\"><a href=\"https:\/\/www.abc.es\/gente\/william-levy-entiendo-feliz-padre-20250613132103-nt.html\" target=\"_self\" data-voc-vtm-id=\"in-text-traffic\" title=\"William Levy\" data-mrf-link=\"www.abc.es\" rel=\"nofollow noopener\">William Levy<\/a> (45 a\u00f1os)<strong> sigue sin encontrar comprador<\/strong> para la mansi\u00f3n que comparti\u00f3 con Elizabeth Guti\u00e9rrez en Florida. Cinco meses despu\u00e9s de salir al mercado con un precio de 9 millones de d\u00f3lares, la propiedad contin\u00faa a la venta, pero ya <strong>con <\/strong> &#8230; <strong>un descuento que supera los 2,5 millones<\/strong> respecto a la cifra inicial.<\/p>\n<p class=\"voc-p\" style=\"\">La casa, ubicada en Southwest Ranches, una de las comunidades m\u00e1s exclusivas del sur del Estado, se puso a la venta el pasado julio, quince meses despu\u00e9s de que la pareja diera por cerrada definitivamente una relaci\u00f3n de dos d\u00e9cadas marcada por idas, venidas y acusaciones cruzadas. Entonces, la vivienda se ofrec\u00eda por 9.000.000 d\u00f3lares. Hoy permanece listada por<strong> 6 millones 495 mil d\u00f3lares, <\/strong>seg\u00fan revela &#8216;El Espa\u00f1ol&#8217;.<\/p>\n<p>\nSeis habitaciones, siete ba\u00f1os y piscina\n<\/p>\n<p class=\"voc-p\" style=\"\">La propiedad, construida en 2020, <strong>supera los 750 metros cuadrados<\/strong> y se distribuye en dos plantas con <strong>seis dormitorios<\/strong>, <strong>siete ba\u00f1os<\/strong> y varias zonas comunes pensadas para una familia numerosa. Desde la entrada principal se accede a un gran sal\u00f3n que conecta con una cocina moderna de alta gama. La primera planta incluye, adem\u00e1s, un despacho, un gimnasio y un espacio que Levy destin\u00f3 a videojuegos, con salida directa al jard\u00edn y la piscina.<\/p>\n<p class=\"voc-p\" style=\"\">En la planta superior se encuentran los dormitorios, un segundo sal\u00f3n con acceso a la terraza y <strong>una sala de cine.<\/strong> El exterior es uno de los mayores reclamos de la vivienda: <strong>un jard\u00edn extenso<\/strong>, rodeado de \u00e1rboles, pensado tanto para el descanso como para la actividad deportiva, con <strong>piscina, sol\u00e1rium<\/strong>, pista de baloncesto y zonas amplias para entrenamientos al aire libre. No sorprende que otros nombres internacionales, como Gisele B\u00fcndchen, hayan elegido esta misma \u00e1rea para instalarse.<\/p>\n<p>\nSu separaci\u00f3n de Elizabeth Guti\u00e9rrez\n<\/p>\n<p class=\"voc-p\" style=\"\">La decisi\u00f3n de vender la casa no fue inmediata ni sencilla. De acuerdo con la informaci\u00f3n adelantada meses atr\u00e1s por el programa de Univisi\u00f3n, &#8216;El Gordo y La Flaca&#8217;, Levy se resist\u00eda a desprenderse de la vivienda porque quer\u00eda que quedara como patrimonio para sus hijos, Christopher y Kailey. Sin embargo, \u00e9l y Guti\u00e9rrez <strong>no lograron acordar un plan com\u00fan<\/strong> y la mansi\u00f3n termin\u00f3 en manos de la inmobiliaria.<\/p>\n<p class=\"voc-p\" style=\"\">Todo ello sobrevuela un divorcio que estall\u00f3 en abril de 2024,<strong> tras a\u00f1os de crisis<\/strong> y rumores de infidelidad que comenzaron poco despu\u00e9s de que naciera su primer hijo. <strong>La separaci\u00f3n definitiva<\/strong> lleg\u00f3 en un clima especialmente delicado. Entre octubre de 2023 y marzo de 2024, la casa fue escenario de varios episodios que acabaron con agentes de polic\u00eda en la puerta. Discusiones, acusaciones y una convivencia rota desembocaron en la salida de ambos y, meses despu\u00e9s, en la puesta a la venta del inmueble.<\/p>\n<p class=\"voc-p\" style=\"\">La mansi\u00f3n, convertida en s\u00edmbolo involuntario de la descomposici\u00f3n de la pareja, sigue a la espera de comprador. Y Levy, que inicialmente quiso preservarla para sus hijos, acepta ahora un precio cada vez m\u00e1s alejado del que marc\u00f3 el inicio del proceso.<\/p>\n","protected":false},"excerpt":{"rendered":"William Levy (45 a\u00f1os) sigue sin encontrar comprador para la mansi\u00f3n que comparti\u00f3 con Elizabeth Guti\u00e9rrez en Florida.&hellip;\n","protected":false},"author":2,"featured_media":266655,"comment_status":"","ping_status":"","sticky":false,"template":"","format":"standard","meta":{"footnotes":""},"categories":[171],"tags":[1563,146,147,25,24,421,54750,21030,4724,417,34151,23,214,3820],"class_list":{"0":"post-266654","1":"post","2":"type-post","3":"status-publish","4":"format-standard","5":"has-post-thumbnail","7":"category-tv","8":"tag-dos","9":"tag-entertainment","10":"tag-entretenimiento","11":"tag-es","12":"tag-espana","13":"tag-florida","14":"tag-levy","15":"tag-mansion","16":"tag-millones","17":"tag-obligado","18":"tag-rebajar","19":"tag-spain","20":"tag-tv","21":"tag-william"},"share_on_mastodon":{"url":"https:\/\/pubeurope.com\/@es\/115648183842454480","error":""},"_links":{"self":[{"href":"https:\/\/www.europesays.com\/es\/wp-json\/wp\/v2\/posts\/266654","targetHints":{"allow":["GET"]}}],"collection":[{"href":"https:\/\/www.europesays.com\/es\/wp-json\/wp\/v2\/posts"}],"about":[{"href":"https:\/\/www.europesays.com\/es\/wp-json\/wp\/v2\/types\/post"}],"author":[{"embeddable":true,"href":"https:\/\/www.europesays.com\/es\/wp-json\/wp\/v2\/users\/2"}],"replies":[{"embeddable":true,"href":"https:\/\/www.europesays.com\/es\/wp-json\/wp\/v2\/comments?post=266654"}],"version-history":[{"count":0,"href":"https:\/\/www.europesays.com\/es\/wp-json\/wp\/v2\/posts\/266654\/revisions"}],"wp:featuredmedia":[{"embeddable":true,"href":"https:\/\/www.europesays.com\/es\/wp-json\/wp\/v2\/media\/266655"}],"wp:attachment":[{"href":"https:\/\/www.europesays.com\/es\/wp-json\/wp\/v2\/media?parent=266654"}],"wp:term":[{"taxonomy":"category","embeddable":true,"href":"https:\/\/www.europesays.com\/es\/wp-json\/wp\/v2\/categories?post=266654"},{"taxonomy":"post_tag","embeddable":true,"href":"https:\/\/www.europesays.com\/es\/wp-json\/wp\/v2\/tags?post=266654"}],"curies":[{"name":"wp","href":"https:\/\/api.w.org\/{rel}","templated":true}]}}