{"id":266664,"date":"2025-12-02T04:59:22","date_gmt":"2025-12-02T04:59:22","guid":{"rendered":"https:\/\/www.europesays.com\/es\/266664\/"},"modified":"2025-12-02T04:59:22","modified_gmt":"2025-12-02T04:59:22","slug":"la-generalitat-y-foment-impulsan-que-la-industria-auxiliar-del-automovil-se-reconvierta-al-sector-de-la-defensa","status":"publish","type":"post","link":"https:\/\/www.europesays.com\/es\/266664\/","title":{"rendered":"La Generalitat y Foment impulsan que la industria auxiliar del autom\u00f3vil se reconvierta al sector de la Defensa"},"content":{"rendered":"<p class=\"ft-text ft-helper-closenews ft-helper-align-justify\">Foment del Treball y la Generalitat han decidido coordinarse para que Catalunya no llegue tarde al nuevo ciclo de rearmamento europeo y se consolide como uno de los polos industriales y tecnol\u00f3gicos de referencia en defensa y seguridad de Europa. La patronal que lidera Josep S\u00e1nchez Llibre y el Govern de Salvador Illa quieren aprovechar el tir\u00f3n de un sector que ya supone el 4,2% del PIB industrial auton\u00f3mico, con una facturaci\u00f3n de 1.820 millones y 28.600 empleos, y que se apoya en una potente base industrial metal\u00fargica, en la apuesta por la inteligencia artificial y la experiencia de proyectos innovadores como el <strong>Barcelona Supercomputing Center, que cumple 20 a\u00f1os como centro nacional de la supercomputaci\u00f3n<\/strong>.<\/p>\n<p class=\"ft-text ft-helper-align-justify\"><strong>S\u00e1nchez Llibre encabez\u00f3 hace dos semanas una delegaci\u00f3n que mantuvo varias reuniones en la Comisi\u00f3n Europea<\/strong> con el objetivo de tender puentes con las autoridades europeas y reclamar para Catalunya parte de los 800.000 millones de euros que pretende movilizar Bruselas en compras conjuntas de armamento y tecnolog\u00eda militar en los pr\u00f3ximos cuatro a\u00f1os, de los cuales 150.000 millones se canalizar\u00e1n a trav\u00e9s de pr\u00e9stamos a los Estados miembros. Foment anunci\u00f3 la puesta en marcha de un nodo catal\u00e1n de empresas del sector y reclam\u00f3, adem\u00e1s, un 20% de inversi\u00f3n en Catalunya de los <a class=\"ft-link ft-link--decoration\" href=\"https:\/\/www.elperiodico.com\/es\/politica\/20250701\/aprobados-techos-gasto-17-programas-clave-rearme-espana-119261939\" target=\"_blank\" rel=\"nofollow noopener\">10.471 millones con el que est\u00e1 dotado el Plan Industrial y Tecnol\u00f3gico para la Seguridad y la Defensa<\/a> del Gobierno de Espa\u00f1a, es decir 2.095 millones.<\/p>\n<p class=\"ft-text ft-helper-align-justify\">Una de las grandes apuestas de la Generalitat y Foment en este sentido es aprovechar el \u2018boom\u2019 de la defensa para impulsar la reconversi\u00f3n de la industria auxiliar del autom\u00f3vil. Los proveedores de componentes suponen el 6,5% del PIB catal\u00e1n, genera una <strong>facturaci\u00f3n de 5.700 millones de euros y da trabajo a 16.183 personas de forma directa en 282 empresas<\/strong>. Este sector es el tercero m\u00e1s importante de la industria catalana, por detr\u00e1s de la alimentaci\u00f3n, seg\u00fan el Instituto de Estad\u00edstica de Catalunya. Un <strong>ejemplo paradigm\u00e1tico de lo que pueden aportar los fabricantes de componentes del autom\u00f3vil al sector de la defensa es el de Ficosa<\/strong>, multinacional catalana con sede en Viladecans especializada principalmente en la producci\u00f3n de piezas de visi\u00f3n y detecci\u00f3n para veh\u00edculos. El pasado octubre firm\u00f3 un acuerdo de colaboraci\u00f3n con Indra para desarrollar los equipos electro\u00f3pticos y vigilancia LSAS (Local Situational Awareness System) para los veh\u00edculos <a class=\"ft-link ft-link--decoration\" href=\"https:\/\/www.elperiodico.com\/es\/economia\/20250613\/indra-toma-control-accionarial-tess-defence-118592951\" target=\"_blank\" rel=\"nofollow noopener\">VCR 8&#215;8 Drag\u00f3n y VAC que desarrolla el consorcio Tess Defence<\/a>, controlado por Indra y en el que participan General Dynamics, Sapa y Escribano (EM&amp;E).\u00a0<\/p>\n<p class=\"ft-text ft-helper-align-justify\">La industria auxiliar del autom\u00f3vil est\u00e1 muy presente en comarcas como el <strong>Barcelon\u00e8s, el Baix Llobregat o el Vall\u00e8s Oriental<\/strong> y el actual ciclo inversor puede dar un impulso a este sector como est\u00e1n intentando <strong>Airtificial, Grupo MMM o Teknia<\/strong> ante la creciente competencia de los fabricantes chinos. La patronal acaba de firmar un acuerdo con la multinacional estadounidense General Dynamics para formar y capacitar a pymes de distintos sectores para que puedan convertirse en proveedoras del sector, siguiendo el modelo ya aplicado en Andaluc\u00eda a petici\u00f3n del Mando de Apoyo Log\u00edstico del Ej\u00e9rcito de Tierra (MALE).<\/p>\n<p class=\"ft-text ft-helper-align-justify\">Los industriales del sector, asimismo, se est\u00e1n moviendo con la creaci\u00f3n a principios de 2024 de la organizaci\u00f3n AeroS que agrupa el ecosistema aeron\u00e1utico, de espacio y defensa de Catalunya, que ayuda a impulsar oportunidades de negocio para pymes y grandes compa\u00f1\u00edas, tanto las que ya forman parte de estos sectores como empresas de industrias tradicionales que se quieren transformar, abordando los desaf\u00edos tecnol\u00f3gicos y contribuyendo al crecimiento sostenible del tejido empresarial. <strong>\u201cAgrupamos ya a m\u00e1s de 50 empresas que representan m\u00e1s de 77.000 empleados<\/strong> y 14.000 millones de euros de facturaci\u00f3n. Estamos hablando con General Dynamics para, igual que hacemos con Indra o Airbus, ayudarles a tejer alianzas y encontrar proveedores tecnol\u00f3gicos en Catalunya. Catalunya representa el 20% del PIB de Espa\u00f1a pero un valor muy residual en los contratos de defensa todav\u00eda en la actualidad\u201d, apunta Neus Olea, directora de la nueva patronal.<\/p>\n<p>80 empresas de Defensa<\/p>\n<p class=\"ft-text ft-helper-align-justify\"><a class=\"ft-link ft-link--decoration\" href=\"https:\/\/www.elperiodico.com\/es\/economia\/20250619\/jaume-duch-catalunya-especializada-tecnologias-duales-ciberseguridad-118793255\" target=\"_blank\" rel=\"nofollow noopener\">El sector de la defensa agrupa en Catalunya a unas 80 empresas de aeron\u00e1utica, espacio y ciberseguridad.<\/a> La comunidad si en algo parte con ventaja es en aeron\u00e1utica con una facturaci\u00f3n en 2024 de 120 millones y en espacio con 56 millones, seg\u00fan el informe Impacto Econ\u00f3mico y Social de la Industria de Defensa, Seguridad, Aeron\u00e1utica y Espacio elaborado por PwC.<\/p>\n<p class=\"ft-text ft-helper-align-justify\">\u201cDesde Foment queremos participar en esta gran inversi\u00f3n para garantizar la autonom\u00eda estrat\u00e9gica en seguridad y defensa de la Uni\u00f3n Europea y, por tanto, tambi\u00e9n de Espa\u00f1a y de Catalunya, aprovechando la tecnolog\u00eda de uso dual y coordinando grandes compa\u00f1\u00edas tractoras con un amplio tejido de pymes de alta capacidad tecnol\u00f3gica. Estamos identificando todo este ecosistema empresarial para agruparlas en proyectos concretos en \u00e1mbitos como las comunicaciones, los sistemas satelitales, la navegaci\u00f3n, los veh\u00edculos no tripulados o la respuesta ante emergencias, y lograr que esta industria, <strong>hoy casi inexistente en Catalunya por razones pol\u00edticas y culturales<\/strong>, se convierta en un sector potente, generador de puestos de trabajo cualificados y bien remunerados y en una palanca de reindustrializaci\u00f3n para el pa\u00eds\u201d, explica Salvador Sed\u00f3, secretario t\u00e9cnico de la Comisi\u00f3n de Seguridad y Defensa de Foment del Treball, en conversaci\u00f3n con EL PERI\u00d3DICO.<\/p>\n<p>Apuesta por la IA<\/p>\n<p class=\"ft-text ft-helper-align-justify\">El Govern ha a\u00f1adido otra pieza al tablero con el lanzamiento de una estrategia para desplegar la inteligencia artificial en Catalunya con una inversi\u00f3n de 1.000 millones, apoyada en una nube p\u00fablica catalana y en una red de centros de datos de nueva generaci\u00f3n. Aunque se presenta como una apuesta transversal para modernizar la econom\u00eda, esa infraestructura digital es tambi\u00e9n clave para cualquier ambici\u00f3n en defensa: desde entrenar algoritmos de detecci\u00f3n temprana hasta gestionar grandes vol\u00famenes de informaci\u00f3n sensible bajo est\u00e1ndares europeos de soberan\u00eda del dato.<\/p>\n<p class=\"ft-text ft-helper-align-justify\">Esta agenda se desarrolla, adem\u00e1s, en un contexto en el que <strong>el 50% de los catalanes ve muy o bastante necesario reforzar las capacidades militares europeas<\/strong>, seg\u00fan el \u00faltimo bar\u00f3metro del Centre d&#8217;Estudis d&#8217;Opini\u00f3 (CEO) de la Generalitat. Ante un ataque a un pa\u00eds miembro de la UE, el 51% de los catalanes apuestan por respetar los acuerdos de protecci\u00f3n mutua y defender al pa\u00eds atacado, aunque ello comportase que Espa\u00f1a entrase en guerra con el Estado agresor. Todo ello, mientras los pa\u00edses europeos se militarizan ante la creciente amenaza de Rusia y el papel secundario que quiere jugar Estados Unidos en la defensa global de los pa\u00edses de Occidente. <a class=\"ft-link ft-link--decoration\" href=\"https:\/\/www.elperiodico.com\/es\/internacional\/20251127\/macron-francia-servicio-militar-voluntario-jovenes-124186178\" target=\"_blank\" rel=\"nofollow noopener\">Francia acaba de anunciar el retorno del servicio militar \u2018voluntario\u2019<\/a> e Italia estudia la puesta en marcha de una reserva militar de 10.000 voluntarios.<\/p>\n<p data-close=\"closedContent\" class=\"subscribeHideForDisplay\">Suscr\u00edbete para seguir leyendo<\/p>\n","protected":false},"excerpt":{"rendered":"Foment del Treball y la Generalitat han decidido coordinarse para que Catalunya no llegue tarde al nuevo ciclo&hellip;\n","protected":false},"author":2,"featured_media":266665,"comment_status":"","ping_status":"","sticky":false,"template":"","format":"standard","meta":{"footnotes":""},"categories":[80],"tags":[65934,82,95,94,2308,25,10558,24,65418,2010,16687,7834,2893,26338,23],"class_list":{"0":"post-266664","1":"post","2":"type-post","3":"status-publish","4":"format-standard","5":"has-post-thumbnail","7":"category-economia","8":"tag-auxiliar","9":"tag-business","10":"tag-economia","11":"tag-economy","12":"tag-empresas","13":"tag-es","14":"tag-espacio","15":"tag-espana","16":"tag-foment","17":"tag-generalitat","18":"tag-impulsan","19":"tag-indra","20":"tag-industria","21":"tag-pymes","22":"tag-spain"},"share_on_mastodon":{"url":"https:\/\/pubeurope.com\/@es\/115648211594813821","error":""},"_links":{"self":[{"href":"https:\/\/www.europesays.com\/es\/wp-json\/wp\/v2\/posts\/266664","targetHints":{"allow":["GET"]}}],"collection":[{"href":"https:\/\/www.europesays.com\/es\/wp-json\/wp\/v2\/posts"}],"about":[{"href":"https:\/\/www.europesays.com\/es\/wp-json\/wp\/v2\/types\/post"}],"author":[{"embeddable":true,"href":"https:\/\/www.europesays.com\/es\/wp-json\/wp\/v2\/users\/2"}],"replies":[{"embeddable":true,"href":"https:\/\/www.europesays.com\/es\/wp-json\/wp\/v2\/comments?post=266664"}],"version-history":[{"count":0,"href":"https:\/\/www.europesays.com\/es\/wp-json\/wp\/v2\/posts\/266664\/revisions"}],"wp:featuredmedia":[{"embeddable":true,"href":"https:\/\/www.europesays.com\/es\/wp-json\/wp\/v2\/media\/266665"}],"wp:attachment":[{"href":"https:\/\/www.europesays.com\/es\/wp-json\/wp\/v2\/media?parent=266664"}],"wp:term":[{"taxonomy":"category","embeddable":true,"href":"https:\/\/www.europesays.com\/es\/wp-json\/wp\/v2\/categories?post=266664"},{"taxonomy":"post_tag","embeddable":true,"href":"https:\/\/www.europesays.com\/es\/wp-json\/wp\/v2\/tags?post=266664"}],"curies":[{"name":"wp","href":"https:\/\/api.w.org\/{rel}","templated":true}]}}