{"id":266666,"date":"2025-12-02T05:00:10","date_gmt":"2025-12-02T05:00:10","guid":{"rendered":"https:\/\/www.europesays.com\/es\/266666\/"},"modified":"2025-12-02T05:00:10","modified_gmt":"2025-12-02T05:00:10","slug":"luuk-van-middelaar-a-lo-maximo-que-puede-aspirar-europa-es-a-hacer-menos-malo-el-acuerdo-de-ucrania-internacional","status":"publish","type":"post","link":"https:\/\/www.europesays.com\/es\/266666\/","title":{"rendered":"Luuk van Middelaar: \u201cA lo m\u00e1ximo que puede aspirar Europa es a hacer menos malo el acuerdo de Ucrania\u201d | Internacional"},"content":{"rendered":"<p class=\"\">Bruselas despertaba en Baudelaire \u201cel m\u00e1s irresistible asco\u201d. En los a\u00f1os en los que el poeta paseaba su amargura \u2014ya muy enfermo\u2014 por la capital europea estaba a punto de construirse el H\u00f4tel van Eetvelde, joya del art nouveau, una incre\u00edble estructura de madera, acero y vidrio incrustada en el barrio europeo (y financiada con los desmanes que cometieron los belgas en el Congo, por cierto). <a href=\"https:\/\/elpais.com\/autor\/luuk-van-middelaar\/\" target=\"_self\" rel=\"nofollow noopener\" title=\"https:\/\/elpais.com\/autor\/luuk-van-middelaar\/\">Luuk van Middelaar (Eindhoven, 52 a\u00f1os)<\/a>, director del Instituto de Bruselas para la Geopol\u00edtica, cita a EL PA\u00cdS en ese apuesto edificio, sede de la instituci\u00f3n. Historiador, fil\u00f3sofo y gran conocedor de las instituciones comunitarias, Van Middelaar es uno de los pensadores m\u00e1s interesantes de Europa, \u201cun lugar de aventura\u201d, seg\u00fan la feliz definici\u00f3n del soci\u00f3logo Zygmunt Bauman. Bruselas y la geopol\u00edtica europea est\u00e1n en alg\u00fan lugar entre la frase de Baudelaire y la de Bauman: depende del d\u00eda. Van Middelaar tiende a Bauman, pero no logra escapar del todo del inevitable pesimismo. <\/p>\n<p class=\"\"><b>Pregunta.<\/b> Despu\u00e9s de un verano desastroso, Donald Trump lleg\u00f3 a un acuerdo sobre Gaza en el que Europa no particip\u00f3, pero pagar\u00e1 la cuenta. Con Ucrania pasa algo parecido. \u00bfSe puede ser optimista con esta UE? <\/p>\n<p class=\"\"><b>Respuesta.<\/b> En verano se supon\u00eda que los l\u00edderes de la Uni\u00f3n estaban negociando un acuerdo comercial con EE UU, pero en realidad esa negociaci\u00f3n giraba en torno a la seguridad, al compromiso de Washington con la OTAN y su apoyo a Ucrania. <a href=\"https:\/\/elpais.com\/internacional\/2025-09-08\/von-der-leyen-se-prepara-para-su-primer-gran-examen-tras-el-fiasco-con-trump.html?ssm=TW_CC\" target=\"_self\" rel=\"nofollow noopener\" title=\"https:\/\/elpais.com\/internacional\/2025-09-08\/von-der-leyen-se-prepara-para-su-primer-gran-examen-tras-el-fiasco-con-trump.html?ssm=TW_CC\">Fue un episodio humillante por el resultado: aranceles asim\u00e9tricos y la obligaci\u00f3n de comprar energ\u00eda y armamento estadounidenses<\/a>.<\/p>\n<p class=\"\"><b>P.<\/b> \u00bfY ahora?<\/p>\n<p class=\"\"><b>R.<\/b> Desde la llegada de Trump hay un patr\u00f3n que nunca falla: cuantas m\u00e1s ventajas consigue, m\u00e1s decidido avanza hacia el siguiente objetivo. Lo primero fue la obligaci\u00f3n de aceptar un mal acuerdo comercial por motivos de seguridad. Lo siguiente es suavizar la regulaci\u00f3n para las tecnol\u00f3gicas y rebajar el pacto verde. Europa deber\u00eda pensar d\u00f3nde debe fijar sus l\u00edneas rojas. No estamos listos para defendernos solos: eso condiciona todo lo dem\u00e1s. Rusia complica nuestra relaci\u00f3n con EE UU e indirectamente con China. <a href=\"https:\/\/elpais.com\/espana\/2025-04-11\/sanchez-defiende-ante-xi-el-acercamiento-a-pekin-en-plena-crisis-con-ee-uu-espana-ve-a-china-como-socio-de-la-ue.html\" target=\"_self\" rel=\"nofollow noopener\" title=\"https:\/\/elpais.com\/espana\/2025-04-11\/sanchez-defiende-ante-xi-el-acercamiento-a-pekin-en-plena-crisis-con-ee-uu-espana-ve-a-china-como-socio-de-la-ue.html\">Espa\u00f1a ha podido mostrar una actitud m\u00e1s abierta con Pek\u00edn<\/a> porque est\u00e1 lejos del frente: a los dem\u00e1s les toca apretar los dientes en esta era tan geopol\u00edtica, de hombres fuertes que amenazan con chantajes.<\/p>\n<p class=\"\"><b>P.<\/b> \u00bfHay que desamericanizar las relaciones internacionales mientras siga Trump?<\/p>\n<p class=\"\"><b>R.<\/b> Trump est\u00e1 dispuesto a acabar con el orden que EE UU ide\u00f3 tras 1945. Con esa arrogancia tan suya, dice estar construyendo una nueva era que durar\u00e1 100 a\u00f1os. Los halcones del trumpismo pretenden imponer un orden neoimperial \u2014Canad\u00e1, Groenlandia, Panam\u00e1&#8230;\u2014 que deja a la intemperie a Europa. La relaci\u00f3n transatl\u00e1ntica no tiene sentido para Trump: <a href=\"https:\/\/elpais.com\/internacional\/elecciones-usa\/2024-05-13\/america-primero-la-politica-exterior-para-un-segundo-mandato-de-trump-que-dibuja-un-think-tank.html\" target=\"_self\" rel=\"nofollow noopener\" title=\"https:\/\/elpais.com\/internacional\/elecciones-usa\/2024-05-13\/america-primero-la-politica-exterior-para-un-segundo-mandato-de-trump-que-dibuja-un-think-tank.html\">es Am\u00e9rica primero, no hay nada m\u00e1s<\/a>.<\/p>\n<p class=\"\"><b>P.<\/b> Y cuenta con varias sucursales populistas en Europa.<\/p>\n<p class=\"\"><b>R.<\/b> Durante la Guerra Fr\u00eda, la URSS apoyaba a la extrema izquierda para socavar las democracias europeas. Ahora tenemos a EE UU apoyando a la extrema derecha con el mismo objetivo. Se est\u00e1 librando una batalla por el alma de Europa con esas cartas tan feas.<\/p>\n<p class=\"\"><b>P.<\/b> \u00bfFunciona <a href=\"https:\/\/elpais.com\/internacional\/2025-08-03\/la-sumision-de-bruselas-a-trump-da-alas-a-la-extrema-derecha.html\" target=\"_self\" rel=\"nofollow noopener\" title=\"https:\/\/elpais.com\/internacional\/2025-08-03\/la-sumision-de-bruselas-a-trump-da-alas-a-la-extrema-derecha.html\">la pol\u00edtica de Bruselas de apaciguamiento<\/a> con Trump?<\/p>\n<p class=\"\"><b>R. <\/b><a href=\"https:\/\/elpais.com\/internacional\/2025-11-22\/trump-sugiere-que-podria-aceptar-cambios-en-su-plan-para-ucrania-no-es-mi-oferta-definitiva.html\" target=\"_self\" rel=\"nofollow noopener\" title=\"https:\/\/elpais.com\/internacional\/2025-11-22\/trump-sugiere-que-podria-aceptar-cambios-en-su-plan-para-ucrania-no-es-mi-oferta-definitiva.html\">El plan de Ucrania<\/a> no va sobre la relaci\u00f3n EE UU-Europa, sino sobre la de EE UU y Rusia, sobre Trump y Putin. Trump quiere imponer por la fuerza un pacto desfavorable a Europa y a Ucrania. Deja de lado el derecho internacional. Trata de que el equilibrio de poder actual se vea con toda su crudeza. En otras ocasiones, la UE ha sabido contraatacar con cierto \u00e9xito; ahora Washington amenaza con retirarse de Ucrania si no hay pacto. Bruselas y Kiev tienen la opci\u00f3n de un no acuerdo arriesgado dada la situaci\u00f3n en el campo de batalla, o de un mal acuerdo. No hay buen acuerdo posible. A lo m\u00e1ximo que podemos aspirar es a hacer es que ese mal acuerdo sea menos malo.<\/p>\n<p class=\"\"><b>P.<\/b> No es un gran objetivo.<\/p>\n<p class=\"\"><b>R.<\/b> Los europeos tenemos que despertar. La historia est\u00e1 cambiando y estamos subestimando esa metamorfosis. No somos capaces de seguir el ritmo. Nos quedamos atr\u00e1s, somos espantosamente lentos. El principal riesgo para Europa es geopol\u00edtico: ni el econ\u00f3mico, ni el cambio clim\u00e1tico, ni el envejecimiento, ni el invierno demogr\u00e1fico de Europa son tan graves ahora mismo como el riesgo geopol\u00edtico.<\/p>\n<p class=\"\"><b>P.<\/b> Para tomarse en serio ese riesgo hay que invertir en autonom\u00eda estrat\u00e9gica. En lugar de hacer eso, Bruselas est\u00e1 destejiendo como Pen\u00e9lope parte del camino: el mantra es simplificar y desregular en todas las agendas. \u00bfNo \u00e9ramos una potencia normativa?<\/p>\n<p class=\"\"><b>R.<\/b> Discrepo en parte: por ejemplo, <a href=\"https:\/\/elpais.com\/clima-y-medio-ambiente\/2025-11-13\/la-agenda-ultra-contra-las-politicas-verdes-revienta-el-cordon-sanitario-a-la-extrema-derecha-en-la-eurocamara.html\" target=\"_self\" rel=\"nofollow noopener\" title=\"https:\/\/elpais.com\/clima-y-medio-ambiente\/2025-11-13\/la-agenda-ultra-contra-las-politicas-verdes-revienta-el-cordon-sanitario-a-la-extrema-derecha-en-la-eurocamara.html\">en el desmontaje de la agenda verde.<\/a> La UE ha defendido en Belem esa agenda junto a China. Hay una correcci\u00f3n en el pacto verde, por el giro pol\u00edtico en Europa, pero la tendencia sigue ah\u00ed. La lucha por la hegemon\u00eda EE UU-China se juega tambi\u00e9n en el tablero de la energ\u00eda. Rusia y el Golfo est\u00e1n del lado de EE UU. Europa, m\u00e1s cerca de China. Menudo cambio.<\/p>\n<p class=\"\"><b>P. <\/b>\u00bfQu\u00e9 hacer cuando <a href=\"https:\/\/elpais.com\/internacional\/2025-11-21\/video-el-apoyo-a-la-ultraderecha-en-europa-se-dispara-entre-la-generacion-z.html\" target=\"_self\" rel=\"nofollow noopener\" title=\"https:\/\/elpais.com\/internacional\/2025-11-21\/video-el-apoyo-a-la-ultraderecha-en-europa-se-dispara-entre-la-generacion-z.html\">una cuarta parte del electorado apoya partidos que lo bloquean todo<\/a>?<\/p>\n<p class=\"\"><b>R.<\/b> El centro pol\u00edtico necesita ser efectivo, mostrar resultados. En la reindustrializaci\u00f3n. En los precios de la energ\u00eda. En vivienda. En ofrecer una perspectiva a los j\u00f3venes. Y hay que contraatacar en la guerra cultural, en la guerra ideol\u00f3gica, ofrecer una contranarrativa. Es falso que sea inevitable el triunfo de los ultras apoyados por las tecnol\u00f3gicas porque captan a la perfecci\u00f3n el zeitgeist, el esp\u00edritu de esta \u00e9poca. El verdadero trumpismo controla apenas el 10% del electorado. Pero los populistas, aliados con los tecnomagnates, est\u00e1n subidos en una ola, tienen empuje, llevan la bandera de una revoluci\u00f3n y est\u00e1n bien financiados: pueden fingir que son mucho m\u00e1s fuertes de lo que son. Son los propietarios de las redes, manejan el algoritmo, marcan a fuego los debates. Y as\u00ed llegamos a ese discurso de<a href=\"https:\/\/elpais.com\/ideas\/2025-04-29\/stephen-miller-el-general-de-la-guerra-de-trump-contra-los-migrantes.html\" target=\"_self\" rel=\"nofollow noopener\" title=\"https:\/\/elpais.com\/ideas\/2025-04-29\/stephen-miller-el-general-de-la-guerra-de-trump-contra-los-migrantes.html\"> Stephen Miller<\/a> tras la muerte del activista Charlie Kirk: \u201cNo sois nada, nosotros lo somos todo\u201d. Es un discurso terrible. Da pavor. Hay que contraatacar.<\/p>\n<p class=\"\"><b>P.<\/b> \u00bfLe parece que eso es lo que est\u00e1 haciendo la presidenta de la Comisi\u00f3n Europea, Ursula von der Leyen?<\/p>\n<p class=\"\"><b>R.<\/b> Hay una constelaci\u00f3n de razones por las que Von der Leyen ha elevado su perfil e invade competencias: el comisario de Defensa deber\u00eda ser de Industria de la defensa, seg\u00fan los tratados. Pero esta es la era de la geopol\u00edtica y de la geoeconom\u00eda: muchos de los asuntos clave son competencias de los Estados miembros y del Consejo, pero tienen consecuencias sobre la industria, la energ\u00eda y los aranceles, que son competencia de la Comisi\u00f3n. En seguridad econ\u00f3mica, Europa negocia con Trump la pol\u00edtica comercial, pero a la vez sobre la OTAN y Ucrania. La Comisi\u00f3n decide tomar las riendas, sin ninguna experiencia en eso. Con Von der Leyen estamos viendo una metamorfosis institucional en vivo y en directo.<\/p>\n<p class=\"\"><b>P.<\/b> \u00bfQu\u00e9 viene ahora, qu\u00e9 es lo siguiente?<\/p>\n<p class=\"\"><b>R. <\/b>En 2022, con la invasi\u00f3n de Ucrania, empez\u00f3 algo nuevo: un orden internacional neowestfaliano. Con grandes potencias y potencias menores en un mundo multipolar en el que cada cual vela por sus intereses. Para Europa es un momento dif\u00edcil, porque nacimos para el orden internacional liberal, para el poder blando. \u00bfSer\u00e1 capaz la UE de mutar para no quedarse fuera de juego?<\/p>\n<p class=\"\"><b>P. <\/b>Los catastrofistas dicen que no.<\/p>\n<p class=\"\"><b>R.<\/b> Los europeos seguimos teniendo buenas ideas, excelentes universidades, innovamos, somos ricos. Solo hay que fijarse en los flujos migratorios: a\u00fan somos atractivos. Hace un siglo los europeos hu\u00edan de aqu\u00ed: ten\u00edamos guerras, pobreza, hambrunas, antisemitismo. A\u00fan tenemos algunas cartas para jugar esta mano. Debemos ser firmes y a la vez pragm\u00e1ticos en defensa de nuestros intereses. A veces olvidamos que los valores europeos que tanto echamos de menos se sustentaban en el poder puro y duro: en el poder occidental. Eso ha cambiado; nos toca cambiar tambi\u00e9n. Hace 25 a\u00f1os pod\u00edamos emprender la lucha contra el cambio clim\u00e1tico en solitario; ahora hay que buscar alianzas. Por eso es tan interesante el papel de Espa\u00f1a en China.<\/p>\n<p class=\"\"><b>P.<\/b> Ha recibido cr\u00edticas duras por ello.<\/p>\n<p class=\"\"><b>R. <\/b>Pero ah\u00ed hay un camino. Con China, con la India y con el Sur Global, Europa tiene que jugar sus cartas. A mediados de siglo se cumplir\u00e1n 100 a\u00f1os de la revoluci\u00f3n china. Esa fecha est\u00e1 marcada en rojo en Pek\u00edn. Lo que hagan EE UU y China hasta entonces est\u00e1 por ver: los europeos tenemos la responsabilidad de tratar de equilibrar la balanza, de atemperar los \u00e1nimos, de evitar que las dos superpotencias de este siglo se enzarcen en un conflicto global de incierto final.<\/p>\n","protected":false},"excerpt":{"rendered":"Bruselas despertaba en Baudelaire \u201cel m\u00e1s irresistible asco\u201d. En los a\u00f1os en los que el poeta paseaba su&hellip;\n","protected":false},"author":2,"featured_media":266667,"comment_status":"","ping_status":"","sticky":false,"template":"","format":"standard","meta":{"footnotes":""},"categories":[42],"tags":[17,18,2317,1615,352,629,13,14,13804,7082,11,61,62,63,64,19,20,9,10,15,16,1613,1620,1614,12,7081,21,22,1617,1707,65,66,67,65935],"class_list":{"0":"post-266666","1":"post","2":"type-post","3":"status-publish","4":"format-standard","5":"has-post-thumbnail","7":"category-internacional","8":"tag-breaking-news","9":"tag-breakingnews","10":"tag-bruselas","11":"tag-china","12":"tag-donald-trump","13":"tag-estados-unidos","14":"tag-featured-news","15":"tag-featurednews","16":"tag-geopolitica","17":"tag-guerra-de-rusia-en-ucrania","18":"tag-headlines","19":"tag-internacional","20":"tag-international","21":"tag-international-news","22":"tag-internationalnews","23":"tag-latest-news","24":"tag-latestnews","25":"tag-news","26":"tag-noticias","27":"tag-noticias-destacadas","28":"tag-noticiasdestacadas","29":"tag-otan","30":"tag-relaciones-internacionales","31":"tag-rusia","32":"tag-titulares","33":"tag-ucrania","34":"tag-ultimas-noticias","35":"tag-ultimasnoticias","36":"tag-union-europea","37":"tag-ursula-von-der-leyen","38":"tag-world","39":"tag-world-news","40":"tag-worldnews","41":"tag-zygmunt-bauman"},"share_on_mastodon":{"url":"","error":"Validation failed: Text character limit of 500 exceeded"},"_links":{"self":[{"href":"https:\/\/www.europesays.com\/es\/wp-json\/wp\/v2\/posts\/266666","targetHints":{"allow":["GET"]}}],"collection":[{"href":"https:\/\/www.europesays.com\/es\/wp-json\/wp\/v2\/posts"}],"about":[{"href":"https:\/\/www.europesays.com\/es\/wp-json\/wp\/v2\/types\/post"}],"author":[{"embeddable":true,"href":"https:\/\/www.europesays.com\/es\/wp-json\/wp\/v2\/users\/2"}],"replies":[{"embeddable":true,"href":"https:\/\/www.europesays.com\/es\/wp-json\/wp\/v2\/comments?post=266666"}],"version-history":[{"count":0,"href":"https:\/\/www.europesays.com\/es\/wp-json\/wp\/v2\/posts\/266666\/revisions"}],"wp:featuredmedia":[{"embeddable":true,"href":"https:\/\/www.europesays.com\/es\/wp-json\/wp\/v2\/media\/266667"}],"wp:attachment":[{"href":"https:\/\/www.europesays.com\/es\/wp-json\/wp\/v2\/media?parent=266666"}],"wp:term":[{"taxonomy":"category","embeddable":true,"href":"https:\/\/www.europesays.com\/es\/wp-json\/wp\/v2\/categories?post=266666"},{"taxonomy":"post_tag","embeddable":true,"href":"https:\/\/www.europesays.com\/es\/wp-json\/wp\/v2\/tags?post=266666"}],"curies":[{"name":"wp","href":"https:\/\/api.w.org\/{rel}","templated":true}]}}