{"id":266668,"date":"2025-12-02T05:01:12","date_gmt":"2025-12-02T05:01:12","guid":{"rendered":"https:\/\/www.europesays.com\/es\/266668\/"},"modified":"2025-12-02T05:01:12","modified_gmt":"2025-12-02T05:01:12","slug":"pp-y-vox-se-enzarzan-en-lucha-por-el-voto-antisanchista-tras-la-tregua-por-valencia-espana","status":"publish","type":"post","link":"https:\/\/www.europesays.com\/es\/266668\/","title":{"rendered":"PP y Vox se enzarzan en lucha por el voto antisanchista tras la tregua por Valencia | Espa\u00f1a"},"content":{"rendered":"<p class=\"\">La tregua de PP y Vox ha llegado a su fin. La batalla en la derecha qued\u00f3 en suspenso durante las negociaciones para investir <a href=\"https:\/\/elpais.com\/espana\/comunidad-valenciana\/2025-11-27\/llorca-se-pliega-a-las-exigencias-de-vox-en-su-discurso-para-ser-investido-presidente-de-la-generalitat.html\" target=\"_self\" rel=\"nofollow noopener\" title=\"https:\/\/elpais.com\/espana\/comunidad-valenciana\/2025-11-27\/llorca-se-pliega-a-las-exigencias-de-vox-en-su-discurso-para-ser-investido-presidente-de-la-generalitat.html\">al president valenciano, Juan Francisco P\u00e9rez Llorca<\/a>. Pero el Partido Popular y los ultras han vuelto al choque directo con las elecciones extreme\u00f1as a la vuelta de la esquina, el pr\u00f3ximo d\u00eda 21. La presidenta de la comunidad, Mar\u00eda Guardiola, adelant\u00f3 los comicios en busca de una mayor\u00eda absoluta que, seg\u00fan el \u00faltimo estudio del CIS, est\u00e1 lejos. As\u00ed que el PP ha salido en tromba contra Vox, acus\u00e1ndolo de beneficiar al PSOE con su estrategia. El objetivo compartido es \u201cechar\u201d a Pedro S\u00e1nchez de la Moncloa, aunque ambos pelean entre s\u00ed por arrastrar los votos del antisanchismo. Mientras Alberto N\u00fa\u00f1ez Feij\u00f3o pide a Vox que abandonen la \u201cpinza\u201d con el PSOE, Santiago Abascal le reprocha que no presente una moci\u00f3n de censura contra S\u00e1nchez. <\/p>\n<p class=\"\">Antes del verano pasado, Feij\u00f3o rara vez mencionaba expl\u00edcitamente ni a Vox ni a Abascal en p\u00fablico. Pero con el inicio del curso pol\u00edtico, a mediados de septiembre, el PP comenz\u00f3 a explotar una estrategia renovada: confrontar directamente con los ultras. Feij\u00f3o busc\u00f3 el cuerpo a cuerpo contra Abascal en m\u00edtines y entrevistas para intentar combatir <a href=\"https:\/\/elpais.com\/espana\/2025-09-14\/quienes-son-los-nuevos-votantes-de-vox-datos-por-edad-sexo-y-clase-social.html\" target=\"_self\" rel=\"nofollow noopener\" title=\"https:\/\/elpais.com\/espana\/2025-09-14\/quienes-son-los-nuevos-votantes-de-vox-datos-por-edad-sexo-y-clase-social.html\">el ascenso fulgurante en las encuestas de su oponente en la derecha<\/a>. La guerra se fren\u00f3 durante las negociaciones entre ambas formaciones tras la dimisi\u00f3n de Carlos Maz\u00f3n, con quien Abascal ten\u00eda una relaci\u00f3n fluida. Salvada la Comunidad Valenciana, el PP se centra ahora en Extremadura, donde los populares temen una dura negociaci\u00f3n para formar gobierno si Guardiola queda en minor\u00eda. <\/p>\n<p class=\"\">Este domingo, los populares reunieron en el Templo de Debod a 40.000 personas, seg\u00fan la Delegaci\u00f3n de Gobierno. <a href=\"https:\/\/elpais.com\/espana\/2025-11-30\/feijoo-sugiere-que-sanchez-acabara-en-la-carcel-falta-el-uno.html\" target=\"_self\" rel=\"nofollow noopener\" title=\"https:\/\/elpais.com\/espana\/2025-11-30\/feijoo-sugiere-que-sanchez-acabara-en-la-carcel-falta-el-uno.html\">Durante su intervenci\u00f3n en la manifestaci\u00f3n del domingo<\/a>, Feij\u00f3o mand\u00f3 recados individualizados a los partidos con representaci\u00f3n parlamentaria. Tambi\u00e9n hubo un apartado concreto para la formaci\u00f3n de Abascal, a quien apel\u00f3 directamente para pedirle no \u201cequivocarse de adversario\u201d y abandonar \u201cla pinza\u201d con el PSOE. Vox no hab\u00eda secundado la protesta al considerarla una \u201cfarsa\u201d, aunque grupos afines a los ultras trataron de protestar despu\u00e9s del acto de los populares en la sede del PSOE de Ferraz, arrastrando a un millar de personas. <\/p>\n<p class=\"\">La contraprogramaci\u00f3n de dicha marcha alent\u00f3 la ira de la presidenta de la Comunidad de Madrid. Isabel D\u00edaz Ayuso volvi\u00f3 a ir un paso por delante de G\u00e9nova y carg\u00f3 en las redes sociales contra los ultras por la protesta de Ferraz. \u201cNo parece raro que Vox haya promovido una nueva trifulca, seguramente para restar protagonismo y fuerza a miles de ciudadanos de bien, a quienes agradecemos nuevamente su confianza. Vox trabaja para S\u00e1nchez hasta en domingo\u201d, espet\u00f3 D\u00edaz Ayuso a trav\u00e9s de X en la tarde del domingo, desencadenando el enfrentamiento con la formaci\u00f3n de Abascal.<\/p>\n<p class=\"\">La pugna fue a m\u00e1s. La andanada de la baronesa madrile\u00f1a fue contestada por la formaci\u00f3n de extrema derecha ya en la noche del domingo. \u201cLa concentraci\u00f3n-mitin del PP en el Templo de Debod ha sido una estafa: ni romp\u00e9is todos vuestros pactos con el PSOE, ni pon\u00e9is una moci\u00f3n de censura, ni os present\u00e1is en el juzgado contra la mafia del PSOE (como, por cierto, s\u00ed hacemos nosotros). Y nadie de Vox ha convocado nada en Ferraz; es a los ciudadanos espa\u00f1oles libres a los que est\u00e1s insultando. H\u00e1ztelo mirar\u201d, public\u00f3 la cuenta oficial de Vox. \u201cDe qu\u00e9 pino se ha ca\u00eddo la se\u00f1ora Ayuso\u201d, abund\u00f3 Abascal ya este lunes en declaraciones a los medios en Guadalupe (C\u00e1ceres).<\/p>\n<p class=\"\">G\u00e9nova continu\u00f3 este lunes con enfrentamiento azuzado por D\u00edaz Ayuso. La vicesecretaria del PP Cuca Gamarra se refiri\u00f3 al rifirrafe al ser preguntada por el asunto en una entrevista en Antena 3. \u201cAyer era un d\u00eda para poder estar todos los espa\u00f1oles en el Templo de Debod y, sin embargo, Vox, se pudo ver durante toda la tarde, tambi\u00e9n en las redes, se dedic\u00f3 m\u00e1s a atacar m\u00e1s al PP que PSOE\u201d, se\u00f1al\u00f3 Gamarra. \u201cSi alguien quiere tener el convencimiento de que quiere que su voto vaya al cambio, tiene que votar al PP, solo el Partido Popular puede decir a los espa\u00f1oles que tu voto puede cambiar a S\u00e1nchez\u201d, insisti\u00f3 la vicesecretaria popular. Esa apelaci\u00f3n al voto \u00fatil marca el camino del que ser\u00e1 a buen seguro el eje de la campa\u00f1a extreme\u00f1a.<\/p>\n<p class=\"\">Ya lo plante\u00f3 Feij\u00f3o el d\u00eda de la concentraci\u00f3n. \u201cQuiero dirigirme a Vox\u201d, se arranc\u00f3 el jefe de la oposici\u00f3n. Luego se produjo un silencio inc\u00f3modo de hasta ocho segundos en los que bebi\u00f3 agua, dio un manotazo en el atril y torci\u00f3 el gesto. \u201cQueridos amigos, no vamos a estar de acuerdo, no con lo que dec\u00eds vosotros, si no&#8230; No vamos a estar de acuerdo en todo con Vox, no, no, no, no&#8230; no somos Vox\u201d, a\u00f1adi\u00f3 Feij\u00f3o titubeante, para finalmente advertir a los ultras: \u201cHay una mayor\u00eda de espa\u00f1oles que exigen madurez y responsabilidad. D\u00e9jense de pinzas y no repitan los errores que cometieron hace dos a\u00f1os. No os equivoqu\u00e9is ni de objetivo, ni de prioridad, ni de adversario\u201d.<\/p>\n<p class=\"\">En el PP son muy conscientes de que Vox se est\u00e1 empleando a fondo en Extremadura. Antes de que empiece la campa\u00f1a, Abascal ya ha participado en numerosos actos sobre el terreno. Y este lunes devolvi\u00f3 los golpes a G\u00e9nova. <a href=\"https:\/\/elpais.com\/espana\/2025-12-01\/abascal-responde-a-feijoo-es-sorprendente-que-convoque-contra-la-corrupcion-tras-el-desmantelamiento-del-pp-de-almeria.html\" target=\"_self\" rel=\"nofollow noopener\" title=\"https:\/\/elpais.com\/espana\/2025-12-01\/abascal-responde-a-feijoo-es-sorprendente-que-convoque-contra-la-corrupcion-tras-el-desmantelamiento-del-pp-de-almeria.html\">En declaraciones a los medios de comunicaci\u00f3n en Guadalupe (C\u00e1ceres), <\/a>el presidente de Vox respondi\u00f3 a la llamada de atenci\u00f3n enviada por Feij\u00f3o desde el Templo de Debod. \u201c\u00bfPor qu\u00e9 acusa a Vox de algo que no hace y \u00e9l [s\u00ed] hace a lo bestia con una tenaza brutal de acuerdos entre el Partido Socialista y el Partido Popular?\u201c, se pregunt\u00f3 Abascal. \u201dSi lo que le estamos pidiendo es que no estafe, que no se dedique a convocar manifestaciones y enga\u00f1ar y a confundir a la gente, que haga oposici\u00f3n de verdad, que acuda a los tribunales\u201d, a\u00f1adi\u00f3 el l\u00edder de los ultras, que meti\u00f3 el dedo en la llaga al asegurar que Feij\u00f3o convoca protestas solo para \u201cno asumir la responsabilidad que tiene como primer partido de la oposici\u00f3n\u201d de presentar una moci\u00f3n de censura en el Congreso. <\/p>\n<p><img decoding=\"auto\" class=\"_re lazyload a_m-h\" height=\"233\"  width=\"414\"  src=\"https:\/\/www.europesays.com\/es\/wp-content\/uploads\/2025\/12\/U3PJ376ANBKUPH77TRGCBN54UM.jpg\" loading=\"lazy\"\/>El presidente de Vox, Santiago Abascal, durante su visita a Guadalupe, este lunes.EUROPA PRESS (Europa Press)<\/p>\n<p class=\"\">Las proclamas del jefe de los populares en la concentraci\u00f3n se enmarcaron a cinco d\u00edas de que comience la campa\u00f1a de las elecciones auton\u00f3micas en Extremadura. Y dos jornadas despu\u00e9s de que el Centro de Investigaciones Sociol\u00f3gicas (CIS) <a href=\"https:\/\/elpais.com\/espana\/2025-11-28\/el-pp-necesitara-a-vox-para-volver-a-gobernar-extremadura-segun-el-cis.html\" target=\"_self\" rel=\"nofollow noopener\" title=\"https:\/\/elpais.com\/espana\/2025-11-28\/el-pp-necesitara-a-vox-para-volver-a-gobernar-extremadura-segun-el-cis.html\">publicase un sondeo centrado en los comicios extreme\u00f1os<\/a>, que augura la victoria para la presidenta de la comunidad, Mar\u00eda Guardiola. Pero al menos a cuatro esca\u00f1os de la mayor\u00eda absoluta, por lo que necesitar\u00eda a Vox, que podr\u00eda multiplicar por dos el resultado que obtuvo en las \u00faltimas elecciones, cuando dobl\u00f3 el brazo de la baronesa popular, que en principio rechazaba de plano una coalici\u00f3n con los ultras. Aunque acab\u00f3 cediendo. <\/p>\n<p class=\"\">En la concentraci\u00f3n del domingo, y constatado el rechazo de Junts a su invitaci\u00f3n para una moci\u00f3n de censura instrumental, Feij\u00f3o endureci\u00f3 a\u00fan m\u00e1s el tono contra S\u00e1nchez, llegando a apuntar a la c\u00e1rcel tras la entrada en prisi\u00f3n preventiva del exministro socialista Jos\u00e9 Luis \u00c1balos, su exasesor Santos Cerd\u00e1n y el ex secretario de Organizaci\u00f3n del PSOE Santos Cerd\u00e1n. \u201cNo hay dos sin tres y probablemente no hay tres sin cuatro\u201d, se reafirm\u00f3 el n\u00famero dos del PP, Miguel Tellado, este lunes en rueda de prensa en la sede de G\u00e9nova, donde anunci\u00f3 que su formaci\u00f3n citar\u00e1 a Cerd\u00e1n <a href=\"https:\/\/elpais.com\/espana\/2025-12-01\/el-pp-cita-a-cerdan-en-la-comision-del-caso-koldo-del-senado-el-17-de-diciembre-en-plena-campana-extremena.html\" target=\"_self\" rel=\"nofollow noopener\" title=\"https:\/\/elpais.com\/espana\/2025-12-01\/el-pp-cita-a-cerdan-en-la-comision-del-caso-koldo-del-senado-el-17-de-diciembre-en-plena-campana-extremena.html\">a comparecer en la comisi\u00f3n del caso Koldo en el Senado el pr\u00f3ximo 17 de diciembre.<\/a><\/p>\n<p class=\"\">Durante su comparecencia, Tellado contest\u00f3 tambi\u00e9n a Abascal y alej\u00f3 la moci\u00f3n de censura tras la negativa manifestada por el secretario general de Junts, Jordi Turull, el s\u00e1bado. \u201cMotivos no faltan, lo que faltan son los votos\u201d, subray\u00f3 Tellado. \u201cNo vamos a hacer una moci\u00f3n para darle ox\u00edgeno a Pedro S\u00e1nchez\u201d, apostill\u00f3 el dirigente del PP.<\/p>\n","protected":false},"excerpt":{"rendered":"La tregua de PP y Vox ha llegado a su fin. La batalla en la derecha qued\u00f3 en&hellip;\n","protected":false},"author":2,"featured_media":266669,"comment_status":"","ping_status":"","sticky":false,"template":"","format":"standard","meta":{"footnotes":""},"categories":[8],"tags":[6069,17,18,63513,25,24,7234,13,14,11,19,20,9,10,15,16,957,2959,956,6914,23,12,21,22,624],"class_list":{"0":"post-266668","1":"post","2":"type-post","3":"status-publish","4":"format-standard","5":"has-post-thumbnail","7":"category-espana","8":"tag-alberto-nunez-feijoo","9":"tag-breaking-news","10":"tag-breakingnews","11":"tag-elecciones-extremenas","12":"tag-es","13":"tag-espana","14":"tag-extremadura","15":"tag-featured-news","16":"tag-featurednews","17":"tag-headlines","18":"tag-latest-news","19":"tag-latestnews","20":"tag-news","21":"tag-noticias","22":"tag-noticias-destacadas","23":"tag-noticiasdestacadas","24":"tag-partidos-politicos","25":"tag-pedro-sanchez","26":"tag-pp","27":"tag-santiago-abascal","28":"tag-spain","29":"tag-titulares","30":"tag-ultimas-noticias","31":"tag-ultimasnoticias","32":"tag-vox"},"share_on_mastodon":{"url":"https:\/\/pubeurope.com\/@es\/115648219556993680","error":""},"_links":{"self":[{"href":"https:\/\/www.europesays.com\/es\/wp-json\/wp\/v2\/posts\/266668","targetHints":{"allow":["GET"]}}],"collection":[{"href":"https:\/\/www.europesays.com\/es\/wp-json\/wp\/v2\/posts"}],"about":[{"href":"https:\/\/www.europesays.com\/es\/wp-json\/wp\/v2\/types\/post"}],"author":[{"embeddable":true,"href":"https:\/\/www.europesays.com\/es\/wp-json\/wp\/v2\/users\/2"}],"replies":[{"embeddable":true,"href":"https:\/\/www.europesays.com\/es\/wp-json\/wp\/v2\/comments?post=266668"}],"version-history":[{"count":0,"href":"https:\/\/www.europesays.com\/es\/wp-json\/wp\/v2\/posts\/266668\/revisions"}],"wp:featuredmedia":[{"embeddable":true,"href":"https:\/\/www.europesays.com\/es\/wp-json\/wp\/v2\/media\/266669"}],"wp:attachment":[{"href":"https:\/\/www.europesays.com\/es\/wp-json\/wp\/v2\/media?parent=266668"}],"wp:term":[{"taxonomy":"category","embeddable":true,"href":"https:\/\/www.europesays.com\/es\/wp-json\/wp\/v2\/categories?post=266668"},{"taxonomy":"post_tag","embeddable":true,"href":"https:\/\/www.europesays.com\/es\/wp-json\/wp\/v2\/tags?post=266668"}],"curies":[{"name":"wp","href":"https:\/\/api.w.org\/{rel}","templated":true}]}}