{"id":266670,"date":"2025-12-02T05:02:33","date_gmt":"2025-12-02T05:02:33","guid":{"rendered":"https:\/\/www.europesays.com\/es\/266670\/"},"modified":"2025-12-02T05:02:33","modified_gmt":"2025-12-02T05:02:33","slug":"el-pp-cita-a-santos-cerdan-en-el-senado-el-17-de-diciembre","status":"publish","type":"post","link":"https:\/\/www.europesays.com\/es\/266670\/","title":{"rendered":"El PP cita a Santos Cerd\u00e1n en el Senado el 17 de diciembre"},"content":{"rendered":"<p class=\"article-text\">\n        El exsecretario de Organizaci\u00f3n del PSOE Santos Cerd\u00e1n ser\u00e1 citado el pr\u00f3ximo 17 de diciembre en la comisi\u00f3n de investigaci\u00f3n del Senado sobre el &#8216;caso Koldo&#8217;, seg\u00fan ha anunciado este lunes el secretario general del PP, Miguel Tellado. A la C\u00e1mara Alta ser\u00e1n convocados tambi\u00e9n V\u00edctor \u00c1balos, el hijo de Jos\u00e9 Luis \u00c1balos, y el hoy secretario de Estado de Telecomunicaciones e Infraestructuras Digitales, Antonio Hernando, estos dos \u00faltimos sin fechas.\n    <\/p>\n<p>    <a href=\"https:\/\/www.eldiario.es\/politica\/abalos-recrimina-gobierno-carcel-no-defienda-inocencia-carcel-sistema-decidido_1_12808737.html\" data-mrf-recirculation=\"saber-mas\" data-dl-event=\"saber-mas\" rel=\"nofollow noopener\" target=\"_blank\"><\/p>\n<p class=\"know-more__title\">\u00c1balos recrimina al Gobierno que no defienda su inocencia: \u00abEstoy en la c\u00e1rcel porque el sistema as\u00ed lo ha decidido\u00bb<\/p>\n<p>            <img decoding=\"async\" class=\"lazy\" loading=\"lazy\" data-src=\"https:\/\/static.eldiario.es\/clip\/6c19ea6c-558e-40d0-bd24-f175c17a8ef2_16-9-aspect-ratio_default_0_x1050y240.jpg\" src=\"data:image\/svg+xml,%3Csvg xmlns=\" http:=\"\" viewbox=\"0 0 880 495\" alt=\"\u00c1balos recrimina al Gobierno que no defienda su inocencia: &quot;Estoy en la c\u00e1rcel porque el sistema as\u00ed lo ha decidido&quot;\"\/><\/p>\n<p>                        <\/a><\/p>\n<p class=\"article-text\">\n        Tellado ha asegurado que interrogar\u00e1n a Cerd\u00e1n sobre el supuesto \u201ccheque en blanco\u201d que le ofreci\u00f3 a \u00c1balos, seg\u00fan una entrevista de su hijo <a href=\"https:\/\/www.elmundo.es\/espana\/2025\/11\/30\/692c870dfdddffa0128b459c.html\" target=\"_blank\" data-mrf-recirculation=\"links-noticia\" class=\"link\" rel=\"nofollow noopener\">a &#8216;El Mundo&#8217;<\/a>. El propio V\u00edctor \u00c1balos deber\u00e1 responder sobre sus propias afirmaciones.\n    <\/p>\n<p class=\"article-text\">\n        En cuanto a Hernando, Tellado ha explicado que le preguntar\u00e1n sobre su papel en los supuestos trabajos de Leire D\u00edez para desactivar las investigaciones judiciales.\n    <\/p>\n<p class=\"article-text\">\n        \u201cHoy nos desayunamos con Koldo apuntando a que Bego\u00f1a G\u00f3mez podr\u00eda haberse llevado hasta un mill\u00f3n de euros por el rescate de Air Europa\u201d, una referencia a una entrevista con el exasesor de \u00c1balos que publica este lunes &#8216;Ok Diario&#8217;. Koldo est\u00e1 Garc\u00eda est\u00e1 en prisi\u00f3n, por lo que la entrevista tuvo que ser realizada y pactada antes de su encarcelamiento.\n    <\/p>\n<p class=\"article-text\">\n        Tellado ha sumado que \u201cel hijo de Jos\u00e9 Luis \u00c1balos declara que S\u00e1nchez ofreci\u00f3 a \u00c1balos a trav\u00e9s de Santos Cerd\u00e1n un cheque en blanco para comprar su silencio\u201d. \u201cAs\u00ed se las gastan para evitar que cuente todo lo que sabe, un cheque en blanco para buscar la omert\u00e1\u201d ha a\u00f1adido. \u201cUn comportamiento propio de la mafia, es todo lo que queda ya del &#8216;sanchismo&#8217; en este momento. Un espect\u00e1culo lamentable que ha llevado ya a tres de sus cuatro padres fundadores a prisi\u00f3n\u201d, ha zanjado.\n    <\/p>\n<p class=\"article-text\">\n        \u201cEntre corruptos anda el juego\u201d, ha dicho Tellado para justificar que el PP d\u00e9 toda la credibilidad a las declaraciones de \u00c1balos, su hijo, Koldo y otros integrantes de la trama, mientras se la quita al l\u00edder de EH Bildu, Arnaldo Otegi, quien neg\u00f3 la semana pasada haberse reunido en 2018 con Pedro S\u00e1nchez para pactar la moci\u00f3n de censura que derrib\u00f3 a Mariano Rajoy.\n    <\/p>\n<p class=\"article-text\">\n        Tellado ha aprovechado para recuperar una idea que ya expresaron este domingo el l\u00edder del PP, Alberto N\u00fa\u00f1ez Feij\u00f3o, y la presidenta de Madrid, Isabel D\u00edaz Ayuso, quienes anticiparon que el presidente del Gobierno, <a href=\"https:\/\/www.eldiario.es\/politica\/feijoo-ayuso-apuntan-pedro-sanchez-koldo-cerdan-abalos-tres-conocen-carcel-falta_1_12808800.html\" target=\"_blank\" data-mrf-recirculation=\"links-noticia\" class=\"link\" rel=\"nofollow noopener\">Pedro S\u00e1nchez, tambi\u00e9n acabar\u00e1 en la c\u00e1rcel<\/a>.\n    <\/p>\n<p>    <a href=\"https:\/\/www.eldiario.es\/politica\/feijoo-ayuso-apuntan-pedro-sanchez-koldo-cerdan-abalos-tres-conocen-carcel-falta_1_12808800.html\" data-mrf-recirculation=\"saber-mas-abajo\" data-dl-event=\"saber-mas-abajo\" rel=\"nofollow noopener\" target=\"_blank\"><\/p>\n<p class=\"know-more__title\">Feij\u00f3o y Ayuso apuntan a Pedro S\u00e1nchez tras Koldo, Cerd\u00e1n y \u00c1balos: \u00abTres ya conocen la c\u00e1rcel, falta &#8216;el uno\u00bb<\/p>\n<p>            <img decoding=\"async\" class=\"lazy\" loading=\"lazy\" data-src=\"https:\/\/static.eldiario.es\/clip\/c0f1a054-309c-4122-892a-c25cfc0ced93_16-9-aspect-ratio_default_0.jpg\" src=\"data:image\/svg+xml,%3Csvg xmlns=\" http:=\"\" viewbox=\"0 0 880 495\" alt=\"Feij\u00f3o y Ayuso apuntan a Pedro S\u00e1nchez tras Koldo, Cerd\u00e1n y \u00c1balos: &quot;Tres ya conocen la c\u00e1rcel, falta 'el uno&quot;\"\/><\/p>\n<p>                        <\/a><\/p>\n<p class=\"article-text\">\n        \u201cLa \u00fanica realidad es que del clan del Peugeot van tres de cuatro. Dice el refranero popular que no hay dos sin tres. Y nosotros creemos que efectivamente no hay dos sin tres, y probablemente tampoco hay tres, sino cuatro\u201d, ha asegurado.\n    <\/p>\n","protected":false},"excerpt":{"rendered":"El exsecretario de Organizaci\u00f3n del PSOE Santos Cerd\u00e1n ser\u00e1 citado el pr\u00f3ximo 17 de diciembre en la comisi\u00f3n&hellip;\n","protected":false},"author":2,"featured_media":266671,"comment_status":"","ping_status":"","sticky":false,"template":"","format":"standard","meta":{"footnotes":""},"categories":[5],"tags":[10178,17,18,9594,7716,35329,25,24,13,14,11,19,20,9,10,15,16,956,9593,6912,23,12,21,22],"class_list":{"0":"post-266670","1":"post","2":"type-post","3":"status-publish","4":"format-standard","5":"has-post-thumbnail","7":"category-titulares","8":"tag-10178","9":"tag-breaking-news","10":"tag-breakingnews","11":"tag-cerdan","12":"tag-cita","13":"tag-diciembre","14":"tag-es","15":"tag-espana","16":"tag-featured-news","17":"tag-featurednews","18":"tag-headlines","19":"tag-latest-news","20":"tag-latestnews","21":"tag-news","22":"tag-noticias","23":"tag-noticias-destacadas","24":"tag-noticiasdestacadas","25":"tag-pp","26":"tag-santos","27":"tag-senado","28":"tag-spain","29":"tag-titulares","30":"tag-ultimas-noticias","31":"tag-ultimasnoticias"},"share_on_mastodon":{"url":"https:\/\/pubeurope.com\/@es\/115648223223878167","error":""},"_links":{"self":[{"href":"https:\/\/www.europesays.com\/es\/wp-json\/wp\/v2\/posts\/266670","targetHints":{"allow":["GET"]}}],"collection":[{"href":"https:\/\/www.europesays.com\/es\/wp-json\/wp\/v2\/posts"}],"about":[{"href":"https:\/\/www.europesays.com\/es\/wp-json\/wp\/v2\/types\/post"}],"author":[{"embeddable":true,"href":"https:\/\/www.europesays.com\/es\/wp-json\/wp\/v2\/users\/2"}],"replies":[{"embeddable":true,"href":"https:\/\/www.europesays.com\/es\/wp-json\/wp\/v2\/comments?post=266670"}],"version-history":[{"count":0,"href":"https:\/\/www.europesays.com\/es\/wp-json\/wp\/v2\/posts\/266670\/revisions"}],"wp:featuredmedia":[{"embeddable":true,"href":"https:\/\/www.europesays.com\/es\/wp-json\/wp\/v2\/media\/266671"}],"wp:attachment":[{"href":"https:\/\/www.europesays.com\/es\/wp-json\/wp\/v2\/media?parent=266670"}],"wp:term":[{"taxonomy":"category","embeddable":true,"href":"https:\/\/www.europesays.com\/es\/wp-json\/wp\/v2\/categories?post=266670"},{"taxonomy":"post_tag","embeddable":true,"href":"https:\/\/www.europesays.com\/es\/wp-json\/wp\/v2\/tags?post=266670"}],"curies":[{"name":"wp","href":"https:\/\/api.w.org\/{rel}","templated":true}]}}