{"id":266674,"date":"2025-12-02T05:12:09","date_gmt":"2025-12-02T05:12:09","guid":{"rendered":"https:\/\/www.europesays.com\/es\/266674\/"},"modified":"2025-12-02T05:12:09","modified_gmt":"2025-12-02T05:12:09","slug":"de-eugenia-martinez-de-irujo-a-pablo-alboran-los-famosos-no-se-pierden-los-oscar-del-turismo-diez-minutos","status":"publish","type":"post","link":"https:\/\/www.europesays.com\/es\/266674\/","title":{"rendered":"De Eugenia Mart\u00ednez de Irujo a Pablo Albor\u00e1n: los famosos no se pierden los &#039;\u00d3scar del turismo&#039; &#8211; Diez Minutos"},"content":{"rendered":"<ol>\n<li><a href=\"https:\/\/news.google.com\/rss\/articles\/CBMiygFBVV95cUxOc1lzQ09LdHJhbUg3b1FoYWN5SW5paFRqVEhNc3VyRC1wLVlfbmZERWp1XzZqNzFDX1ZlMC04SDNRR0NkazBPQW5BN05vM0N3eGdHOU1venlwX0lPMVVfbTdOM2tYamRLQklLTThkNExUMWlDRjJCeW5lS1NqV1ZuN1lrRWtydHBRRExxdWhNMW9sQk5HQU53NTdpZWhMVmNVUVNTcS1aQmdtY0E4UlFVR1RtUXhHcGw2X3ZnSmVQQlBOSF96VmhOVmNn?oc=5\" target=\"_blank\" rel=\"nofollow noopener\">De Eugenia Mart\u00ednez de Irujo a Pablo Albor\u00e1n: los famosos no se pierden los &#8216;\u00d3scar del turismo&#8217;<\/a>&nbsp;&nbsp;Diez Minutos<\/li>\n<li><a href=\"https:\/\/news.google.com\/rss\/articles\/CBMitgFBVV95cUxNTHIyaUZyaTNVc05GMWV0NGN0ZllhRlQ0UHBSTGRCUFItRnVWVzJxSzVkY3lzSUlKSGk4bE1WVDlNcFhubk4ydjlOVVM5cUlXRkM0MzNIZWh6RGV0Rzk3dnFiSG80UEVGdEtHZ1FBMDIxOUpKTi1nd05iQ0MyNlBXbXFBQkpsR0JwUlZ2ZlV4cTh2STZJOVJ1eDRaUkFwcWlEVjJZVmJPUW5tc0VhekZodGp2RzR1Zw?oc=5\" target=\"_blank\" rel=\"nofollow noopener\">De Eugenia Mart\u00ednez de Irujo a Ana Rosa Quintana: los looks de las invitadas a una noche m\u00e1gica que hace historia<\/a>&nbsp;&nbsp;Vanitatis<\/li>\n<li><a href=\"https:\/\/news.google.com\/rss\/articles\/CBMi9AJBVV95cUxOQjIwSkV1dV9pXzFWQi0wYVhLa3Q1QkMxc0FRTVNwMEdCSXZ3djRxOGFpeTAxV2U1cUpaV3lCcmtsU2xuNTNYenRNV2FCTzdoMDVRWGZVd2RzX3lFQWNVc0tJbXI1TG13ODRDZmtLSktlRVI1dzlQOVZ6Ul9xdU5LdjBUY1lCay1BQU5WRlVXYUEwQ1liTWx6OFZzdlVxUlJWZ1EyOElrT1BvdEQ0bEhKOFJuamJQZnpfUV9FcE15UDhKNnBqeGpxREp0RmlnZEZSRjJoYVdKaVNxQ1pFVzh4d19hNlI0ZTJWNGFHQmlnWmpRRmFLMTByN3pFUldiNGZfMmxqNXhRV0NfcDhPS3FvLTJSV21udDZKT2x3cU9iTk1VUDE5aHRXSnVyelpCLUdhUnRhSGhpbDNhMHY0dzNhVVBjSzdZSUQ1U2VVdnlBMWEzaGtpU0NidGNnRVRFRHZsSEJyQ24zR29GUDNhZ2FZenRNSlY?oc=5\" target=\"_blank\" rel=\"nofollow noopener\">Ma\u00edllo, en la primera edici\u00f3n de Spain Travel Awards<\/a>&nbsp;&nbsp;Ayuntamiento de Madrid<\/li>\n<li><a href=\"https:\/\/news.google.com\/rss\/articles\/CBMiygFBVV95cUxNZTZzME5Dd2RtcTlfM3NSM3BwaHJuUW5qQW1nRXBJQzB6dGczLWxmdWZ1SV9nMEpWcEF3dEVVWjU5ZHdacWlFMEhpZFI1d1dtcmQ1d0F5SVlaNlhWUTlJbTBRMjNjWllGZk1rbmY1TG1yN2ZBSXl1VVFaZ1RRdWdILXNuYUJ6VExMTjUxSjJRYTk0RmhhLXJWMnZCeE9RR253Xy0taEdjM2dKMDBxV1VmOXlwNHV3aWNSOUJtcG9aV25pVGh4VWpoRVd3?oc=5\" target=\"_blank\" rel=\"nofollow noopener\">Madrid acoger\u00e1 la primera edici\u00f3n de los Spain Travel Awards, la gran gala del turismo en Espa\u00f1a<\/a>&nbsp;&nbsp;Forbes Espa\u00f1a<\/li>\n<li><a href=\"https:\/\/news.google.com\/rss\/articles\/CBMixgFBVV95cUxOOVVob0RhZUh4eHFVaElieHdIWGxvYl9Na0t3Q1Z6Yjh1ZlBZRnc1UV9DbXdhLVdrUXBoaVJ3dXNqVXRtUUZ4dFJXbklBT2VwUWg2ODlVa1FJNTFEWi1EcXhqT3V2VE41R1U3NGZxZ0VjU3YtU3g0TUxVYnZHYkZob3dKMlUxb1RsdWpwR3FBZDJqNDktTnJPS2t6azJ4V01JNUhJeUdnWGRMSHVJZUZJS1R0a1VaWWdlaml6ZmJ1MzVyVmRnckE?oc=5\" target=\"_blank\" rel=\"nofollow noopener\">La alfombra roja de los Spain Travel Awards, en fotos: todos los looks, de Ana Rosa Quintana a Pablo Albor\u00e1n<\/a>&nbsp;&nbsp;Divinity<\/li>\n<\/ol>\n","protected":false},"excerpt":{"rendered":"De Eugenia Mart\u00ednez de Irujo a Pablo Albor\u00e1n: los famosos no se pierden los &#8216;\u00d3scar del turismo&#8217;&nbsp;&nbsp;Diez Minutos&hellip;\n","protected":false},"author":2,"featured_media":266675,"comment_status":"","ping_status":"","sticky":false,"template":"","format":"standard","meta":{"footnotes":""},"categories":[174],"tags":[255,253,146,147,25,24,256,23],"class_list":{"0":"post-266674","1":"post","2":"type-post","3":"status-publish","4":"format-standard","5":"has-post-thumbnail","7":"category-famosos","8":"tag-celebrities","9":"tag-discover","10":"tag-entertainment","11":"tag-entretenimiento","12":"tag-es","13":"tag-espana","14":"tag-famosos","15":"tag-spain"},"share_on_mastodon":{"url":"https:\/\/pubeurope.com\/@es\/115648262525144002","error":""},"_links":{"self":[{"href":"https:\/\/www.europesays.com\/es\/wp-json\/wp\/v2\/posts\/266674","targetHints":{"allow":["GET"]}}],"collection":[{"href":"https:\/\/www.europesays.com\/es\/wp-json\/wp\/v2\/posts"}],"about":[{"href":"https:\/\/www.europesays.com\/es\/wp-json\/wp\/v2\/types\/post"}],"author":[{"embeddable":true,"href":"https:\/\/www.europesays.com\/es\/wp-json\/wp\/v2\/users\/2"}],"replies":[{"embeddable":true,"href":"https:\/\/www.europesays.com\/es\/wp-json\/wp\/v2\/comments?post=266674"}],"version-history":[{"count":0,"href":"https:\/\/www.europesays.com\/es\/wp-json\/wp\/v2\/posts\/266674\/revisions"}],"wp:featuredmedia":[{"embeddable":true,"href":"https:\/\/www.europesays.com\/es\/wp-json\/wp\/v2\/media\/266675"}],"wp:attachment":[{"href":"https:\/\/www.europesays.com\/es\/wp-json\/wp\/v2\/media?parent=266674"}],"wp:term":[{"taxonomy":"category","embeddable":true,"href":"https:\/\/www.europesays.com\/es\/wp-json\/wp\/v2\/categories?post=266674"},{"taxonomy":"post_tag","embeddable":true,"href":"https:\/\/www.europesays.com\/es\/wp-json\/wp\/v2\/tags?post=266674"}],"curies":[{"name":"wp","href":"https:\/\/api.w.org\/{rel}","templated":true}]}}