{"id":266678,"date":"2025-12-02T05:18:09","date_gmt":"2025-12-02T05:18:09","guid":{"rendered":"https:\/\/www.europesays.com\/es\/266678\/"},"modified":"2025-12-02T05:18:09","modified_gmt":"2025-12-02T05:18:09","slug":"raphinha-la-carta-de-flick-para-recuperar-al-barca-futbol-deportes","status":"publish","type":"post","link":"https:\/\/www.europesays.com\/es\/266678\/","title":{"rendered":"Raphinha, la carta de Flick para recuperar al Bar\u00e7a | F\u00fatbol | Deportes"},"content":{"rendered":"<p class=\"\"><a href=\"https:\/\/elpais.com\/deportes\/futbol\/2025-11-29\/flick-raphinha-es-muy-intenso-y-hace-que-el-resto-tambien-presione.html\" target=\"_blank\" rel=\"noreferrer nofollow noopener\" title=\"https:\/\/elpais.com\/deportes\/futbol\/2025-11-29\/flick-raphinha-es-muy-intenso-y-hace-que-el-resto-tambien-presione.html\">Hansi Flick<\/a> pas\u00f3 del cabreo con el club a la decepci\u00f3n con su equipo. Y, por ahora, no encuentra respuestas. Ni en los despachos ni en el vestuario, solo a la espera de que recuperen la mejor forma Lamine Yamal, Pedri y Raphinha. El catal\u00e1n desequilibra, el canario piensa y el brasile\u00f1o presiona. Justo lo que necesita el Bar\u00e7a en este segundo curso. \u201cNo tenemos ni el control ni la intensidad del a\u00f1o pasado\u201d, subray\u00f3 el alem\u00e1n tras el partido ante el Alav\u00e9s, \u00faltima escala del Bar\u00e7a antes de defender el primer puesto en la Liga contra el Atl\u00e9tico (21.00. Movistar).<\/p>\n<p>M\u00e1s informaci\u00f3n<\/p>\n<p class=\"\"><a href=\"https:\/\/elpais.com\/deportes\/futbol\/2025-11-24\/el-barcelona-se-lia-con-los-lesionados-no-estoy-enfadado-con-los-medicos-dice-hansi-flick.html\" target=\"_blank\" rel=\"noreferrer nofollow noopener\" title=\"https:\/\/elpais.com\/deportes\/futbol\/2025-11-24\/el-barcelona-se-lia-con-los-lesionados-no-estoy-enfadado-con-los-medicos-dice-hansi-flick.html\">A Flick le cuesta revalidar lo cosechado<\/a>. Al menos, cuando se mira su curr\u00edculum. Salv\u00f3 del descenso al Victoria (1996-1997), pero termin\u00f3 en la cola la siguiente campa\u00f1a y acab\u00f3 con el equipo en la quinta divisi\u00f3n. Su segunda experiencia como primer entrenador fue en el Hoffenheim: ascendi\u00f3 a tercera para, al a\u00f1o siguiente, dejarlo en el puesto 13. En el Bayern logr\u00f3 lo nunca visto en el gigante alem\u00e1n: el sextete en la campa\u00f1a 2019-2020, adem\u00e1s del r\u00e9cord hist\u00f3rico de victorias (81%). En el segundo curso solo se qued\u00f3 con la Bundesliga. En Alemania el contraste fue mayor: pas\u00f3 de ganar todos los partidos (siete) en su primer a\u00f1o a quedarse fuera de Qatar en la fase de grupos, para luego ser destituido tras caer por 1-4 en un amistoso frente a Jap\u00f3n.<\/p>\n<p class=\"\"><a href=\"https:\/\/elpais.com\/deportes\/futbol\/2025-11-21\/el-ansiado-regreso-de-joan-garcia.html\" target=\"_blank\" rel=\"noreferrer nofollow noopener\" title=\"https:\/\/elpais.com\/deportes\/futbol\/2025-11-21\/el-ansiado-regreso-de-joan-garcia.html\">Tras ganar la Liga, la Copa y la Supercopa, <\/a>adem\u00e1s de alcanzar la semifinal de la Champions el curso pasado, esta campa\u00f1a no ha comenzado de la mejor manera para Flick. El primer traspi\u00e9 lo tuvo en los despachos. Seg\u00fan explican fuentes del club, puso el grito en el cielo cuando el Bar\u00e7a volvi\u00f3 a sufrir para inscribir los fichajes. Al enfado por no saber cu\u00e1ndo pod\u00eda contar con los refuerzos se le sum\u00f3 la incertidumbre del regreso al Camp Nou. Flick, adem\u00e1s, tuvo que lidiar con la disputa entre los servicios m\u00e9dicos y los fisioterapeutas, un conflicto en el que el t\u00e9cnico qued\u00f3 en medio: obligado, por ejemplo, a convocar a un jugador importante (los fisios dec\u00edan que estaba recuperado) para luego no hacerlo jugar ni un minuto (los m\u00e9dicos aseguraban que no lo estaba).<\/p>\n<p class=\"\">El desaf\u00edo m\u00e1s complejo, en cualquier caso, lo tiene en el vestuario. En lo que va de temporada, Flick ha visto c\u00f3mo 13 jugadores, la mitad que en toda la temporada pasada, estuvieron de baja. Todav\u00eda contin\u00faan Ter Stegen \u2014ayer entren\u00f3 con el grupo, pero no tiene el alta\u2014 y Gavi. \u201cNecesitamos m\u00e1s minutos con el once titular. Antes hab\u00eda constancia. Y este a\u00f1o, no\u201d, justifica el preparador.<\/p>\n<p><img decoding=\"auto\" class=\"_re lazyload a_m-h\" height=\"276\"  width=\"414\"  src=\"https:\/\/www.europesays.com\/es\/wp-content\/uploads\/2025\/12\/PBNVXX3R4JNCTETXQQVSZ6M4NA.jpg\" loading=\"lazy\"\/>Hansi Flick saluda a Raphinha, en un partido del Barcelona de esta temporada.Joan Monfort (AP)<\/p>\n<p class=\"\">Los jugadores entran y salen de la enfermer\u00eda, sin que Flick consiga darle una vuelta m\u00e1s a un equipo que funcionaba en Espa\u00f1a, tambi\u00e9n en Europa, siempre amigo del golpe por golpe.<\/p>\n<p class=\"\">Los n\u00fameros, en cualquier caso, no reflejan el baj\u00f3n. Esta campa\u00f1a completan un total de 552 pases por partido, por los 550 de la anterior. Los remates a porter\u00eda contraria antes eran siete por duelo y ahora 6,9, mientras que la posesi\u00f3n es casi calcada: 66,93% y 66,39%. Sin embargo, Flick insisti\u00f3: \u201cTodo el mundo quiere ganar al campe\u00f3n. Somos primeros, pero no estamos en nuestro mejor nivel. Hay que recuperarlo\u201d.<\/p>\n<p class=\"\">El problema, entonces, es invisible a los n\u00fameros pero visible para Flick. Lamine, por ejemplo, este curso se perdi\u00f3 cuatro de 14 partidos en La Liga (30%) por los tres del curso pasado (8%). Lo mismo pasa con Pedri: 22% este curso por el 2% de la campa\u00f1a anterior. Ninguna ausencia ha resentido tanto al Bar\u00e7a como la de Raphinha. El brasile\u00f1o estuvo ausente el 5% de los encuentros de la temporada 2024-2025, pero en esta ya se ha perdido el 43%. \u201cEcho de menos a Raphinha\u201d, explicaba Flick.<\/p>\n<p class=\"\">Nadie ejecuta la presi\u00f3n como Raphinha. El brasile\u00f1o corre 10,2 kil\u00f3metros por partido, <a href=\"https:\/\/elpais.com\/deportes\/futbol\/2025-09-18\/el-mejor-rashford-se-reivindica-en-europa.html\" target=\"_self\" rel=\"nofollow noopener\" title=\"https:\/\/elpais.com\/deportes\/futbol\/2025-09-18\/el-mejor-rashford-se-reivindica-en-europa.html\">por los 9,5 de Rashford<\/a>. La diferencia se potencia cuando se comparan los sprints: 60 por 38. \u201cMuchas veces soy un poco pesado con lo de presionar\u201d, se quej\u00f3 Raphinha tras el partido contra el Alav\u00e9s. Antes hab\u00eda intentado consolar a un cabizbajo Flick en una imagen que gener\u00f3 revuelo. \u201cSab\u00eda que hab\u00eda c\u00e1maras\u201d, protest\u00f3 un directivo. \u201cEs curiosa la imagen m\u00eda que ha salido de aquel partido. No s\u00e9 qui\u00e9n inici\u00f3 los comentarios. Estaba decepcionado, porque perdimos muchos balones y porque expulsaron a dos colaboradores m\u00edos. No estaba triste ni pensando en otras cosas. No estamos tan al m\u00e1ximo como el a\u00f1o pasado, pero tenemos potencial\u201d, justific\u00f3.<\/p>\n<p class=\"\">Hay jugadores que lo ven agotado. \u00c9l, sin embargo, asegura que sigue buscando soluciones. No podr\u00e1 contar, eso s\u00ed, con Araujo. \u201cRonald no est\u00e1 preparado. Es una situaci\u00f3n privada, y no dir\u00e9 m\u00e1s. Pido que le respet\u00e9is\u201d, <a href=\"https:\/\/elpais.com\/deportes\/futbol\/2025-11-29\/flick-raphinha-es-muy-intenso-y-hace-que-el-resto-tambien-presione.html\" target=\"_self\" rel=\"nofollow noopener\" title=\"https:\/\/elpais.com\/deportes\/futbol\/2025-11-29\/flick-raphinha-es-muy-intenso-y-hace-que-el-resto-tambien-presione.html\">explic\u00f3 Flick<\/a>. Fuentes que conocen bien la situaci\u00f3n le explicaron a EL PA\u00cdS que el jugador le pidi\u00f3 al club un tiempo para recuperarse: \u201cF\u00edsicamente se encuentra bien, pero an\u00edmicamente lleva un tiempo que no consigue estar al 100%\u201d. <\/p>\n<p class=\"\">De cabreado a decepcionado, Flick asegura que no quiere bajar los brazos. Ahora menos que recupera a Pedri y Raphinha y Lamine se acerca a su nivel.<\/p>\n","protected":false},"excerpt":{"rendered":"Hansi Flick pas\u00f3 del cabreo con el club a la decepci\u00f3n con su equipo. Y, por ahora, no&hellip;\n","protected":false},"author":2,"featured_media":266679,"comment_status":"","ping_status":"","sticky":false,"template":"","format":"standard","meta":{"footnotes":""},"categories":[93],"tags":[3409,1540,168,1539,25,24,881,4970,282,1538,1210,23,167],"class_list":{"0":"post-266678","1":"post","2":"type-post","3":"status-publish","4":"format-standard","5":"has-post-thumbnail","7":"category-deportes","8":"tag-atletico-de-madrid","9":"tag-competiciones","10":"tag-deportes","11":"tag-entrenadores","12":"tag-es","13":"tag-espana","14":"tag-fc-barcelona","15":"tag-flick","16":"tag-futbol","17":"tag-futbolistas","18":"tag-laliga-ea-sports","19":"tag-spain","20":"tag-sports"},"share_on_mastodon":{"url":"https:\/\/pubeurope.com\/@es\/115648286559832960","error":""},"_links":{"self":[{"href":"https:\/\/www.europesays.com\/es\/wp-json\/wp\/v2\/posts\/266678","targetHints":{"allow":["GET"]}}],"collection":[{"href":"https:\/\/www.europesays.com\/es\/wp-json\/wp\/v2\/posts"}],"about":[{"href":"https:\/\/www.europesays.com\/es\/wp-json\/wp\/v2\/types\/post"}],"author":[{"embeddable":true,"href":"https:\/\/www.europesays.com\/es\/wp-json\/wp\/v2\/users\/2"}],"replies":[{"embeddable":true,"href":"https:\/\/www.europesays.com\/es\/wp-json\/wp\/v2\/comments?post=266678"}],"version-history":[{"count":0,"href":"https:\/\/www.europesays.com\/es\/wp-json\/wp\/v2\/posts\/266678\/revisions"}],"wp:featuredmedia":[{"embeddable":true,"href":"https:\/\/www.europesays.com\/es\/wp-json\/wp\/v2\/media\/266679"}],"wp:attachment":[{"href":"https:\/\/www.europesays.com\/es\/wp-json\/wp\/v2\/media?parent=266678"}],"wp:term":[{"taxonomy":"category","embeddable":true,"href":"https:\/\/www.europesays.com\/es\/wp-json\/wp\/v2\/categories?post=266678"},{"taxonomy":"post_tag","embeddable":true,"href":"https:\/\/www.europesays.com\/es\/wp-json\/wp\/v2\/tags?post=266678"}],"curies":[{"name":"wp","href":"https:\/\/api.w.org\/{rel}","templated":true}]}}