{"id":266682,"date":"2025-12-02T05:21:13","date_gmt":"2025-12-02T05:21:13","guid":{"rendered":"https:\/\/www.europesays.com\/es\/266682\/"},"modified":"2025-12-02T05:21:13","modified_gmt":"2025-12-02T05:21:13","slug":"aseguran-haber-detectado-materia-oscura-por-primera-vez-gracias-a-un-telescopio-de-la-nasa","status":"publish","type":"post","link":"https:\/\/www.europesays.com\/es\/266682\/","title":{"rendered":"aseguran haber detectado materia oscura por primera vez gracias a un telescopio de la NASA"},"content":{"rendered":"<p>La comunidad cient\u00edfica es cauta a la espera de m\u00e1s observaciones, aunque un equipo de la Universidad de Tokio afirma haber detectado el rastro energ\u00e9tico de la materia oscura por primera vez en la historia&#8230; \u00a1Eureka!<\/p>\n<p><img decoding=\"async\" fetchpriority=\"high\" width=\"768\" height=\"432\" alt=\"Es el 85% del universo y nadie la hab\u00eda visto antes: aseguran haber detectado materia oscura por primera vez gracias a un telescopio de la NASA\" src=\"https:\/\/www.europesays.com\/es\/wp-content\/uploads\/2025\/12\/espacio-nasa.jpg\"\/> Un equipo de cient\u00edficos japoneses afirman haber detectado a la materia oscura por primera vez en la historia | Imagen de NASA, Caltech, Susan Stolovy (SSC, Caltech)<\/p>\n<p>\u00danete a la conversaci\u00f3n<\/p>\n<p>No es una serie esto de la <strong>&#8216;materia oscura&#8217;<\/strong>, aunque de forma estricta <a href=\"https:\/\/andro4all.com\/series\/fecha-personajes-y-todo-lo-que-hay-que-saber-de-materia-oscura-la-serie-de-ciencia-ficcion-mas-esperada-del-ano\" rel=\"nofollow noopener\" target=\"_blank\">en realidad tambi\u00e9n lo sea<\/a> y adem\u00e1s de las m\u00e1s esperadas en Apple TV+. En esta ocasi\u00f3n queremos reclamaros toda vuestra atenci\u00f3n pues estamos ante <strong>uno de los mayores hitos de la <a href=\"https:\/\/andro4all.com\/ciencia\" rel=\"nofollow noopener\" target=\"_blank\">ciencia y la astronom\u00eda<\/a><\/strong>, y es que a pesar de haber demostrado la existencia de la materia oscura hace ya bastante tiempo, lo cierto es que <strong>nunca se hab\u00eda podido \u00abver\u00bb ni detectar con instrumentos astron\u00f3micos<\/strong> ni con cualquier otro tipo de tecnolog\u00eda humana.<\/p>\n<p>Hasta ahora.<\/p>\n<p>La cosa es m\u00e1s que importante para todos los astr\u00f3nomos a nivel global. Tanto que todo el inter\u00e9s de la comunidad cient\u00edfica se ha volcado hacia Tokio, donde <strong>el equipo del profesor Tomonori Totani<\/strong> anunciaba las conclusiones de un estudio en el que tal y como publicaban los compa\u00f1eros de <a href=\"https:\/\/futurism.com\/space\/scientists-detected-dark-matter-first-time\" rel=\"noopener nofollow\" target=\"_blank\">Futurism<\/a> se confirma que los investigadores <strong>han podido \u00abver\u00bb a la materia oscura a trav\u00e9s de rayos gamma<\/strong> o al menos detectar su rastro energ\u00e9tico.<\/p>\n<blockquote class=\"bqt-sl\">\n<p>\u00abEsto podr\u00eda ser un avance crucial para desentra\u00f1ar la naturaleza de la materia oscura. Si estamos en lo correcto, hasta donde s\u00e9, esta ser\u00eda la primera vez que el ser humano puede ver materia oscura.\u00bb <strong>Tomonori Totani (Universidad de Tokio)<\/strong><\/p>\n<\/blockquote>\n<p>\u00bfPero c\u00f3mo demonios se puede \u00abver\u00bb un tipo de materia que no absorbe, ni refleja, ni tampoco emite luz?<\/p>\n<p>Dicho todo esto que suena muy bien, lo cierto es que <strong>Tomonori Totani ha sido bastante cauto<\/strong> a la hora de calificar sus avances, <strong>aunque tambi\u00e9n optimista<\/strong>. El mismo profesor es consciente de que la detecci\u00f3n no es clara todav\u00eda y necesitar\u00e1n mucho m\u00e1s trabajo, aunque <strong>saben c\u00f3mo continuar en b\u00fasqueda de confirmaciones<\/strong>: deber\u00e1n detectar la misma firma de rayos gamma en peque\u00f1as galaxias enanas que orbiten la V\u00eda L\u00e1ctea.<\/p>\n<p>Por ahora, lo que podemos deciros es que el estudio es bastante concienzudo, pues se han utilizado <strong>datos de nada menos que 15 a\u00f1os de observaciones<\/strong> realizadas por parte del Fermi Gamma-ray Space Telescope, un telescopio espacial lanzado en junio de 2008 y <strong>capaz de encontrar un halo de rayos gamma alrededor del centro de la V\u00eda L\u00e1ctea<\/strong>, con una distribuci\u00f3n espacial y una energ\u00eda de 20 giga-electronvoltios aproximadamente que <strong>coinciden a la perfecci\u00f3n con las predicciones te\u00f3ricas<\/strong> sobre la aniquilaci\u00f3n de part\u00edculas WIMPs (part\u00edculas masivas de interacci\u00f3n d\u00e9bil), que son las <strong>principales candidatas a constituir esta materia oscura<\/strong> que estaban buscando.<\/p>\n<p>No es tan sencillo de entender, aunque cabe destacar que obviamente <strong>la materia oscura es imposible de \u00abver\u00bb de forma directa<\/strong> ya que no emite luz, no la refleja y tampoco la absorbe, as\u00ed que <strong>debemos buscarla a trav\u00e9s de los efectos y\/o rastros energ\u00e9ticos que su presencia genera<\/strong> en forma de ondas gravitacionales o emisi\u00f3n de rayos gamma, como es el caso.<\/p>\n<p><img decoding=\"async\" aria-describedby=\"caption-attachment-1001409\" loading=\"lazy\" src=\"https:\/\/www.europesays.com\/es\/wp-content\/uploads\/2025\/12\/profesor-totani-materia-oscura.jpg\" alt=\"Es el 85% del universo y nadie la hab\u00eda visto antes: aseguran haber detectado materia oscura por primera vez gracias a un telescopio de la NASA\" width=\"1200\" height=\"1423\" class=\"size-large wp-image-1001409\"  style=\"aspect-ratio:1200\/1423\"\/><\/p>\n<p id=\"caption-attachment-1001409\" class=\"wp-caption-text\">Quien permite \u00abver\u00bb a la materia oscura (o al menos a su rastro energ\u00e9tico) es el contraste de los rayos Gamma<\/p>\n<p>Lo cierto es que sabemos que <strong>la materia oscura deber\u00eda constituir m\u00e1s del 85% de toda la materia del Universo<\/strong>, pero hasta la fecha no hab\u00edamos pod\u00edamos observarla mediante ning\u00fan tipo de emisi\u00f3n propia. En todo caso, la comunidad cient\u00edfica afirma que <strong>estos rayos gamma podr\u00edan haber sido generados por otras fuentes astrof\u00edsicas<\/strong> o por alg\u00fan fen\u00f3meno todav\u00eda no conocido, as\u00ed que se requerir\u00e1n como dec\u00edamos observaciones y pruebas adicionales en el futuro pr\u00f3ximo.<\/p>\n<p>El estudio publicado en el Journal of Cosmology and Astroparticle Physics afirma que <strong>estas part\u00edculas WIMPs tendr\u00edan una masa en torno a unas 500 veces la de un prot\u00f3n<\/strong>, aunque la materia oscura no interactuar\u00eda con la materia ordinaria de ning\u00fan otro modo m\u00e1s all\u00e1 que <strong>servir como fuerza gravitatoria que explicar\u00eda la formaci\u00f3n de galaxias<\/strong>, dado que no existe en el Universo materia ordinaria suficiente para demostrarlo.<\/p>\n<p>As\u00ed pues, estamos ante <strong>la piedra angular de la cosmolog\u00eda y la astronom\u00eda moderna<\/strong>, por lo que su observaci\u00f3n ser\u00eda un hito de importancia may\u00fascula que nos har\u00e1 <strong>mantenernos atentos a los avances de Totani y su equipo<\/strong>, que continuar\u00e1n ahora en la procura de una demostraci\u00f3n mejor. \u00bfSer\u00e1 que efectivamente esos rayos gamma son emitidos por la aniquilaci\u00f3n de las WIMPs y sus antipart\u00edculas?<\/p>\n<p>\u00danete a la conversaci\u00f3n<\/p>\n","protected":false},"excerpt":{"rendered":"La comunidad cient\u00edfica es cauta a la espera de m\u00e1s observaciones, aunque un equipo de la Universidad de&hellip;\n","protected":false},"author":2,"featured_media":266683,"comment_status":"","ping_status":"","sticky":false,"template":"","format":"standard","meta":{"footnotes":""},"categories":[81],"tags":[119,123,124,25,24,117,121,122,23,118,120],"class_list":{"0":"post-266682","1":"post","2":"type-post","3":"status-publish","4":"format-standard","5":"has-post-thumbnail","7":"category-ciencia-y-tecnologia","8":"tag-ciencia","9":"tag-ciencia-y-tecnologia","10":"tag-cienciaytecnologia","11":"tag-es","12":"tag-espana","13":"tag-science","14":"tag-science-and-technology","15":"tag-scienceandtechnology","16":"tag-spain","17":"tag-technology","18":"tag-tecnologia"},"share_on_mastodon":{"url":"https:\/\/pubeurope.com\/@es\/115648298341959250","error":""},"_links":{"self":[{"href":"https:\/\/www.europesays.com\/es\/wp-json\/wp\/v2\/posts\/266682","targetHints":{"allow":["GET"]}}],"collection":[{"href":"https:\/\/www.europesays.com\/es\/wp-json\/wp\/v2\/posts"}],"about":[{"href":"https:\/\/www.europesays.com\/es\/wp-json\/wp\/v2\/types\/post"}],"author":[{"embeddable":true,"href":"https:\/\/www.europesays.com\/es\/wp-json\/wp\/v2\/users\/2"}],"replies":[{"embeddable":true,"href":"https:\/\/www.europesays.com\/es\/wp-json\/wp\/v2\/comments?post=266682"}],"version-history":[{"count":0,"href":"https:\/\/www.europesays.com\/es\/wp-json\/wp\/v2\/posts\/266682\/revisions"}],"wp:featuredmedia":[{"embeddable":true,"href":"https:\/\/www.europesays.com\/es\/wp-json\/wp\/v2\/media\/266683"}],"wp:attachment":[{"href":"https:\/\/www.europesays.com\/es\/wp-json\/wp\/v2\/media?parent=266682"}],"wp:term":[{"taxonomy":"category","embeddable":true,"href":"https:\/\/www.europesays.com\/es\/wp-json\/wp\/v2\/categories?post=266682"},{"taxonomy":"post_tag","embeddable":true,"href":"https:\/\/www.europesays.com\/es\/wp-json\/wp\/v2\/tags?post=266682"}],"curies":[{"name":"wp","href":"https:\/\/api.w.org\/{rel}","templated":true}]}}