{"id":266684,"date":"2025-12-02T05:22:18","date_gmt":"2025-12-02T05:22:18","guid":{"rendered":"https:\/\/www.europesays.com\/es\/266684\/"},"modified":"2025-12-02T05:22:18","modified_gmt":"2025-12-02T05:22:18","slug":"el-recelo-de-los-sindicatos-descabalgo-a-la-epsv-geroa-de-la-operacion-uvesco","status":"publish","type":"post","link":"https:\/\/www.europesays.com\/es\/266684\/","title":{"rendered":"El recelo de los sindicatos descabalg\u00f3 a la EPSV Geroa de la &#8216;operaci\u00f3n Uvesco&#8217;"},"content":{"rendered":"<p> La operaci\u00f3n liderada por los directivos de Uvesco para que un consorcio vasco compre la compa\u00f1\u00eda de supermercados BM al fondo franc\u00e9s PAI Partners  &#8230; por m\u00e1s de 700 millones de euros avanza a buen ritmo y podr\u00eda cerrarse a mediados de diciembre. La carrera contrarreloj por la configuraci\u00f3n de esta alianza para blindar en Euskadi un grupo con 7.000 empleados ha tenido que superar varios obst\u00e1culos y uno de ellos fue la decisi\u00f3n de la EPSV Geroa de descolgarse de la oferta, lo que oblig\u00f3 al resto a buscar una soluci\u00f3n para tapar su agujero. Pese a que oficialmente no han trascendido las razones de este desmarque, diferentes fuentes han confirmado a EL CORREO que fue principalmente el recelo de la parte sindical lo que lo motiv\u00f3. Los sindicatos no estaban c\u00f3modos ni con las prisas, ni con el elevado importe de la inversi\u00f3n (unos 30 millones), ni con el alto riesgo por su considerable apalancamiento. El caso es que se ha frustrado as\u00ed el primer gran intento de incorporar a las EPSV en los operaciones para arraigar empresas estrat\u00e9gicas, eje de la pol\u00edtica econ\u00f3mica del Gobierno de Pradales. <\/p>\n<p class=\"v-p\">Geroa, con 317.863 socios y un patrimonio de 3.350 millones de euros, es la principal EPSV de empleo de Euskadi, creada en 1996 para complementar las pensiones de los trabajadores de Gipuzkoa con aportaciones de \u00e9stos y sus empresas. Sus \u00f3rganos de gobierno est\u00e1n repartidos a partes iguales entre la patronal Adegi y los cuatro sindicatos, que su vez se distribuyen su 50% en funci\u00f3n de su representatividad (ELA tiene 6 miembros en la junta; LAB cuenta con 4, aunque no participa activamente; CC OO, dos y UGT, 1). <\/p>\n<p class=\"v-p\">A su \u00f3rgano de gobierno lleg\u00f3 la operaci\u00f3n de Uvesco. Se trataba de configurar un consorcio vasco para acompa\u00f1ar al equipo directivo, liderado por el consejero delegado, \u00c1ngel Jare\u00f1o, y lograr adquirir al fondo franc\u00e9s PAI Partners su participaci\u00f3n del 70%. El objetivo era anclar al grupo en Euskadi despu\u00e9s de que ya intentara hacerse con \u00e9l Carrefour. Pero la apuesta era muy ambiciosa -se valora la compa\u00f1\u00eda en 728 millones, con 370 millones de deuda incluida- y requer\u00eda un elevado esfuerzo por todas las partes. En el barco estaban, aparte de Jare\u00f1o, Kutxabank, a trav\u00e9s de su veh\u00edculo de inversi\u00f3n Indar; la Fundaci\u00f3n Artizarra, con su fondo Stellum Food; y la gestora Inveready, de Josep Maria Echarri. <\/p>\n<p class=\"v-p\">La participaci\u00f3n correspondiente a la EPSV Geroa era de 30 millones, muy superior a las inversiones a las que est\u00e1 acostumbrada. Eso ya hizo vacilar a los sindicatos porque, al fin y al cabo, lo que est\u00e1 en juego es el dinero para la jubilaci\u00f3n de los trabajadores. A ello se sum\u00f3 el alto apalancamiento de la operaci\u00f3n. Y es que la oferta vasca contempla reunir 225 millones de capital pero tambi\u00e9n un pr\u00e9stamo de 500 millones con cargo a la empresa. Otro factor que jug\u00f3 en contra fueron las prisas con las que se quer\u00eda armar la compra. <\/p>\n<p>Propuesta de alternativas<\/p>\n<p class=\"v-p\">Los sindicatos no aceptaron los t\u00e9rminos iniciales en los que plante\u00f3, pero su rechazo no fue frontal. Es m\u00e1s, se propuso una alternativa. Entrar con una inversi\u00f3n menor a trav\u00e9s de Orza, un veh\u00edculo que comparte Geroa con Elkarkidetza, la EPSV de los funcionarios de ayuntamientos y diputaciones. Pero, seg\u00fan diversas fuentes, esa opci\u00f3n no gust\u00f3 a la direcci\u00f3n de la empresa, que no ve\u00eda con buenos ojos la participaci\u00f3n de la Administraci\u00f3n vasca en la operaci\u00f3n. De hecho, tambi\u00e9n rechaz\u00f3 que el Gobierno vasco se involucrase de alguna manera, algo que reclamaba la parte sindical. <\/p>\n<p class=\"v-p\">El caso es que finalmente la EPSV Geroa se descolg\u00f3, aunque fuentes cercanas aseguran que ya es un gran \u00e9xito que lo hayan estudiado seriamente. En esta operaci\u00f3n no ha podido ser -dicen-, pero no se cierra la puerta por parte de los sindicatos a explorar este camino. <\/p>\n<p class=\"v-p\">Con todo, el desmarque de Geroa tambi\u00e9n pone en evidencia la dificultad de que los m\u00e1s de 32.000 millones de euros que gestionan estos instrumentos de previsi\u00f3n social se utilicen para apuntalar el tejido productivo vasco. De hecho, apenas un 1,1% &#8211; unos 352 millones de euros- est\u00e1 invertido en empresas vascas. \u00abMuchos trabajadores tienen aqu\u00ed sus ahorros en EPSV; pero la mayor\u00eda termina en Madrid, financiando el d\u00e9ficit del Estado a trav\u00e9s de Letras del Tesoro\u00bb, se quejaba recientemente el consejero de Industria, Mikel Jauregi. <\/p>\n","protected":false},"excerpt":{"rendered":"La operaci\u00f3n liderada por los directivos de Uvesco para que un consorcio vasco compre la compa\u00f1\u00eda de supermercados&hellip;\n","protected":false},"author":2,"featured_media":266685,"comment_status":"","ping_status":"","sticky":false,"template":"","format":"standard","meta":{"footnotes":""},"categories":[80],"tags":[82,65938,95,94,65939,25,24,65940,2885,65937,3905,23,55686],"class_list":{"0":"post-266684","1":"post","2":"type-post","3":"status-publish","4":"format-standard","5":"has-post-thumbnail","7":"category-economia","8":"tag-business","9":"tag-descabalgo","10":"tag-economia","11":"tag-economy","12":"tag-epsv","13":"tag-es","14":"tag-espana","15":"tag-geroa","16":"tag-operacion","17":"tag-recelo","18":"tag-sindicatos","19":"tag-spain","20":"tag-uvesco"},"share_on_mastodon":{"url":"https:\/\/pubeurope.com\/@es\/115648301871747731","error":""},"_links":{"self":[{"href":"https:\/\/www.europesays.com\/es\/wp-json\/wp\/v2\/posts\/266684","targetHints":{"allow":["GET"]}}],"collection":[{"href":"https:\/\/www.europesays.com\/es\/wp-json\/wp\/v2\/posts"}],"about":[{"href":"https:\/\/www.europesays.com\/es\/wp-json\/wp\/v2\/types\/post"}],"author":[{"embeddable":true,"href":"https:\/\/www.europesays.com\/es\/wp-json\/wp\/v2\/users\/2"}],"replies":[{"embeddable":true,"href":"https:\/\/www.europesays.com\/es\/wp-json\/wp\/v2\/comments?post=266684"}],"version-history":[{"count":0,"href":"https:\/\/www.europesays.com\/es\/wp-json\/wp\/v2\/posts\/266684\/revisions"}],"wp:featuredmedia":[{"embeddable":true,"href":"https:\/\/www.europesays.com\/es\/wp-json\/wp\/v2\/media\/266685"}],"wp:attachment":[{"href":"https:\/\/www.europesays.com\/es\/wp-json\/wp\/v2\/media?parent=266684"}],"wp:term":[{"taxonomy":"category","embeddable":true,"href":"https:\/\/www.europesays.com\/es\/wp-json\/wp\/v2\/categories?post=266684"},{"taxonomy":"post_tag","embeddable":true,"href":"https:\/\/www.europesays.com\/es\/wp-json\/wp\/v2\/tags?post=266684"}],"curies":[{"name":"wp","href":"https:\/\/api.w.org\/{rel}","templated":true}]}}