{"id":266686,"date":"2025-12-02T05:23:10","date_gmt":"2025-12-02T05:23:10","guid":{"rendered":"https:\/\/www.europesays.com\/es\/266686\/"},"modified":"2025-12-02T05:23:10","modified_gmt":"2025-12-02T05:23:10","slug":"leon-xiv-celebra-misa-en-beirut-y-visita-el-puerto-donde-ocurrio-la-explosion-de-2020","status":"publish","type":"post","link":"https:\/\/www.europesays.com\/es\/266686\/","title":{"rendered":"Le\u00f3n XIV celebra misa en Beirut y visita el puerto donde ocurri\u00f3 la explosi\u00f3n de 2020"},"content":{"rendered":"<p>    <img src=\"https:\/\/www.europesays.com\/es\/wp-content\/uploads\/2025\/12\/2025-12-02T043A303A54Z-90567236.jpg\" width=\"1024\" height=\"682\" alt=\"\" loading=\"eager\" decoding=\"sync\" fetchpriority=\"high\"\/><\/p>\n<p>            afp_tickers        <\/p>\n<p>        Este contenido fue publicado en    <\/p>\n<p>        02 diciembre 2025 &#8211; 05:30\n<\/p>\n<p>M\u00e1s de 120.000 personas asistir\u00e1n este martes a la misa del papa Le\u00f3n XIV en Beirut, en el \u00faltimo d\u00eda de su visita a L\u00edbano, en el que tambi\u00e9n ir\u00e1 al sitio de la enorme explosi\u00f3n de 2020 en el puerto de la capital.<\/p>\n<p>El pont\u00edfice estadounidense y peruano lleg\u00f3 el domingo desde Turqu\u00eda en su primer viaje al exterior como l\u00edder de la Iglesia cat\u00f3lica, con un mensaje de esperanza para los j\u00f3venes libaneses, quienes han perdido la fe en su atribulado pa\u00eds.<\/p>\n<p>Su llegada trajo alivio a una naci\u00f3n golpeada por la guerra del movimiento islamista Hezbol\u00e1 e Israel el a\u00f1o pasado, que muchos temen que pueda reanudarse.<\/p>\n<p>Yasmine Chidiac, quien esperaba ver al papa el lunes, coment\u00f3: \u00abNos devolvi\u00f3 la sonrisa a nuestros rostros\u00bb.<\/p>\n<p>M\u00e1s de 120.000 personas se registraron para asistir a la misa cerca del malec\u00f3n de Beirut.<\/p>\n<p>Antes de dirigirse al puerto, escenario de la masiva explosi\u00f3n que devast\u00f3 la capital y mat\u00f3 a m\u00e1s de 220 personas, el papa visitar\u00e1 un hospital psiqui\u00e1trico administrado por monjas.<\/p>\n<p>Posteriormente realizar\u00e1 una oraci\u00f3n en silencio en el sitio de la detonaci\u00f3n y rendir\u00e1 homenaje a los familiares de las v\u00edctimas y sobrevivientes que a\u00fan reclaman justicia.<\/p>\n<p>El desastre ocurrido el 4 de agosto de 2020 fue una de las peores explosiones no nucleares del mundo y devast\u00f3 gran parte de Beirut.<\/p>\n<p>Las autoridades dicen que la explosi\u00f3n fue causada por un incendio en una bodega donde se almacenaban toneladas de fertilizantes de nitrato de amonio.<\/p>\n<p>Las investigaciones no han avanzado, pues figuras pol\u00edticas han bloqueado el trabajo del juez independiente a cargo del caso.<\/p>\n<p>Le\u00f3n XIV llam\u00f3 el lunes a los dirigentes cristianos y musulmanes congregados en una reuni\u00f3n interreligiosa a combatir la intolerancia y la violencia.<\/p>\n<p>Fue recibido por miles de j\u00f3venes libaneses en Bkerke, sede de la Iglesia maronita, donde los isnt\u00f3 a construir \u00abun futuro de paz y desarrollo\u00bb.<\/p>\n<p>\u00abUstedes tienen el entusiasmo necesario para cambiar el curso de la historia\u00bb, declar\u00f3 a unos 15.000 j\u00f3venes.<\/p>\n<p>bur-at-cmk\/nad\/dc\/tc\/mas\/arm<\/p>\n","protected":false},"excerpt":{"rendered":"afp_tickers Este contenido fue publicado en 02 diciembre 2025 &#8211; 05:30 M\u00e1s de 120.000 personas asistir\u00e1n este martes&hellip;\n","protected":false},"author":2,"featured_media":266687,"comment_status":"","ping_status":"","sticky":false,"template":"","format":"standard","meta":{"footnotes":""},"categories":[42],"tags":[17,18,636,13,14,11,61,62,63,64,19,20,9,10,15,16,5603,90,12,21,22,65,66,67],"class_list":{"0":"post-266686","1":"post","2":"type-post","3":"status-publish","4":"format-standard","5":"has-post-thumbnail","7":"category-internacional","8":"tag-breaking-news","9":"tag-breakingnews","10":"tag-conflict","11":"tag-featured-news","12":"tag-featurednews","13":"tag-headlines","14":"tag-internacional","15":"tag-international","16":"tag-international-news","17":"tag-internationalnews","18":"tag-latest-news","19":"tag-latestnews","20":"tag-news","21":"tag-noticias","22":"tag-noticias-destacadas","23":"tag-noticiasdestacadas","24":"tag-religion","25":"tag-ticker","26":"tag-titulares","27":"tag-ultimas-noticias","28":"tag-ultimasnoticias","29":"tag-world","30":"tag-world-news","31":"tag-worldnews"},"share_on_mastodon":{"url":"https:\/\/pubeurope.com\/@es\/115648306214644507","error":""},"_links":{"self":[{"href":"https:\/\/www.europesays.com\/es\/wp-json\/wp\/v2\/posts\/266686","targetHints":{"allow":["GET"]}}],"collection":[{"href":"https:\/\/www.europesays.com\/es\/wp-json\/wp\/v2\/posts"}],"about":[{"href":"https:\/\/www.europesays.com\/es\/wp-json\/wp\/v2\/types\/post"}],"author":[{"embeddable":true,"href":"https:\/\/www.europesays.com\/es\/wp-json\/wp\/v2\/users\/2"}],"replies":[{"embeddable":true,"href":"https:\/\/www.europesays.com\/es\/wp-json\/wp\/v2\/comments?post=266686"}],"version-history":[{"count":0,"href":"https:\/\/www.europesays.com\/es\/wp-json\/wp\/v2\/posts\/266686\/revisions"}],"wp:featuredmedia":[{"embeddable":true,"href":"https:\/\/www.europesays.com\/es\/wp-json\/wp\/v2\/media\/266687"}],"wp:attachment":[{"href":"https:\/\/www.europesays.com\/es\/wp-json\/wp\/v2\/media?parent=266686"}],"wp:term":[{"taxonomy":"category","embeddable":true,"href":"https:\/\/www.europesays.com\/es\/wp-json\/wp\/v2\/categories?post=266686"},{"taxonomy":"post_tag","embeddable":true,"href":"https:\/\/www.europesays.com\/es\/wp-json\/wp\/v2\/tags?post=266686"}],"curies":[{"name":"wp","href":"https:\/\/api.w.org\/{rel}","templated":true}]}}