{"id":266688,"date":"2025-12-02T05:24:28","date_gmt":"2025-12-02T05:24:28","guid":{"rendered":"https:\/\/www.europesays.com\/es\/266688\/"},"modified":"2025-12-02T05:24:28","modified_gmt":"2025-12-02T05:24:28","slug":"que-es-como-funciona-y-por-que-espana-aun-no-lo-aplica","status":"publish","type":"post","link":"https:\/\/www.europesays.com\/es\/266688\/","title":{"rendered":"qu\u00e9 es, c\u00f3mo funciona y por qu\u00e9 Espa\u00f1a a\u00fan no lo aplica"},"content":{"rendered":"<p>MADRID 1 Dic. (EUROPA PRESS) &#8211;<\/p>\n<p>La Plataforma Ciudadana por la Dignidad de los Aut\u00f3nomos ha salido este 30 de noviembre a las calles de 21 ciudades de Espa\u00f1a para pedir, entre otras medidas, la <a href=\"https:\/\/www.europapress.es\/economia\/noticia-autonomos-manifiestan-pedir-mejores-condiciones-no-ser-recaudadores-estado-20251130134611.html\" rel=\"nofollow noopener\" target=\"_blank\">exenci\u00f3n del IVA hasta 85.000 euros <\/a>o la eliminaci\u00f3n del papel de los profesionales como \u00abrecaudadores del Estado\u00bb.<\/p>\n<p>En concreto, en 2020 se aprob\u00f3 la Directiva (UE) 2020\/285 en la que el Consejo de la Uni\u00f3n Europea establece un r\u00e9gimen especial de exenci\u00f3n de IVA para peque\u00f1as empresas y aut\u00f3nomos con una facturaci\u00f3n anual inferior a 85.000 euros y fecha de aplicaci\u00f3n a partir del 1 de enero de 2025.<\/p>\n<p>Aunque la normativa obliga a los Estados miembros a implantar este sistema al comenzar este a\u00f1o, Espa\u00f1a, sin embargo, no ha incorporado a\u00fan a su legislaci\u00f3n interna un r\u00e9gimen general de IVA franquiciado para los aut\u00f3nomos que solo operan en territorio nacional, por lo que llega tarde respecto a ese calendario europeo.<\/p>\n<p>\u00bfQU\u00c9 ES EL IVA EUROPEO FRANQUICIADO?<\/p>\n<p>El IVA franquiciado es un r\u00e9gimen especial europeo que permite a aut\u00f3nomos y peque\u00f1as empresas con baja facturaci\u00f3n no repercutir ni ingresar IVA a Hacienda, a cambio de renunciar a deducir el IVA de sus gastos.<\/p>\n<p>La medida pretende que los aut\u00f3nomos y las pymes con una facturaci\u00f3n reducida puedan rebajar el precio de sus servicios al no tener que repercutir IVA, pero solo mientras no superen un umbral de ingresos fijado por ley, de forma que esa ventaja no genere un desequilibrio frente a empresas m\u00e1s grandes.<\/p>\n<p>Asimismo, si un aut\u00f3nomo o una peque\u00f1a empresa se acoge el r\u00e9gimen de IVA franquiciado y, en un a\u00f1o, sus ingresos crecen por encima de un porcentaje determinado superior al tope legal, se quedar\u00eda autom\u00e1ticamente fuera de este r\u00e9gimen, y al a\u00f1o siguiente pasar\u00eda a la obligaci\u00f3n normal de cobrar el IVA a sus clientes y presentar las declaraciones oficiales.<\/p>\n<p>\u00bfPOR QU\u00c9 ESPA\u00d1A NO A\u00daN NO LO APLICA?<\/p>\n<p>La Comisi\u00f3n Europea ha abierto en enero un expediente a Espa\u00f1a por no haber incorporado plenamente a su legislaci\u00f3n nacional la directiva sobre <a href=\"https:\/\/www.europapress.es\/economia\/noticia-bruselas-expedienta-espana-no-aplicar-plenamente-regimen-iva-pequenas-empresas-20250131130537.html#::text=Econom%C3%ADa%20Finanzas-,Bruselas%20expedienta%20a%20Espa%C3%B1a%20por%20no%20aplicar%20plenamente,del%20IVA%20para%20peque%C3%B1as%20empresas&amp;text=La%20Comisi%C3%B3n%20Europea%20ha%20abierto,IVA%20a%20las%20peque%C3%B1as%20empresas.\" rel=\"nofollow noopener\" target=\"_blank\">el r\u00e9gimen del IVA a las peque\u00f1as empresas.<\/a><\/p>\n<p>Asimismo, la organizaci\u00f3n de aut\u00f3nomos UPTA ha acusado al Ministerio de Hacienda de paralizar la entrada en vigor del IVA de franquiciado para aquellos trabajadores por cuenta propia que tengan una facturaci\u00f3n anual inferior a los 85.000 euros.<\/p>\n<p>Por su parte, Hacienda ha mantenido la medida en espera bajo el argumento de que la estructura recaudatoria del IVA no admite cambios relevantes en este momento, justo en pleno despliegue del nuevo sistema de facturaci\u00f3n electr\u00f3nica.<\/p>\n<p>VENTAJAS Y DESVENTAJAS PARA LOS AUT\u00d3NOMOS<\/p>\n<p>Una vez entre en vigor la nueva normativa, los aut\u00f3nomos con menor facturaci\u00f3n &#8211;l\u00edmite a\u00fan pendiente de confirmaci\u00f3n definitiva por parte de la normativa espa\u00f1ola&#8211; podr\u00edan acogerse de forma voluntaria a esta modalidad que les permitir\u00eda dejar de retener el IVA de sus ventas, lo que supondr\u00eda un alivio fiscal, ya que no deber\u00edan presentar los modelos trimestrales 303 del IVA ni el 390, que corresponde a la declaraci\u00f3n anual.<\/p>\n<p>No repercutir IVA en factura permite ofrecer precios m\u00e1s bajos a clientes particulares y ganar competitividad, adem\u00e1s de mejorar la liquidez porque no hay que adelantar el IVA a Hacienda.<\/p>\n<p>En desventaja, el IVA europeo franquiciado no permite acceder a deducciones del IVA, por lo que ser\u00eda conveniente para los aut\u00f3nomos que generan muchos gastos valorar si es mejor deducirlos.<\/p>\n<p>C\u00d3MO ES EN OTROS PA\u00cdSES<\/p>\n<p>Espa\u00f1a es actualmente el \u00fanico Estado miembro que no hace uso de este esquema de exenci\u00f3n de IVA para peque\u00f1as empresas, seg\u00fan los datos de la Comisi\u00f3n Europea. Entre los pa\u00edses con los l\u00edmites de facturaci\u00f3n anual m\u00e1s elevados para que los aut\u00f3nomos puedan acogerse a la directiva se sit\u00faan Francia, Irlanda e Italia, que han optado por acercarse al m\u00e1ximo permitido por la normativa europea (85.000 euros), seguido de Rep\u00fablica Checa (78.848 euros) y Ruman\u00eda (64.543 euros).<\/p>\n<p>En el extremo contrario, varios Estados miembros han optado por l\u00edmites m\u00e1s modestos, como es el caso de Dinamarca, que sit\u00faa el umbral en torno a 6.700 euros anuales, seguido de Grecia (10.000 euros), Suecia (12.206 euros), Portugal (15.000 euros) y Chipre (15.600 euros).<\/p>\n<p>\u00a0<\/p>\n","protected":false},"excerpt":{"rendered":"MADRID 1 Dic. (EUROPA PRESS) &#8211; La Plataforma Ciudadana por la Dignidad de los Aut\u00f3nomos ha salido este&hellip;\n","protected":false},"author":2,"featured_media":266689,"comment_status":"","ping_status":"","sticky":false,"template":"","format":"standard","meta":{"footnotes":""},"categories":[8],"tags":[17,18,25,24,13,14,11,19,20,9,10,15,16,23,12,21,22],"class_list":{"0":"post-266688","1":"post","2":"type-post","3":"status-publish","4":"format-standard","5":"has-post-thumbnail","7":"category-espana","8":"tag-breaking-news","9":"tag-breakingnews","10":"tag-es","11":"tag-espana","12":"tag-featured-news","13":"tag-featurednews","14":"tag-headlines","15":"tag-latest-news","16":"tag-latestnews","17":"tag-news","18":"tag-noticias","19":"tag-noticias-destacadas","20":"tag-noticiasdestacadas","21":"tag-spain","22":"tag-titulares","23":"tag-ultimas-noticias","24":"tag-ultimasnoticias"},"share_on_mastodon":{"url":"https:\/\/pubeurope.com\/@es\/115648309873815631","error":""},"_links":{"self":[{"href":"https:\/\/www.europesays.com\/es\/wp-json\/wp\/v2\/posts\/266688","targetHints":{"allow":["GET"]}}],"collection":[{"href":"https:\/\/www.europesays.com\/es\/wp-json\/wp\/v2\/posts"}],"about":[{"href":"https:\/\/www.europesays.com\/es\/wp-json\/wp\/v2\/types\/post"}],"author":[{"embeddable":true,"href":"https:\/\/www.europesays.com\/es\/wp-json\/wp\/v2\/users\/2"}],"replies":[{"embeddable":true,"href":"https:\/\/www.europesays.com\/es\/wp-json\/wp\/v2\/comments?post=266688"}],"version-history":[{"count":0,"href":"https:\/\/www.europesays.com\/es\/wp-json\/wp\/v2\/posts\/266688\/revisions"}],"wp:featuredmedia":[{"embeddable":true,"href":"https:\/\/www.europesays.com\/es\/wp-json\/wp\/v2\/media\/266689"}],"wp:attachment":[{"href":"https:\/\/www.europesays.com\/es\/wp-json\/wp\/v2\/media?parent=266688"}],"wp:term":[{"taxonomy":"category","embeddable":true,"href":"https:\/\/www.europesays.com\/es\/wp-json\/wp\/v2\/categories?post=266688"},{"taxonomy":"post_tag","embeddable":true,"href":"https:\/\/www.europesays.com\/es\/wp-json\/wp\/v2\/tags?post=266688"}],"curies":[{"name":"wp","href":"https:\/\/api.w.org\/{rel}","templated":true}]}}