{"id":266690,"date":"2025-12-02T05:25:13","date_gmt":"2025-12-02T05:25:13","guid":{"rendered":"https:\/\/www.europesays.com\/es\/266690\/"},"modified":"2025-12-02T05:25:13","modified_gmt":"2025-12-02T05:25:13","slug":"joaquin-guzman-uno-de-los-hijos-de-el-chapo-se-declara-culpable-de-cargos-de-narcotrafico-en-ee-uu","status":"publish","type":"post","link":"https:\/\/www.europesays.com\/es\/266690\/","title":{"rendered":"Joaqu\u00edn Guzm\u00e1n, uno de los hijos de \u00abEl Chapo\u00bb, se declara culpable de cargos de narcotr\u00e1fico en EE.UU."},"content":{"rendered":"<p><img fetchpriority=\"high\" decoding=\"async\" src=\"https:\/\/www.europesays.com\/es\/wp-content\/uploads\/2025\/12\/2046f870-cf0a-11f0-a892-01d657345866.png.webp.webp\"   alt=\"Una foto del rostro de Joaqu\u00edn Guzm\u00e1n L\u00f3pez mirando a la c\u00e1mara\" loading=\"eager\" width=\"1920\" height=\"1080\" style=\"aspect-ratio:1920 \/ 1080\" class=\"css-4ejld5\"\/><\/p>\n<p class=\"css-by8ykd\" role=\"text\">Fuente de la imagen, DEA<\/p>\n<p>Pie de foto, Joaqu\u00edn Guzm\u00e1n L\u00f3pez, conocido como \u00abEl g\u00fcero moreno\u00bb, fue detenido en 2024.<strong id=\"article-byline\" aria-hidden=\"true\" class=\"css-m04vo2\">Informaci\u00f3n del art\u00edculo<\/strong><\/p>\n<ul class=\"css-1rvtlej\">\n<li class=\"css-oe8da4\">\n<ul role=\"list\" class=\"css-1rnycnn\">\n<li>Autor, Redacci\u00f3n<\/li>\n<li>T\u00edtulo del autor,  BBC News Mundo<\/li>\n<\/ul>\n<\/li>\n<li class=\"css-1clfxfc\">\n<p>6 horas<\/p>\n<\/li>\n<li class=\"css-1clfxfc\"\/><\/ul>\n<p dir=\"ltr\" class=\"css-oygqes e17g058b0\"><b>Uno de los hijos de Joaqu\u00edn \u00abEl Chapo\u00bb Guzm\u00e1n Loera, el l\u00edder convicto del Cartel de Sinaloa, se declar\u00f3 culpable este lunes en Estados Unidos de diversos cargos relacionados con el tr\u00e1fico de drogas.<\/b><\/p>\n<p dir=\"ltr\" class=\"css-oygqes e17g058b0\">Joaqu\u00edn Guzm\u00e1n L\u00f3pez compareci\u00f3 este lunes ante el Tribunal Federal de Distrito de Chicago, donde ratific\u00f3 su cambio de declaraci\u00f3n de culpabilidad -primero se hab\u00eda declarado inocente- en el proceso judicial que enfrenta en el estado de Illinois.<\/p>\n<p dir=\"ltr\" class=\"css-oygqes e17g058b0\">La fiscal\u00eda federal lo acusaba de dos cargos de conspiraci\u00f3n relacionada con el tr\u00e1fico de drogas y de participaci\u00f3n en las actividades de una organizaci\u00f3n criminal.<\/p>\n<p dir=\"ltr\" class=\"css-oygqes e17g058b0\">Guzm\u00e1n L\u00f3pez es junto a sus otros hermanos, incluido Ovidio Guzm\u00e1n L\u00f3pez, \u00abEl Rat\u00f3n\u00bb, parte de la facci\u00f3n de \u00abLos Chapitos\u00bb que disputan el control del poderoso Cartel de Sinaloa desde que su padre fue detenido en 2016 y condenado en Estados Unidos tres a\u00f1os despu\u00e9s.<\/p>\n<p dir=\"ltr\" class=\"css-oygqes e17g058b0\">\u00abEl Rat\u00f3n\u00bb se declar\u00f3 culpable por cargos similares en julio de este a\u00f1o.<\/p>\n<p><img decoding=\"async\" src=\"https:\/\/www.europesays.com\/es\/wp-content\/uploads\/2025\/12\/d4264970-4b5f-11ef-b2d2-cdb23d5d7c5b.png.webp.webp\"   alt=\"Joaqu\u00edn Guzm\u00e1n e Ismael Zambada tras su detenci\u00f3n\" loading=\"lazy\" width=\"849\" height=\"515\" style=\"aspect-ratio:849 \/ 515\" class=\"css-4ejld5\"\/><\/p>\n<p class=\"css-by8ykd\" role=\"text\">Fuente de la imagen, Gobierno de M\u00e9xico<\/p>\n<p>Pie de foto, Joaqu\u00edn Guzm\u00e1n e Ismael Zambada tras su detenci\u00f3n.<\/p>\n<p dir=\"ltr\" class=\"css-oygqes e17g058b0\">Ese d\u00eda arrib\u00f3 en un avi\u00f3n privado a un aeropuerto cercano a la ciudad de El Paso en compa\u00f1\u00eda de Ismael \u00abEl Mayo\u00bb Zambada, el otro l\u00edder del Cartel de Sinaloa junto a \u00abEl Chapo\u00bb.<\/p>\n<p dir=\"ltr\" class=\"css-oygqes e17g058b0\">Ambos fueron capturados de inmediato por las autoridades de EE.UU.<\/p>\n<p dir=\"ltr\" class=\"css-oygqes e17g058b0\">La defensa de Zambada ha alegado que fue llevado en contra su voluntad por Guzm\u00e1n L\u00f3pez y sus hombres a bordo de la aeronave, que luego viaj\u00f3 directamente a Texas hasta su captura aquel d\u00eda. Actualmente <a href=\"https:\/\/www.bbc.com\/mundo\/articles\/c4ge3ll019do\" class=\"focusIndicatorReducedWidth css-n8oauk e1p3sufg0\" rel=\"nofollow noopener\" target=\"_blank\">Zambada est\u00e1 a la espera de que se le dicte una condena<\/a>, luego de declararse culpable de cargos de narcotr\u00e1fico en Nueva York.<\/p>\n<p dir=\"ltr\" class=\"css-oygqes e17g058b0\">Otros dos de los cabecillas de \u00abLos Chapitos\u00bb, Iv\u00e1n Archivaldo Guzm\u00e1n Salazar y Jes\u00fas Alfredo Guzm\u00e1n Salazar, tambi\u00e9n son buscados por acusaciones de tr\u00e1fico de drogas en Estados Unidos y se presume que est\u00e1n en M\u00e9xico.<\/p>\n<p dir=\"ltr\" class=\"css-oygqes e17g058b0\">Desde la captura de Joaqu\u00edn Guzm\u00e1n L\u00f3pez e Ismael Zambada, las facciones de \u00abLos Chapitos\u00bb y \u00abLos Mayos\u00bb se han enfrentado en Sinaloa, dejando un saldo de cientos de muertos de ambos bandos y otras v\u00edctimas civiles en Sinaloa.<\/p>\n<p><img decoding=\"async\" src=\"https:\/\/www.europesays.com\/es\/wp-content\/uploads\/2025\/07\/c8beb280-fb45-11ee-8369-47dc4454b972.png.webp.webp\"   alt=\"L\u00ednea gris\" loading=\"lazy\" width=\"800\" height=\"100\" style=\"aspect-ratio:800 \/ 100\" class=\"css-4ejld5\"\/><\/p>\n<p dir=\"ltr\" class=\"css-oygqes e17g058b0\"><a href=\"https:\/\/www.bbc.com\/mundo\/send\/u184973209\" class=\"focusIndicatorReducedWidth css-n8oauk e1p3sufg0\" rel=\"nofollow noopener\" target=\"_blank\">Suscr\u00edbete aqu\u00ed<\/a> a nuestro nuevo newsletter para recibir cada viernes una selecci\u00f3n de nuestro mejor contenido de la semana.<\/p>\n<p dir=\"ltr\" class=\"css-oygqes e17g058b0\">Y recuerda que puedes recibir notificaciones en nuestra app. Descarga la \u00faltima versi\u00f3n y act\u00edvalas.<\/p>\n","protected":false},"excerpt":{"rendered":"Fuente de la imagen, DEA Pie de foto, Joaqu\u00edn Guzm\u00e1n L\u00f3pez, conocido como \u00abEl g\u00fcero moreno\u00bb, fue detenido&hellip;\n","protected":false},"author":2,"featured_media":266691,"comment_status":"","ping_status":"","sticky":false,"template":"","format":"standard","meta":{"footnotes":""},"categories":[5],"tags":[17,18,25,24,13,14,11,19,20,9,10,15,16,23,12,21,22],"class_list":{"0":"post-266690","1":"post","2":"type-post","3":"status-publish","4":"format-standard","5":"has-post-thumbnail","7":"category-titulares","8":"tag-breaking-news","9":"tag-breakingnews","10":"tag-es","11":"tag-espana","12":"tag-featured-news","13":"tag-featurednews","14":"tag-headlines","15":"tag-latest-news","16":"tag-latestnews","17":"tag-news","18":"tag-noticias","19":"tag-noticias-destacadas","20":"tag-noticiasdestacadas","21":"tag-spain","22":"tag-titulares","23":"tag-ultimas-noticias","24":"tag-ultimasnoticias"},"share_on_mastodon":{"url":"https:\/\/pubeurope.com\/@es\/115648314186931063","error":""},"_links":{"self":[{"href":"https:\/\/www.europesays.com\/es\/wp-json\/wp\/v2\/posts\/266690","targetHints":{"allow":["GET"]}}],"collection":[{"href":"https:\/\/www.europesays.com\/es\/wp-json\/wp\/v2\/posts"}],"about":[{"href":"https:\/\/www.europesays.com\/es\/wp-json\/wp\/v2\/types\/post"}],"author":[{"embeddable":true,"href":"https:\/\/www.europesays.com\/es\/wp-json\/wp\/v2\/users\/2"}],"replies":[{"embeddable":true,"href":"https:\/\/www.europesays.com\/es\/wp-json\/wp\/v2\/comments?post=266690"}],"version-history":[{"count":0,"href":"https:\/\/www.europesays.com\/es\/wp-json\/wp\/v2\/posts\/266690\/revisions"}],"wp:featuredmedia":[{"embeddable":true,"href":"https:\/\/www.europesays.com\/es\/wp-json\/wp\/v2\/media\/266691"}],"wp:attachment":[{"href":"https:\/\/www.europesays.com\/es\/wp-json\/wp\/v2\/media?parent=266690"}],"wp:term":[{"taxonomy":"category","embeddable":true,"href":"https:\/\/www.europesays.com\/es\/wp-json\/wp\/v2\/categories?post=266690"},{"taxonomy":"post_tag","embeddable":true,"href":"https:\/\/www.europesays.com\/es\/wp-json\/wp\/v2\/tags?post=266690"}],"curies":[{"name":"wp","href":"https:\/\/api.w.org\/{rel}","templated":true}]}}