{"id":266692,"date":"2025-12-02T05:31:09","date_gmt":"2025-12-02T05:31:09","guid":{"rendered":"https:\/\/www.europesays.com\/es\/266692\/"},"modified":"2025-12-02T05:31:09","modified_gmt":"2025-12-02T05:31:09","slug":"benjamin-noval-una-joya-que-lo-gana-todo-en-todos-los-terrenos","status":"publish","type":"post","link":"https:\/\/www.europesays.com\/es\/266692\/","title":{"rendered":"Benjam\u00edn Noval, una joya que lo gana todo en todos los terrenos"},"content":{"rendered":"<p style=\"\">Al hilo de los tiempos que marcan los superdotados llegados del fr\u00edo del norte (<a href=\"https:\/\/www.abc.es\/deportes\/ciclismo\/van-der-poel-resigna-arrebata-amarillo-pogacar-20250710172842-nt.html\" target=\"_self\" data-voc-vtm-id=\"in-text-traffic\" title=\"Mathieu van der Poel\" data-mrf-link=\"www.abc.es\" rel=\"nofollow noopener\">Mathieu van der Poel<\/a>, Wout van Aert, Tom Pidcock), ases en todas las modalidades de la bicicleta y no solo la ruta, Espa\u00f1a cuenta en las entra\u00f1as de las carreras  &#8230; juveniles de fin de semana con un proyecto de campe\u00f3n en varias disciplinas: mountain bike, ciclocross y carretera. En el reino de las ruedas gruesas, los campos del barro o los finos tubulares de la ruta en asfalto, Benjam\u00edn Noval (Pola de Laviana, 17 a\u00f1os) ha dado la talla. En todas esas disciplinas es campe\u00f3n de Espa\u00f1a en su franja de edad. <\/p>\n<p class=\"voc-p\" style=\"\">El prodigio adolescente que aspira a rescatar a Espa\u00f1a de una \u00e9poca de penurias en las grandes citas mundiales es hijo de Benjam\u00edn Noval senior, exciclista nacido en Mieres que fue gregario e \u00edntima amistad de <a href=\"https:\/\/www.abc.es\/deportes\/ciclismo\/abci-lider-confia-resistir-evans-contrarreloj-manana-200707270300-164134441502_noticia.html\" target=\"_self\" data-voc-vtm-id=\"in-text-traffic\" title=\"Alberto Contador\" data-mrf-link=\"www.abc.es\" rel=\"nofollow noopener\">Alberto Contador<\/a> y tambi\u00e9n trabajador a sueldo para <a href=\"https:\/\/www.abc.es\/deportes\/ciclismo\/abci-armstrong-ficha-medico-once-reto-sexto-tour-200311140300-220223_noticia.html\" target=\"_self\" data-voc-vtm-id=\"in-text-traffic\" title=\"Lance Armstrong\" data-mrf-link=\"www.abc.es\" rel=\"nofollow noopener\">Lance Armstrong<\/a>. <\/p>\n<p class=\"voc-p\" style=\"\">Su hijo ha ingresado con una fuerza descomunal en el panorama ciclista. Estuvo a punto de ganar tambi\u00e9n el Mundial j\u00fanior celebrado en Ruanda, pero una ca\u00edda en la \u00faltima vuelta lo impidi\u00f3. Noval ha corrido hasta la fecha en el MMR Academy, que dirige el campe\u00f3n ol\u00edmpico en Pek\u00edn 2008 Samuel S\u00e1nchez.<\/p>\n<p class=\"voc-p\" style=\"\">\u00abBenja es uno de los talentos del ciclismo espa\u00f1ol, los resultados en las categor\u00edas inferiores hablan por s\u00ed solos, no hace falta echarle flores. Es el actual campe\u00f3n de Espa\u00f1a de mountain bike sin haber corrido ninguna carrera, es campe\u00f3n de Espa\u00f1a de ciclocross y campe\u00f3n de Espa\u00f1a de contrarreloj en ruta\u00bb, cuenta a ABC <a href=\"https:\/\/www.abc.es\/deportes\/ciclismo\/abci-samuel-sanchez-campeon-ciclista-convertido-hombre-nieves-202202100023_noticia.html\" target=\"_self\" data-voc-vtm-id=\"in-text-traffic\" title=\"Samuel S\u00e1nchez\" data-mrf-link=\"www.abc.es\" rel=\"nofollow noopener\">Samuel S\u00e1nchez<\/a>, uno de los mentores de la promesa ciclista.<\/p>\n<p class=\"voc-p\" style=\"\">Noval padre estuvo a punto de fichar por el Movistar como director, con la opci\u00f3n real de que llevar tambi\u00e9n a su hijo a la estructura de Abarca Sport que comanda Eusebio Unzu\u00e9. El asunto no lleg\u00f3 a concretarse y tampoco hubo explicaciones claras a la vista.<\/p>\n<p class=\"voc-p\" style=\"\">\u00abUna de sus principales virtudes es que es un ciclista multidisciplinar, algo que tanto prolifera en nuestros d\u00edas \u2014explica Samuel S\u00e1nchez\u2014. La UCI va a sacar una normativa por la que los puntos que se obtengan en gravel, mountain bike, ciclocross y dem\u00e1s, tambi\u00e9n valdr\u00e1n para los equipos del World Tour (primera divisi\u00f3n). Este tipo de ciclistas multiplican su valor y se van a terminar imponiendo\u00bb.<\/p>\n<p class=\"voc-title\">\u00abBenjam\u00edn tiene un gran dominio de la bici, que le hace destacar en otras disciplinas\u00bb<\/p>\n<p class=\"voc-article-position__name\">Samuel S\u00e1nchez<\/p>\n<p class=\"voc-article-position__employ\">Campe\u00f3n ol\u00edmpico en Pek\u00edn 2008<\/p>\n<p class=\"voc-p\" style=\"\">Noval ya ha sido recibido por el presidente del Principado de Asturias, Adri\u00e1n Barb\u00f3n. Y lo principal para \u00e9l, lo ha fichado para 2026 el equipo <a href=\"https:\/\/www.abc.es\/deportes\/ciclismo\/abci-increible-record-ineos-sky-7-victorias-8-ediciones-y-4-ciclistas-diferentes-201907290924_noticia.html\" target=\"_self\" data-voc-vtm-id=\"in-text-traffic\" title=\"Ineos, antigua m\u00e1quina dominante del ciclismo con cuatro ganadores distintos del Tour\" data-mrf-link=\"www.abc.es\" rel=\"nofollow noopener\">Ineos, antigua m\u00e1quina dominante del ciclismo con cuatro ganadores distintos del Tour<\/a> (Wiggins, Froome, Thomas y Bernal) que busca talento joven por todo el mundo. \u00abTiene un dominio de la bicicleta muy grande, que le permite destacar en much\u00edsimas disciplinas. Este dominio le viene dado tambi\u00e9n por sus cualidades f\u00edsicas. Todos los test de esfuerzo que le hicimos en MMR Academy desde ni\u00f1o ya daban valores muy alentadores, sin haberse desarrollado f\u00edsicamente. Estos valores f\u00edsicos no han pasado inadvertidos para uno de los equipos que m\u00e1s apuesta por la juventud, como es el Ineos\u00bb.<\/p>\n<p class=\"voc-p\" style=\"\">Multidisciplinar y combativo, la pregunta es qu\u00e9 tipo de ciclista ser\u00e1. Responde Samuel S\u00e1nchez. \u00abEn carrera es muy buen compa\u00f1ero, se sabe mover bien, es generoso, empatiza mucho. Sabe medir los tiempos y act\u00faa con inteligencia. A veces es muy impulsivo y lo hemos tenido que parar. Estamos en un marco competitivo, pero no hay que perder de vista la diversi\u00f3n. Est\u00e1 en periodo de formaci\u00f3n. Hemos trabajando con \u00e9l porque va a dar el salto a la m\u00e1xima categor\u00eda y debemos ense\u00f1arle a ser ciclista, no solo dar pedales, sino todo lo que conlleva ser ciclista profesional. Tiene que aprender a caerse y levantarse, saber que esto es duro y no ser\u00e1 un camino de rosas como hasta ahora\u00bb.<\/p>\n","protected":false},"excerpt":{"rendered":"Al hilo de los tiempos que marcan los superdotados llegados del fr\u00edo del norte (Mathieu van der Poel,&hellip;\n","protected":false},"author":2,"featured_media":266693,"comment_status":"","ping_status":"","sticky":false,"template":"","format":"standard","meta":{"footnotes":""},"categories":[273],"tags":[28980,313,312,168,25,24,4355,4020,31573,23,167,65941],"class_list":{"0":"post-266692","1":"post","2":"type-post","3":"status-publish","4":"format-standard","5":"has-post-thumbnail","7":"category-ciclismo","8":"tag-benjamin","9":"tag-ciclismo","10":"tag-cycling","11":"tag-deportes","12":"tag-es","13":"tag-espana","14":"tag-gana","15":"tag-joya","16":"tag-noval","17":"tag-spain","18":"tag-sports","19":"tag-terrenos"},"share_on_mastodon":{"url":"https:\/\/pubeurope.com\/@es\/115648337232210073","error":""},"_links":{"self":[{"href":"https:\/\/www.europesays.com\/es\/wp-json\/wp\/v2\/posts\/266692","targetHints":{"allow":["GET"]}}],"collection":[{"href":"https:\/\/www.europesays.com\/es\/wp-json\/wp\/v2\/posts"}],"about":[{"href":"https:\/\/www.europesays.com\/es\/wp-json\/wp\/v2\/types\/post"}],"author":[{"embeddable":true,"href":"https:\/\/www.europesays.com\/es\/wp-json\/wp\/v2\/users\/2"}],"replies":[{"embeddable":true,"href":"https:\/\/www.europesays.com\/es\/wp-json\/wp\/v2\/comments?post=266692"}],"version-history":[{"count":0,"href":"https:\/\/www.europesays.com\/es\/wp-json\/wp\/v2\/posts\/266692\/revisions"}],"wp:featuredmedia":[{"embeddable":true,"href":"https:\/\/www.europesays.com\/es\/wp-json\/wp\/v2\/media\/266693"}],"wp:attachment":[{"href":"https:\/\/www.europesays.com\/es\/wp-json\/wp\/v2\/media?parent=266692"}],"wp:term":[{"taxonomy":"category","embeddable":true,"href":"https:\/\/www.europesays.com\/es\/wp-json\/wp\/v2\/categories?post=266692"},{"taxonomy":"post_tag","embeddable":true,"href":"https:\/\/www.europesays.com\/es\/wp-json\/wp\/v2\/tags?post=266692"}],"curies":[{"name":"wp","href":"https:\/\/api.w.org\/{rel}","templated":true}]}}