{"id":266696,"date":"2025-12-02T05:34:12","date_gmt":"2025-12-02T05:34:12","guid":{"rendered":"https:\/\/www.europesays.com\/es\/266696\/"},"modified":"2025-12-02T05:34:12","modified_gmt":"2025-12-02T05:34:12","slug":"el-analisis-de-nosti-ex-psicologo-del-sporting","status":"publish","type":"post","link":"https:\/\/www.europesays.com\/es\/266696\/","title":{"rendered":"el an\u00e1lisis de Nosti, ex psic\u00f3logo del Sporting"},"content":{"rendered":"<p>\t\t \t\t\tEmilio Gonz\u00e1lez Nosti <strong class=\"pd-l\">@emigleznosti  <\/strong><\/p>\n<p>\t\t\t\t\t\tDeclaraciones en RPA<br \/>\n\t\t\t\t\t\t<strong>01 dic 2025<\/strong> . Actualizado a las 23:26 h.\t\t\t\t\t\t<\/p>\n<p class=\"first-paragraph txt\">Declaraciones en <strong>RPA<\/strong>\u00a0con Bea Otero de <strong>Emilio Gonz\u00e1lez Nosti,<\/strong> ex responsable de <a class=\"link-txt\" href=\"https:\/\/www.lavozdeasturias.es\/noticia\/sporting1905\/2025\/11\/30\/mensaje-borja-aficionme-preocupa-salud-mental-futbolistas-sportingsufren-presion-grande-darles-carino-me-duelen-pitos\/00031764520855241768414.htm\" target=\"_blank\" rel=\"nofollow noopener\">psicolog\u00eda <\/a>en la cantera del <strong>Real Sporting de Gij\u00f3n<\/strong>, adem\u00e1s de haber tenido labores como t\u00e9cnico en varios equipos de las categor\u00edas inferiores rojiblancas. Actualmente se encarga de la misma parcela en diversos vestuarios de la RFEF, entre otros, el de la sub 21 masculina y la absoluta femenina (desde el minuto 20 del audio):<\/p>\n<p class=\"txt\">\u00abMe toc\u00f3 trabajar con muchos futbolistas que ten\u00edan <strong>El Molin\u00f3n muy en contra y es muy complicado<\/strong> trabajar en esa situaci\u00f3n. Cuando un jugador pasa de categor\u00eda en categor\u00eda en Mareo, sienten que lo normal es marcar goles, ganar y jugar. La realidad profesional es marcar un par de goles y no jugar todos los minutos, no les preparamos para eso en la cantera. En la competici\u00f3n profesional te pasas meses sin ganar y es complicado formarles en eso, yo entren\u00e9 en Mareo y hab\u00eda lunes que ya sab\u00edas que ten\u00edas el partido del fin de semana ganado, hab\u00eda que convencerles de que tienen que entrenar para mejorar ellos, no para ganar a ese pr\u00f3ximo rival\u00bb<\/p>\n<p class=\"txt\">\u00ab<strong>Est\u00e1n s\u00faper entrenados en todo, en lo f\u00edsico, lo t\u00e1ctico, lo t\u00e9cnico, todo menos en lo emociona<\/strong>l. Eso se trabaja, nadie nace as\u00ed, no es la ley del m\u00e1s fuerte. <strong>Tirar un\u00a0silbido\u00a0cuando sale Queipo o Caicedo<\/strong> puede parecer gracioso, pero estamos <strong>haciendo da\u00f1o a una persona que no sali\u00f3 ni a jugar todav\u00eda<\/strong>, dejale equivocarse por lo menos&#8230;Hace da\u00f1o, est\u00e1 claro\u00bb<\/p>\n<p class=\"txt\">\u00abHay jugadores que son socios del Sporting, llevan toda la vida en el club, saben que en el futuro vivir\u00e1n all\u00ed, es complicado. Yo por ejemplo vivo tranquilo ahora, nadie me escribe ni me dice nada, antes pasaba todos los d\u00edas en Mareo, sal\u00eda de all\u00ed y me preguntaban por el Sporting en todas partes&#8230;\u00bb<\/p>\n<p class=\"txt\">&#13;<br \/>\n\t\t&#13;<br \/>\n\t\t\t&#13;<br \/>\n\t\t&#13;<br \/>\n\t\t&#13;<br \/>\n\t\t&#13;<br \/>\n\t\t\t\t\t\t\t\t\t\t\t\t&#13;<br \/>\n\t\t\t\t\t\t\t\t&#13;<br \/>\n&#13;<br \/>\n&#13;<\/p>\n<p>\t\t\t&#13;<br \/>\n\t&#13;<\/p>\n<p>\t\t\t<a href=\"https:\/\/www.lavozdeasturias.es\/noticia\/sporting1905\/2025\/11\/23\/venta-sudaderas-camisetas-120-anos-sporting-guino-oscar-ganado-edicion-limitada-coleccionista\/00031763893672680873959.htm\" data-analytics=\"link-embed\" rel=\"nofollow noopener\" target=\"_blank\">A la venta las camisetas y sudaderas por los 120 a\u00f1os del Sporting, un gui\u00f1o\u00a0al \u00d3scar ganado en edici\u00f3n limitada de coleccionista<\/a><\/p>\n<p class=\"a-min-author\">\n<p>\t\t\t\t\t\t\t\t\t\t\tAlejandro Vigil Mor\u00e1n<\/p>\n<p>\t&#13;<br \/>\n\t&#13;<br \/>\n&#13;<br \/>\n\t\t\t\t&#13;<br \/>\n\t\t\t\t&#13;<br \/>\n\t&#13;<br \/>\n\t\t\t&#13;<br \/>\n\t\t\t&#13;<br \/>\n\t\t&#13;\n<\/p>\n<p class=\"txt\">\u00abDicen muchos jugadores que queman etapas, no las disfrutan, es as\u00ed. Nadie pas\u00f3 del juvenil hasta el primer equipo desde Javi Fuego y <strong>Nico Riestra<\/strong> lo sab\u00eda, en Mareo les dejaba claros que debutar es solo el comienzo, luego toca seguir y ser autoexigentes. Ahora parece que deben estar un a\u00f1o en el B y tirar para arriba, hay gente que madura antes y otros despu\u00e9s. Todos debemos tener paciencia, ellos los primeros. Hay que tener menos ansiedad por quemar etapas. Si tu equipo es el juvenil pues toca volver y seguir jugando bien para ganarte m\u00e1s oportunidades, no queda otra, siempre es as\u00ed para todos los jugadores\u00bb<\/p>\n<p class=\"txt\">\u00abQueipo debe prepararse para todo y tener claro que por un lado est\u00e1 el futbolista y por otro la persona. <strong>Son personas, sportinguistas que lo sienten tanto como t\u00fa<\/strong>. Ellos pierden en Huesca y tienen que volver desde all\u00ed d\u00e1ndole vueltas al tema, t\u00fa te enfadas en casa y te pones a otra cosa. Son de la casa y lo sufres\u00bb<\/p>\n<p class=\"txt\">\u00abQueipo es un chico muy racional, muy consciente de todo lo que le pasa. Es muy inteligente en la conversaci\u00f3n, soy consciente de primera mano que <strong>lo pas\u00f3 mal y que trabaj\u00f3 en ello muy duro<\/strong>. Le quiero mucho. Os cuento una cosa, acaba el partido y le mand\u00e9 un mensaje, le dije que estaba orgulloso porque soy consciente de lo mal que lo ha pasado, de lo consciente que es de todo y de lo inteligente que es, le da vueltas a todo y lo ha estado pasando mal s\u00ed&#8230;\u00bb<\/p>\n<p class=\"txt\">&#13;<br \/>\n\t\t&#13;<br \/>\n\t\t\t&#13;<br \/>\n\t\t&#13;<br \/>\n\t\t&#13;<br \/>\n\t\t&#13;<br \/>\n\t\t\t\t\t\t\t\t\t\t\t\t&#13;<br \/>\n\t\t\t\t\t\t\t\t&#13;<br \/>\n&#13;<br \/>\n&#13;<\/p>\n<p>\t\t\t&#13;<br \/>\n\t&#13;<\/p>\n<p>\t\t\t<a href=\"https:\/\/www.lavozdeasturias.es\/noticia\/sporting1905\/2025\/11\/30\/mensaje-borja-aficionme-preocupa-salud-mental-futbolistas-sportingsufren-presion-grande-darles-carino-me-duelen-pitos\/00031764520855241768414.htm\" data-analytics=\"link-embed\" rel=\"nofollow noopener\" target=\"_blank\">El mensaje de Borja a la afici\u00f3n:\u00a0\u00abMe preocupa la salud mental de los futbolistas del Sporting,\u00a0sufren una presi\u00f3n muy grande y\u00a0hay\u00a0que darles cari\u00f1o, me duelen los pitos\u00bb<\/a><\/p>\n<p class=\"a-min-author\">\n<p>\t\t\t\t\t\t\t\t\t\t\tAlejandro Vigil Mor\u00e1n<\/p>\n<p>\t&#13;<br \/>\n\t&#13;<br \/>\n&#13;<br \/>\n\t\t\t\t&#13;<br \/>\n\t\t\t\t&#13;<br \/>\n\t&#13;<br \/>\n\t\t\t&#13;<br \/>\n\t\t\t&#13;<br \/>\n\t\t&#13;\n<\/p>\n<p class=\"txt\">\u00abIba escuchando los comentarios sobre que jugase Queipo de titular&#8230;\u00c9l debe recordar que no le queda grande esto, es un jugador m\u00e1s del primer equipo, creo que es su cuarto a\u00f1o en el equipo y no se habr\u00e1 olvidado de jugar a f\u00fatbol&#8230;\u00a0Sabe leer muy bien la presi\u00f3n al rival por su inteligencia y contra el Andorra que la saca jugada ten\u00eda sentido que jugase \u00e9l. Hizo un partidazo, hizo un gran partido sin bal\u00f3n y con el bal\u00f3n fue ganando confianza poco a poco. Vi un jugador muy reconocible para m\u00ed\u00bb<\/p>\n<p>&#13;<br \/>\n\tArchivado en:&#13;<br \/>\n\t\t\t\t\t<a href=\"https:\/\/www.lavozdeasturias.es\/temas\/sporting-de-gijon\/\" target=\"_blank\" class=\"mg-l\" rel=\"nofollow noopener\">Sporting de Gij\u00f3n<\/a>&#13;<br \/>\n\t&#13;<\/p>\n","protected":false},"excerpt":{"rendered":"Emilio Gonz\u00e1lez Nosti @emigleznosti Declaraciones en RPA 01 dic 2025 . Actualizado a las 23:26 h. Declaraciones en&hellip;\n","protected":false},"author":2,"featured_media":266697,"comment_status":"","ping_status":"","sticky":false,"template":"","format":"standard","meta":{"footnotes":""},"categories":[268],"tags":[168,25,24,280,282,281,23,4783,167],"class_list":{"0":"post-266696","1":"post","2":"type-post","3":"status-publish","4":"format-standard","5":"has-post-thumbnail","7":"category-futbol","8":"tag-deportes","9":"tag-es","10":"tag-espana","11":"tag-football","12":"tag-futbol","13":"tag-soccer","14":"tag-spain","15":"tag-sporting-de-gijon","16":"tag-sports"},"share_on_mastodon":{"url":"https:\/\/pubeurope.com\/@es\/115648349253058972","error":""},"_links":{"self":[{"href":"https:\/\/www.europesays.com\/es\/wp-json\/wp\/v2\/posts\/266696","targetHints":{"allow":["GET"]}}],"collection":[{"href":"https:\/\/www.europesays.com\/es\/wp-json\/wp\/v2\/posts"}],"about":[{"href":"https:\/\/www.europesays.com\/es\/wp-json\/wp\/v2\/types\/post"}],"author":[{"embeddable":true,"href":"https:\/\/www.europesays.com\/es\/wp-json\/wp\/v2\/users\/2"}],"replies":[{"embeddable":true,"href":"https:\/\/www.europesays.com\/es\/wp-json\/wp\/v2\/comments?post=266696"}],"version-history":[{"count":0,"href":"https:\/\/www.europesays.com\/es\/wp-json\/wp\/v2\/posts\/266696\/revisions"}],"wp:featuredmedia":[{"embeddable":true,"href":"https:\/\/www.europesays.com\/es\/wp-json\/wp\/v2\/media\/266697"}],"wp:attachment":[{"href":"https:\/\/www.europesays.com\/es\/wp-json\/wp\/v2\/media?parent=266696"}],"wp:term":[{"taxonomy":"category","embeddable":true,"href":"https:\/\/www.europesays.com\/es\/wp-json\/wp\/v2\/categories?post=266696"},{"taxonomy":"post_tag","embeddable":true,"href":"https:\/\/www.europesays.com\/es\/wp-json\/wp\/v2\/tags?post=266696"}],"curies":[{"name":"wp","href":"https:\/\/api.w.org\/{rel}","templated":true}]}}