{"id":266698,"date":"2025-12-02T05:35:09","date_gmt":"2025-12-02T05:35:09","guid":{"rendered":"https:\/\/www.europesays.com\/es\/266698\/"},"modified":"2025-12-02T05:35:09","modified_gmt":"2025-12-02T05:35:09","slug":"los-looks-de-las-invitadas-a-una-noche-magica-que-hace-historia","status":"publish","type":"post","link":"https:\/\/www.europesays.com\/es\/266698\/","title":{"rendered":"los looks de las invitadas a una noche m\u00e1gica que hace historia"},"content":{"rendered":"\n<p> <strong>El turismo es uno de los pilares fundamentales de la econom\u00eda espa\u00f1ola<\/strong>. Solo en 2024, seg\u00fan el INE, nuestro pa\u00eds recibi\u00f3 un total de 93,8 millones de turistas extranjeros. En cifras de 2023, el turismo supuso un 12,3% del PIB alcanzando los 184.002 millones de euros. Con todo esto encima de la mesa, la creaci\u00f3n de <strong>unos premios para este sector en Espa\u00f1a era casi obligatorio<\/strong>. As\u00ed es como nacen<strong> los Spain Travel Awards<\/strong>. <\/p>\n<p> Este lunes 1 de diciembre, a las puertas de la Navidad, el Teatro Alb\u00e9niz de Madrid del Hotel UMusic de Madrid ha acogido <strong>la primera edici\u00f3n de estos galardones <\/strong>dedicados al turismo en Espa\u00f1a, que pretenden poner en valor a las empresas, destinos y profesionales que destacan y que le aportan valor, calidad y valor a este sector.\u00a0 <\/p>\n<p> Entre los asistentes, han destacado invitados de alto valor como <strong>Eugenia Mart\u00ednez de Irujo y Narc\u00eds Rebollo<\/strong>, <strong>Ana Rosa Quintana<\/strong>, <strong>Gemma Mengual<\/strong> o <strong>Fiona Ferrer<\/strong> entre otros. <\/p>\n<p>            Eugenia Mart\u00ednez de Irujo y Narc\u00eds Rebollo              Eugenia Mart\u00ednez de Irujo y Narc\u00eds Rebollo en los Spain Travel Awards. (Gtres)            <\/p>\n<p> <a href=\"https:\/\/www.vanitatis.elconfidencial.com\/celebrities\/2025-10-28\/la-huella-del-pasado-el-alma-del-presente_4236248\/\" target=\"_self\" rel=\"nofollow noopener\">La duquesa de Montoro<\/a> acudi\u00f3 en compa\u00f1\u00eda de su inseparable Narc\u00eds Rebollo. Para esta ocasi\u00f3n, Eugenia adem\u00e1s demostr\u00f3 tener un vestidor con piezas muy especiales y \u00fanicas de otro de los grandes sectores de nuestra econom\u00eda, la moda, apostando por una dise\u00f1adora patria, <strong>Teresa Helbig<\/strong>.\u00a0 <\/p>\n<p> Se trata de un vestido de <strong>su colecci\u00f3n \u2018Opium\u2019 oto\u00f1o\/invierno 2021<\/strong> con cuello redondo, mangas largas, ajustado a la cintura y con una falda con algo de vuelo y bajo irregular. Est\u00e1 estampado en rayas negras y beige en diferentes direcciones, creando as\u00ed un estampado m\u00e1s psicod\u00e9lico, t\u00edpico de Helbig. Lo complement\u00f3 con unas botas altas de piel, plataforma y tac\u00f3n ancho. <\/p>\n<p>            Gemma Mengual               Gemma Mengual en los Spain Travel Awards. (Gtres)            <\/p>\n<p> Gemma Mengual, <a href=\"https:\/\/www.vanitatis.elconfidencial.com\/famosos\/2025-09-02\/gemma-mengual-feliz-instagram-novio-anos-relacion_4200076\/\" target=\"_self\" rel=\"nofollow noopener\">la exnadadora art\u00edstica<\/a>, consigui\u00f3 un look disruptivo combinando dos firmas diferentes en el que parece a simple vista una \u00fanica pieza. Se trata de <strong>un top monogram de MISBHV y una falda larga de Carolina Herrera<\/strong> con uno de sus estampados m\u00e1s ic\u00f3nicos, los lunares negros. El look lo complement\u00f3 \u00fanicamente con unos guantes largos negros. <\/p>\n<p>            Ana Rosa Quintana              Ana Rosa Quintana en los Spain Travel Awards. (Gtres)            <\/p>\n<p> <a href=\"https:\/\/www.vanitatis.elconfidencial.com\/famosos\/2025-01-22\/rutina-domestica-ana-rosa-regreso-mananas-telecinco_4048809\/\" target=\"_self\" rel=\"nofollow noopener\">La presentadora Ana Rosa Quintana<\/a> escogi\u00f3 para la noche del turismo espa\u00f1ol con uno de los looks m\u00e1s cl\u00e1sicos y elegantes para una alfombra roja. Se trata de <strong>un traje negro de americana estructurada<\/strong> con hombros marcados, botonadura simple, solapas con muesca con unos pantalones a juego rectos. Por debajo luci\u00f3 un top estilo \u2018bustier\u2019 en color negro y unas botas altas de terciopelo. <\/p>\n<p>                Karla Sof\u00eda Gasc\u00f3n              Karla Sof\u00eda Gasc\u00f3n en los Spain Travel Awards. (Gtres)            <\/p>\n<p> <a href=\"https:\/\/www.vanitatis.elconfidencial.com\/famosos\/2025-06-28\/entrevista-karla-sofia-gascon-libro-carrera-emilia-perez-detalles-vida-personal_4157283\/\" target=\"_self\" rel=\"nofollow noopener\">Karla Sof\u00eda Gasc\u00f3n<\/a>, una de las Mujeres del A\u00f1o Vanitatis de este 2025, tampoco falt\u00f3 a esta cita. Para esta noche tan especial escogi\u00f3 <strong>un vestido azul klein con un top de encaje floral<\/strong> con escote pronunciado y tirante ancho rematado en una falda larga vaporosa. Lo combin\u00f3 con unas sandalias negras de tiras anchas. <\/p>\n<p>            Alba Lago              Alba Lago en los Spain Travel Awards. (Gtres)            <\/p>\n<p> La presentadora Alba Lago apost\u00f3 por una de las opciones m\u00e1s atrevidas y elegantes de la noche con <strong>un vestido lencero negro<\/strong> de tirante fino con escote de encaje en forma de coraz\u00f3n. Lo complement\u00f3 \u00fanicamente con unas sandalias simples de tiras negras anchas. <\/p>\n<p>            Elena Rivera              Elena Rivera en los Spain Travel Awards. (Gtres)            <\/p>\n<p> <a href=\"https:\/\/www.vanitatis.elconfidencial.com\/famosos\/2025-01-26\/elena-rivera-primera-aparicion-bertin-osborne-alaska-cantar_4051102\/\" target=\"_self\" rel=\"nofollow noopener\">La actriz Elena Rivera<\/a> luci\u00f3 un estilismo m\u00e1s formal, perfecto para una alfombra roja y para <strong>el d\u00eda a d\u00eda de una chica \u2018working\u2019<\/strong>. Se trata de un jersey negro de cuello subido y mangas largas combinado con unos pantalones de pinzas de tiro alto y pierna ancha. <\/p>\n<p>                Fiona Ferrer              Fiona Ferrer  en los Spain Travel Awards. (Gtres)            <\/p>\n<p> Y por \u00faltimo que no menos importante, <a href=\"https:\/\/www.vanitatis.elconfidencial.com\/estilo\/ocio\/2025-08-02\/maraton-fiona-ferrer-serie-verano-azul-sexo-en-ny_4184365\/\" target=\"_self\" rel=\"nofollow noopener\">Fiona Ferrer<\/a>, una de las mujeres m\u00e1s elegantes de cada alfombra roja. Al igual que Ana Rosa Quintana, apost\u00f3 tambi\u00e9n por el traje negro, concretamente <strong>un esmoquin cl\u00e1sico y &#8216;<\/strong><strong>tailored<\/strong><strong>&#8216;<\/strong>. Para darle su toque, esta le a\u00f1adi\u00f3 por encima una bufanda marr\u00f3n de punto grueso. <\/p>\n<p> <strong>El turismo es uno de los pilares fundamentales de la econom\u00eda espa\u00f1ola<\/strong>. Solo en 2024, seg\u00fan el INE, nuestro pa\u00eds recibi\u00f3 un total de 93,8 millones de turistas extranjeros. En cifras de 2023, el turismo supuso un 12,3% del PIB alcanzando los 184.002 millones de euros. Con todo esto encima de la mesa, la creaci\u00f3n de <strong>unos premios para este sector en Espa\u00f1a era casi obligatorio<\/strong>. As\u00ed es como nacen<strong> los Spain Travel Awards<\/strong>. <\/p>\n","protected":false},"excerpt":{"rendered":"El turismo es uno de los pilares fundamentales de la econom\u00eda espa\u00f1ola. Solo en 2024, seg\u00fan el INE,&hellip;\n","protected":false},"author":2,"featured_media":266699,"comment_status":"","ping_status":"","sticky":false,"template":"","format":"standard","meta":{"footnotes":""},"categories":[174],"tags":[255,146,147,25,24,256,23],"class_list":{"0":"post-266698","1":"post","2":"type-post","3":"status-publish","4":"format-standard","5":"has-post-thumbnail","7":"category-famosos","8":"tag-celebrities","9":"tag-entertainment","10":"tag-entretenimiento","11":"tag-es","12":"tag-espana","13":"tag-famosos","14":"tag-spain"},"share_on_mastodon":{"url":"https:\/\/pubeurope.com\/@es\/115648353394156741","error":""},"_links":{"self":[{"href":"https:\/\/www.europesays.com\/es\/wp-json\/wp\/v2\/posts\/266698","targetHints":{"allow":["GET"]}}],"collection":[{"href":"https:\/\/www.europesays.com\/es\/wp-json\/wp\/v2\/posts"}],"about":[{"href":"https:\/\/www.europesays.com\/es\/wp-json\/wp\/v2\/types\/post"}],"author":[{"embeddable":true,"href":"https:\/\/www.europesays.com\/es\/wp-json\/wp\/v2\/users\/2"}],"replies":[{"embeddable":true,"href":"https:\/\/www.europesays.com\/es\/wp-json\/wp\/v2\/comments?post=266698"}],"version-history":[{"count":0,"href":"https:\/\/www.europesays.com\/es\/wp-json\/wp\/v2\/posts\/266698\/revisions"}],"wp:featuredmedia":[{"embeddable":true,"href":"https:\/\/www.europesays.com\/es\/wp-json\/wp\/v2\/media\/266699"}],"wp:attachment":[{"href":"https:\/\/www.europesays.com\/es\/wp-json\/wp\/v2\/media?parent=266698"}],"wp:term":[{"taxonomy":"category","embeddable":true,"href":"https:\/\/www.europesays.com\/es\/wp-json\/wp\/v2\/categories?post=266698"},{"taxonomy":"post_tag","embeddable":true,"href":"https:\/\/www.europesays.com\/es\/wp-json\/wp\/v2\/tags?post=266698"}],"curies":[{"name":"wp","href":"https:\/\/api.w.org\/{rel}","templated":true}]}}