{"id":266710,"date":"2025-12-02T05:45:23","date_gmt":"2025-12-02T05:45:23","guid":{"rendered":"https:\/\/www.europesays.com\/es\/266710\/"},"modified":"2025-12-02T05:45:23","modified_gmt":"2025-12-02T05:45:23","slug":"jokin-altuna-es-otra-historia","status":"publish","type":"post","link":"https:\/\/www.europesays.com\/es\/266710\/","title":{"rendered":"Jokin Altuna es otra historia"},"content":{"rendered":"<p>Este Campeonato de Parejas va a ser una sucesi\u00f3n de ex\u00e1menes para Altuna III y Ezkurdia, quienes aprobaron el bachillerato hace ya bastante tiempo. Pero  &#8230; su condici\u00f3n de dupla de delanteros ha creado expectaci\u00f3n e incertidumbre sobre su rendimiento ante binomios cl\u00e1sicos en la m\u00e1xima competici\u00f3n.<\/p>\n<p class=\"v-p\">El choque frente a la pareja campeona de 2023 era un banco de pruebas apropiado para calibrar la uni\u00f3n dictaminada por Aspe. De hecho, Unai Laso calific\u00f3 de parej\u00f3n a Elordi-Zabaleta el d\u00eda de la presentaci\u00f3n. Cayeron 22-14 ante Altuna III y Ezkurdia, que suman dos puntos en dos compromisos y son l\u00edderes gracias a un solo tanto de diferencia con Laso y Albisu en el c\u00f3mputo general. <\/p>\n<p class=\"v-p\">D\u00eda grande en Eibar, el Astelena lleno para el acontecimiento. Cartel de no hay billetes. Vendidas las 1.100 localidades. Hay ganas de ver hasta d\u00f3nde pueden llegar juntos Altuna III y Ezkurdia. Tambi\u00e9n de observar c\u00f3mo se desenvuelve un delantero en tareas provisionales y extra\u00f1as. <\/p>\n<p class=\"v-p\">Ya hab\u00eda mostrado su estilo en el ensayo del Torneo San Mateo: adelanta su posici\u00f3n, emplea la volea, recurre a la zurda de aire&#8230; Hace f\u00e1cil lo dif\u00edcil a base de fortaleza. P\u00e9treo, duro como el tungsteno, cuaj\u00f3 en Eibar una actuaci\u00f3n llamativa para quienes lo han visto pocas veces de zaguero.<\/p>\n<p class=\"v-p\">Sufri\u00f3 en un tramo despu\u00e9s de tomar la delantera 8-3. Hasta el 12-11, Zabaleta tom\u00f3 la iniciativa del peloteo y castig\u00f3 en la pared izquierda la defensa de aire de su oponente. Tambi\u00e9n Elordi se sum\u00f3 a la ofensiva con la potencia de su derecha. Por fin sacaban los azules a Altuna III de la ecuaci\u00f3n.<\/p>\n<ul class=\"v-u\">\n<li class=\"v-u__l\">\n<p class=\"v-p\">\nTiempo de juego:<br \/>\n58 minutos y 11 segundos.\n<\/p>\n<\/li>\n<li class=\"v-u__l\">\n<p class=\"v-p\">\nPelotazos a buena:<br \/>\n473.\n<\/p>\n<\/li>\n<li class=\"v-u__l\">\n<p class=\"v-p\">\nTantos de saque:<br \/>\nAltuna III, 4. Elordi, 0.\n<\/p>\n<\/li>\n<li class=\"v-u__l\">\n<p class=\"v-p\">\nFaltas de saque:<br \/>\nAltuna III, 0. Elordi, 0.\n<\/p>\n<\/li>\n<li class=\"v-u__l\">\n<p class=\"v-p\">\nTantos en juego:<br \/>\nAltuna, 11. Ezkurdia, 0. Elordi, 7. Zabaleta, 2.\n<\/p>\n<\/li>\n<li class=\"v-u__l\">\n<p class=\"v-p\">\nTantos perdidos:<br \/>\nAltuna, 2. Ezkurdia, 3. Elordi, 2. Zabaleta, 5.\n<\/p>\n<\/li>\n<li class=\"v-u__l\">\n<p class=\"v-p\">\nMarcador:<br \/>\n0-1, 6-1, 6-3, 8-3, 8-8, 9-8, 9-9, 11-9, 11-10, 12-10, 12-11, 20-11, 20-12, 21-12, 21-14 y 22-14.\n<\/p>\n<\/li>\n<li class=\"v-u__l\">\n<p class=\"v-p\">\nMomios de salida:<br \/>\ntendencia por Altuna y Ezkurdia. 80 a 100 por abajo.\n<\/p>\n<\/li>\n<li class=\"v-u__l\">\n<p class=\"v-p\">\nIncidencias:<br \/>\nlleno absoluto en el Astelena de Eibar para el festival de San Andr\u00e9s. Ambiente de d\u00eda grande. 1.100 espectadores. Un c\u00e1mara de televisi\u00f3n estorb\u00f3 a Zabaleta en la contracancha en el 1-1.\n<\/p>\n<\/li>\n<\/ul>\n<p class=\"v-p\">Le costaba gozar las voleas a Ezkurdia, que se sobrepuso. El de Arbizu, adem\u00e1s de hacer buena, trat\u00f3 de evitar que Elordi entrara de aire al remate a base de tocar la pared izquierda cuando voleaba y de abrir la pelota hacia el ancho con la zurda. Lo intent\u00f3 y lo consigui\u00f3. Prueba superada.<\/p>\n<p class=\"v-p\">Hay pocos delanteros con capacidad para desenvolverse como zagueros a ese nivel. Pero tambi\u00e9n se puede formular otra pregunta paralela. \u00bfCu\u00e1ntos delanteros actuales aparte de Altuna son capaces de hacer frente y ganar con el de Arbizu a parejas hechas y derechas? Posiblemente Laso. \u00bfAlg\u00fan candidato m\u00e1s?<\/p>\n<p class=\"v-p\">Jokin Altuna es otra historia. Ha vuelto a dejarlo patente en un d\u00eda grande del Astelena, front\u00f3n que le adora. No solo por su inicio formidable en la faceta rematadora, por esas dos cortadas de tiral\u00edneas o por la imprevista y genial parada de volea al txoko que se sac\u00f3 de la manga en el 19-12 cuando se hab\u00eda colocado para rematar de zurda y la pelota le sali\u00f3 del frontis hacia la derecha. Tambi\u00e9n por su capacidad de trabajo, por la disposici\u00f3n para ayudar a Ezkurdia, por la comprensi\u00f3n y la lectura del juego, por insistir a bote con la derecha cuando entiende que es lo mejor&#8230; Por un conjunto de virtudes.<\/p>\n<p class=\"v-p\">Llevaban 347 pelotazos a buena al concluir el 12-11. Altuna III fue el art\u00edfice de subir el 20-11 al electr\u00f3nico gracias a una tacada de ocho tantos en solo 55 pelotazos. Tres de saque, un derechazo arrimado al ocho y medio, otro con el que rebas\u00f3 a los dos rivales, el bache en el que entr\u00f3 Zabaleta, la desesperaci\u00f3n de un buen Elordi&#8230; El campe\u00f3n manomanista vio el rasgu\u00f1o y hurg\u00f3 hasta convertirlo en herida.<\/p>\n","protected":false},"excerpt":{"rendered":"Este Campeonato de Parejas va a ser una sucesi\u00f3n de ex\u00e1menes para Altuna III y Ezkurdia, quienes aprobaron&hellip;\n","protected":false},"author":2,"featured_media":266711,"comment_status":"","ping_status":"","sticky":false,"template":"","format":"standard","meta":{"footnotes":""},"categories":[80],"tags":[65947,24035,65949,82,95,94,31312,25,24,12324,16745,5586,7171,23,65948],"class_list":{"0":"post-266710","1":"post","2":"type-post","3":"status-publish","4":"format-standard","5":"has-post-thumbnail","7":"category-economia","8":"tag-65947","9":"tag-altuna","10":"tag-astelena","11":"tag-business","12":"tag-economia","13":"tag-economy","14":"tag-elordi","15":"tag-es","16":"tag-espana","17":"tag-ezkurdia","18":"tag-iii","19":"tag-lleno","20":"tag-pueden","21":"tag-spain","22":"tag-zabaleta"},"share_on_mastodon":{"url":"https:\/\/pubeurope.com\/@es\/115648392411145065","error":""},"_links":{"self":[{"href":"https:\/\/www.europesays.com\/es\/wp-json\/wp\/v2\/posts\/266710","targetHints":{"allow":["GET"]}}],"collection":[{"href":"https:\/\/www.europesays.com\/es\/wp-json\/wp\/v2\/posts"}],"about":[{"href":"https:\/\/www.europesays.com\/es\/wp-json\/wp\/v2\/types\/post"}],"author":[{"embeddable":true,"href":"https:\/\/www.europesays.com\/es\/wp-json\/wp\/v2\/users\/2"}],"replies":[{"embeddable":true,"href":"https:\/\/www.europesays.com\/es\/wp-json\/wp\/v2\/comments?post=266710"}],"version-history":[{"count":0,"href":"https:\/\/www.europesays.com\/es\/wp-json\/wp\/v2\/posts\/266710\/revisions"}],"wp:featuredmedia":[{"embeddable":true,"href":"https:\/\/www.europesays.com\/es\/wp-json\/wp\/v2\/media\/266711"}],"wp:attachment":[{"href":"https:\/\/www.europesays.com\/es\/wp-json\/wp\/v2\/media?parent=266710"}],"wp:term":[{"taxonomy":"category","embeddable":true,"href":"https:\/\/www.europesays.com\/es\/wp-json\/wp\/v2\/categories?post=266710"},{"taxonomy":"post_tag","embeddable":true,"href":"https:\/\/www.europesays.com\/es\/wp-json\/wp\/v2\/tags?post=266710"}],"curies":[{"name":"wp","href":"https:\/\/api.w.org\/{rel}","templated":true}]}}