{"id":266722,"date":"2025-12-02T05:58:11","date_gmt":"2025-12-02T05:58:11","guid":{"rendered":"https:\/\/www.europesays.com\/es\/266722\/"},"modified":"2025-12-02T05:58:11","modified_gmt":"2025-12-02T05:58:11","slug":"victoria-en-la-pista-y-perreo-de-roberto-leal","status":"publish","type":"post","link":"https:\/\/www.europesays.com\/es\/266722\/","title":{"rendered":"victoria en La Pista\u2026 \u00a1y perreo de Roberto Leal!"},"content":{"rendered":"<p>El equipo azul ha conseguido firmar un espl\u00e9ndido triplete de victorias musicales en este programa de Pasapalabra. <b>Mar\u00eda Jos\u00e9 Su\u00e1rez<\/b> ha completado el hat-trick para <b>Rosa<\/b>, despu\u00e9s de que la concursante y tambi\u00e9n <b>Luis Larrodera<\/b> acertaran sus canciones. Eso s\u00ed, el comunicador ha logrado el \u00fanico pleno de la tarde y, adem\u00e1s, con dedicatoria al revelar por qu\u00e9 para \u00e9l es especial \u2018El 7 de septiembre\u2019.<\/p>\n<p><b>Mar\u00eda Jos\u00e9 <\/b>ha conseguido aportar tres segundos al equipo en un duelo que ha tenido m\u00e1s incertidumbre. La modelo se ha enfrentado a <b>Anthony Blake<\/b> y lo que se han encontrado es una canci\u00f3n infantil. \u201cVa a ser divertido, seguro\u201d, avanzaba <b>Roberto Leal <\/b>al descubrir esa tem\u00e1tica. Sin embargo, los dos invitados han estado muy perdidos con el primer fragmento.<\/p>\n<p>Tras escuchar un poco m\u00e1s de m\u00fasica y unir ese trozo con el verso que antes hab\u00eda dado el presentador,<b> Mar\u00eda Jos\u00e9<\/b> al fin ha tenido ese flash en la memoria que necesitaba. Ha cantado y se ha llevado el triunfo. Como broche, queda tambi\u00e9n el ins\u00f3lito baile de <b>Roberto <\/b>perreando esta canci\u00f3n infantil. \u00a1No te lo pierdas en el v\u00eddeo!<\/p>\n","protected":false},"excerpt":{"rendered":"El equipo azul ha conseguido firmar un espl\u00e9ndido triplete de victorias musicales en este programa de Pasapalabra. Mar\u00eda&hellip;\n","protected":false},"author":2,"featured_media":266723,"comment_status":"","ping_status":"","sticky":false,"template":"","format":"standard","meta":{"footnotes":""},"categories":[174],"tags":[255,146,147,25,24,256,23],"class_list":{"0":"post-266722","1":"post","2":"type-post","3":"status-publish","4":"format-standard","5":"has-post-thumbnail","7":"category-famosos","8":"tag-celebrities","9":"tag-entertainment","10":"tag-entretenimiento","11":"tag-es","12":"tag-espana","13":"tag-famosos","14":"tag-spain"},"share_on_mastodon":{"url":"https:\/\/pubeurope.com\/@es\/115648443585599815","error":""},"_links":{"self":[{"href":"https:\/\/www.europesays.com\/es\/wp-json\/wp\/v2\/posts\/266722","targetHints":{"allow":["GET"]}}],"collection":[{"href":"https:\/\/www.europesays.com\/es\/wp-json\/wp\/v2\/posts"}],"about":[{"href":"https:\/\/www.europesays.com\/es\/wp-json\/wp\/v2\/types\/post"}],"author":[{"embeddable":true,"href":"https:\/\/www.europesays.com\/es\/wp-json\/wp\/v2\/users\/2"}],"replies":[{"embeddable":true,"href":"https:\/\/www.europesays.com\/es\/wp-json\/wp\/v2\/comments?post=266722"}],"version-history":[{"count":0,"href":"https:\/\/www.europesays.com\/es\/wp-json\/wp\/v2\/posts\/266722\/revisions"}],"wp:featuredmedia":[{"embeddable":true,"href":"https:\/\/www.europesays.com\/es\/wp-json\/wp\/v2\/media\/266723"}],"wp:attachment":[{"href":"https:\/\/www.europesays.com\/es\/wp-json\/wp\/v2\/media?parent=266722"}],"wp:term":[{"taxonomy":"category","embeddable":true,"href":"https:\/\/www.europesays.com\/es\/wp-json\/wp\/v2\/categories?post=266722"},{"taxonomy":"post_tag","embeddable":true,"href":"https:\/\/www.europesays.com\/es\/wp-json\/wp\/v2\/tags?post=266722"}],"curies":[{"name":"wp","href":"https:\/\/api.w.org\/{rel}","templated":true}]}}