{"id":266728,"date":"2025-12-02T06:04:08","date_gmt":"2025-12-02T06:04:08","guid":{"rendered":"https:\/\/www.europesays.com\/es\/266728\/"},"modified":"2025-12-02T06:04:08","modified_gmt":"2025-12-02T06:04:08","slug":"valencia-remonta-y-empata-ante-rayo-vallecano-en-la-liga","status":"publish","type":"post","link":"https:\/\/www.europesays.com\/es\/266728\/","title":{"rendered":"Valencia remonta y empata ante Rayo Vallecano en La Liga"},"content":{"rendered":"<p>MADRID (AP) \u2014 Un tiro desviado le dio a Valencia un empate 1-1 contra Rayo Vallecano en La Liga el lunes.<\/p>\n<p>El equipo visitante comenz\u00f3 la noche un punto por encima de la zona de descenso y la termin\u00f3 un punto y un lugar mejor gracias a un gol en el segundo tiempo de Diego L\u00f3pez.<\/p>\n<p>Su disparo a trav\u00e9s de un \u00e1rea de penalti congestionada pareci\u00f3 desviarse en Nobel Mendy y descoloc\u00f3 al portero del Rayo, Augusto Batalla.<\/p>\n<p>Fue un momento desafortunado para Mendy, quien hab\u00eda sido uno de los mejores jugadores del equipo local en la primera mitad.<\/p>\n<p>El defensa senegal\u00e9s puso al Rayo 1-0 arriba a los 37 minutos cuando su cabezazo perfectamente colocado culmin\u00f3 una rutina de c\u00f3rner corto.<\/p>\n<p>El Rayo domin\u00f3 gran parte del juego pero no pudo capitalizar su presi\u00f3n con una mejor diferencia en el marcador. El empate lo elev\u00f3 al noveno lugar, un punto por delante de un grupo de cuatro equipos.<\/p>\n<p>Valencia estaba en el puesto 15, pero solo seis puntos separan al Rayo en el noveno lugar y al Girona en el 18vo.<\/p>\n<p>___<\/p>\n<p>Deportes en espa\u00f1ol AP: <a class=\"Link AnClick-LinkEnhancement\" data-gtm-enhancement-style=\"LinkEnhancementA\" href=\"https:\/\/apnews.com\/hub\/deportes\" rel=\"nofollow noopener\" target=\"_blank\">https:\/\/apnews.com\/hub\/deportes<\/a><\/p>\n","protected":false},"excerpt":{"rendered":"MADRID (AP) \u2014 Un tiro desviado le dio a Valencia un empate 1-1 contra Rayo Vallecano en La&hellip;\n","protected":false},"author":2,"featured_media":10766,"comment_status":"","ping_status":"","sticky":false,"template":"","format":"standard","meta":{"footnotes":""},"categories":[93],"tags":[168,25,24,23,167],"class_list":{"0":"post-266728","1":"post","2":"type-post","3":"status-publish","4":"format-standard","5":"has-post-thumbnail","7":"category-deportes","8":"tag-deportes","9":"tag-es","10":"tag-espana","11":"tag-spain","12":"tag-sports"},"share_on_mastodon":{"url":"https:\/\/pubeurope.com\/@es\/115648467016112453","error":""},"_links":{"self":[{"href":"https:\/\/www.europesays.com\/es\/wp-json\/wp\/v2\/posts\/266728","targetHints":{"allow":["GET"]}}],"collection":[{"href":"https:\/\/www.europesays.com\/es\/wp-json\/wp\/v2\/posts"}],"about":[{"href":"https:\/\/www.europesays.com\/es\/wp-json\/wp\/v2\/types\/post"}],"author":[{"embeddable":true,"href":"https:\/\/www.europesays.com\/es\/wp-json\/wp\/v2\/users\/2"}],"replies":[{"embeddable":true,"href":"https:\/\/www.europesays.com\/es\/wp-json\/wp\/v2\/comments?post=266728"}],"version-history":[{"count":0,"href":"https:\/\/www.europesays.com\/es\/wp-json\/wp\/v2\/posts\/266728\/revisions"}],"wp:featuredmedia":[{"embeddable":true,"href":"https:\/\/www.europesays.com\/es\/wp-json\/wp\/v2\/media\/10766"}],"wp:attachment":[{"href":"https:\/\/www.europesays.com\/es\/wp-json\/wp\/v2\/media?parent=266728"}],"wp:term":[{"taxonomy":"category","embeddable":true,"href":"https:\/\/www.europesays.com\/es\/wp-json\/wp\/v2\/categories?post=266728"},{"taxonomy":"post_tag","embeddable":true,"href":"https:\/\/www.europesays.com\/es\/wp-json\/wp\/v2\/tags?post=266728"}],"curies":[{"name":"wp","href":"https:\/\/api.w.org\/{rel}","templated":true}]}}