{"id":266731,"date":"2025-12-02T06:07:08","date_gmt":"2025-12-02T06:07:08","guid":{"rendered":"https:\/\/www.europesays.com\/es\/266731\/"},"modified":"2025-12-02T06:07:08","modified_gmt":"2025-12-02T06:07:08","slug":"samsung-lanza-su-primer-telefono-plegable-triple","status":"publish","type":"post","link":"https:\/\/www.europesays.com\/es\/266731\/","title":{"rendered":"Samsung Lanza Su Primer Tel\u00e9fono Plegable Triple"},"content":{"rendered":"<p data-type=\"paragraph\" data=\"[object Object]\">Samsung lanz\u00f3 este martes su primer tel\u00e9fono plegable triple, un producto de edici\u00f3n especial con un costo elevado que lo deja fuera del alcance del consumidor promedio.<\/p>\n<p data-type=\"paragraph\" data=\"[object Object]\" class=\"emotion-1akm6h5-Paragraph e1e4oisd0\">El Galaxy Z TriFold saldr\u00e1 a la venta el 12 de diciembre a un precio de 2.443 d\u00f3lares, el doble que el nuevo iPhone 17.<\/p>\n<p data-type=\"paragraph\" data=\"[object Object]\" class=\"emotion-1akm6h5-Paragraph e1e4oisd0\">El aparato ultradelgado se despliega hasta alcanzar 25,4 cent\u00edmetros de pantalla, con \u00abposibilidades ampliadas de creaci\u00f3n y trabajo\u00bb, dijo el gigante tecnol\u00f3gico surcoreano en el lanzamiento.<\/p>\n<p data-type=\"paragraph\" data=\"[object Object]\" class=\"emotion-1akm6h5-Paragraph e1e4oisd0\">La funci\u00f3n de plegado triple ya hab\u00eda sido presentada el a\u00f1o pasado por la empresa china Huawei, en un tel\u00e9fono tambi\u00e9n con precio exorbitante.<\/p>\n<p data-type=\"paragraph\" data=\"[object Object]\" class=\"emotion-1akm6h5-Paragraph e1e4oisd0\">El nuevo dispositivo de Samsung pesa 309 gramos y en su punto m\u00e1s fino mide medio cent\u00edmetro.<\/p>\n","protected":false},"excerpt":{"rendered":"Samsung lanz\u00f3 este martes su primer tel\u00e9fono plegable triple, un producto de edici\u00f3n especial con un costo elevado&hellip;\n","protected":false},"author":2,"featured_media":266732,"comment_status":"","ping_status":"","sticky":false,"template":"","format":"standard","meta":{"footnotes":""},"categories":[81],"tags":[119,123,124,25,24,1636,1700,117,121,122,46003,1604,23,116,118,120],"class_list":{"0":"post-266731","1":"post","2":"type-post","3":"status-publish","4":"format-standard","5":"has-post-thumbnail","7":"category-ciencia-y-tecnologia","8":"tag-ciencia","9":"tag-ciencia-y-tecnologia","10":"tag-cienciaytecnologia","11":"tag-es","12":"tag-espana","13":"tag-ia","14":"tag-samsung","15":"tag-science","16":"tag-science-and-technology","17":"tag-scienceandtechnology","18":"tag-scorea","19":"tag-smartphone","20":"tag-spain","21":"tag-synd","22":"tag-technology","23":"tag-tecnologia"},"share_on_mastodon":{"url":"https:\/\/pubeurope.com\/@es\/115648478889820550","error":""},"_links":{"self":[{"href":"https:\/\/www.europesays.com\/es\/wp-json\/wp\/v2\/posts\/266731","targetHints":{"allow":["GET"]}}],"collection":[{"href":"https:\/\/www.europesays.com\/es\/wp-json\/wp\/v2\/posts"}],"about":[{"href":"https:\/\/www.europesays.com\/es\/wp-json\/wp\/v2\/types\/post"}],"author":[{"embeddable":true,"href":"https:\/\/www.europesays.com\/es\/wp-json\/wp\/v2\/users\/2"}],"replies":[{"embeddable":true,"href":"https:\/\/www.europesays.com\/es\/wp-json\/wp\/v2\/comments?post=266731"}],"version-history":[{"count":0,"href":"https:\/\/www.europesays.com\/es\/wp-json\/wp\/v2\/posts\/266731\/revisions"}],"wp:featuredmedia":[{"embeddable":true,"href":"https:\/\/www.europesays.com\/es\/wp-json\/wp\/v2\/media\/266732"}],"wp:attachment":[{"href":"https:\/\/www.europesays.com\/es\/wp-json\/wp\/v2\/media?parent=266731"}],"wp:term":[{"taxonomy":"category","embeddable":true,"href":"https:\/\/www.europesays.com\/es\/wp-json\/wp\/v2\/categories?post=266731"},{"taxonomy":"post_tag","embeddable":true,"href":"https:\/\/www.europesays.com\/es\/wp-json\/wp\/v2\/tags?post=266731"}],"curies":[{"name":"wp","href":"https:\/\/api.w.org\/{rel}","templated":true}]}}