{"id":266733,"date":"2025-12-02T06:08:10","date_gmt":"2025-12-02T06:08:10","guid":{"rendered":"https:\/\/www.europesays.com\/es\/266733\/"},"modified":"2025-12-02T06:08:10","modified_gmt":"2025-12-02T06:08:10","slug":"inditex-tiene-que-mejorar-su-beneficio-un-2-hasta-septiembre-si-no-quiere-decepcionar-al-mercado-este-miercoles","status":"publish","type":"post","link":"https:\/\/www.europesays.com\/es\/266733\/","title":{"rendered":"Inditex tiene que mejorar su beneficio un 2% hasta septiembre si no quiere decepcionar al mercado este mi\u00e9rcoles"},"content":{"rendered":"<p><a href=\"https:\/\/www.eleconomista.es\/empresa\/INDITEX\" title=\"Industria de Dise\u00f1o Textil, S.A.\" target=\"_blank\" rel=\"nofollow noopener\">Inditex<\/a> publica resultados del tercer trimestre este mi\u00e9rcoles, 3 de diciembre, justo antes de la apertura del mercado. Los analistas mirar\u00e1n con lupa sus n\u00fameros, que revelar\u00e1n si el grupo ha enderezado el a\u00f1o o si, por el contrario, sus ventas vuelven a ralentizarse. El consenso espera un beneficio neto de<b> 1.750 millones entre agosto y octubre,<\/b> seg\u00fan Bloomberg. O, lo que es lo mismo, prev\u00e9 que Inditex publique unas ganancias de<b> 4.540 millones en los nueve primeros meses del ejercicio, un 2% m\u00e1s<\/b> que en el mismo periodo de 2024.<\/p>\n<p>Inditex arranc\u00f3 2025 con datos flojos en su primer trimestre fiscal, penalizada en gran medida por el tipo de cambio, con un euro fuerte frente a la mayor\u00eda de monedas. La textil logr\u00f3 moderar este frenazo en el segundo trimestre, con unas cifras que public\u00f3 a primeros de septiembre, provocando un rebote de la acci\u00f3n en bolsa. Ahora, Iv\u00e1n San F\u00e9lix, analista de Renta 4, espera \u00abque el ritmo de ventas se contin\u00fae recuperando, tendiendo hacia niveles m\u00e1s normalizados tras la desaceleraci\u00f3n sufrida en la primera parte del primer trimestre\u00bb.<b> Con una \u00abclimatolog\u00eda acorde con la temporada\u00bb, calcula que las ventas ex divisa avancen algo m\u00e1s de un 7%<\/b>. A\u00fan as\u00ed, \u00abla apreciaci\u00f3n del euro deber\u00eda seguir siendo acusada y descontamos un impacto negativo de 3 puntos porcentuales en los ingresos\u00bb, advierte.<\/p>\n<p>Inditex ya comunic\u00f3 el trimestre anterior que las ventas entre el 1 de agosto y el 8 de septiembre de 2025, a tipo de cambio constante, crecieron un 9%, lo que da pistas sobre un arranque positivo, pero esa tendencia no ha durado, alertan desde Barclays: \u00abAgosto fue s\u00f3lido, pero el mercado se deterior\u00f3 en septiembre y octubre\u00bb, afirman desde la entidad. \u00abPrevemos un crecimiento de las ventas en moneda local del 7,2 %, inferior al 9 % registrado en las primeras cinco semanas y media del trimestre, lo que refleja datos de mercado m\u00e1s d\u00e9biles en septiembre y octubre, pero superior al +6 % del segundo trimestre de 2025\u00bb, explican.<\/p>\n<p>En cualquier caso, no podemos olvidar que ya <b>ha comenzado la temporada m\u00e1s fuerte del a\u00f1o para la compa\u00f1\u00eda<\/b>. El ejercicio fiscal de Inditex va del 1 de febrero al 31 de enero, y la segunda mitad del a\u00f1o es la m\u00e1s potente (con prendas de abrigo que dejan mayor margen). El \u00faltimo trimestre, por su parte, traer\u00e1 consigo el plato fuerte: la campa\u00f1a navide\u00f1a y las rebajas de enero.<\/p>\n<p>En lo que respecta a su comportamiento en bolsa, <b>Inditex cae cerca de un 0,8% en el parqu\u00e9<\/b> en un 2025 que est\u00e1 siendo extraordinario para el Ibex 35. La acci\u00f3n ha vivido un a\u00f1o vol\u00e1til, a merced del comportamiento de la divisa y de los aranceles de Trump. Los analistas del consenso que recoge FactSet recomienda mantener acciones de Inditex en cartera y le dan un potencial alcista cercano al 6%.<\/p>\n<p>                            <img decoding=\"async\" src=\"https:\/\/www.europesays.com\/es\/wp-content\/uploads\/2025\/12\/770x_Inditex-cotizacion.gif\" loading=\"lazy\"\/><\/p>\n<p>WhatsApp<a href=\"https:\/\/api.whatsapp.com\/send?text=https:\/\/www.eleconomista.es\/mercados-cotizaciones\/noticias\/13670558\/12\/25\/inditex-tiene-que-mejorar-su-beneficio-un-2-hasta-septiembre-si-no-quiere-decepcionar-al-mercado-este-miercoles.html?utm_source%3Dwhatsapp%26utm_medium%3Dshare_button&amp;id=1648118629957_whatsapp\" target=\"_blank\" data-action=\"share\/whatsapp\/share\" aria-label=\"Compartir en Whatsapp\" rel=\"nofollow noopener\"><\/a>Facebook<a id=\"fb-share\" href=\"#\" target=\"_blank\" rel=\"noopener noreferrer\" aria-label=\"Compartir en Facebook\"><\/a>Twitter<a href=\"https:\/\/twitter.com\/share?text=Inditex+tiene+que+mejorar+su+beneficio+un+2%25+hasta+septiembre+si+no+quiere+decepcionar+al+mercado+este+mi%C3%A9rcoles&amp;url=https:\/\/www.eleconomista.es\/mercados-cotizaciones\/noticias\/13670558\/12\/25\/inditex-tiene-que-mejorar-su-beneficio-un-2-hasta-septiembre-si-no-quiere-decepcionar-al-mercado-este-miercoles.html&amp;via=elEconomistaes&amp;id=1648118839245_twitter\" target=\"_blank\" aria-label=\"Compartir en Twitter\" rel=\"nofollow noopener\"><\/a>Linkedin<a href=\"https:\/\/linkedin.com\/share?text=https:\/\/www.eleconomista.es\/mercados-cotizaciones\/noticias\/13670558\/12\/25\/inditex-tiene-que-mejorar-su-beneficio-un-2-hasta-septiembre-si-no-quiere-decepcionar-al-mercado-este-miercoles.html&amp;via=elEconomistaes\" target=\"_blank\" aria-label=\"Compartir en linkedin\" rel=\"nofollow noopener\"><\/a>Beloud<a href=\"https:\/\/beloud.com\/share?text=Inditex+tiene+que+mejorar+su+beneficio+un+2%25+hasta+septiembre+si+no+quiere+decepcionar+al+mercado+este+mi%C3%A9rcoles&amp;url=https:\/\/www.eleconomista.es\/mercados-cotizaciones\/noticias\/13670558\/12\/25\/inditex-tiene-que-mejorar-su-beneficio-un-2-hasta-septiembre-si-no-quiere-decepcionar-al-mercado-este-miercoles.html&amp;via=elEconomistaes&amp;id=1648118839245_beloud\" target=\"_blank\" aria-label=\"Compartir en beloud\" rel=\"nofollow noopener\"><\/a>Bluesky<a href=\"https:\/\/bsky.app\/intent\/compose?text=https:\/\/bsky.app\/intent\/compose?text=https:\/\/www.eleconomista.es\/mercados-cotizaciones\/noticias\/13670558\/12\/25\/inditex-tiene-que-mejorar-su-beneficio-un-2-hasta-septiembre-si-no-quiere-decepcionar-al-mercado-este-miercoles.html&amp;url=https:\/\/www.eleconomista.es\/mercados-cotizaciones\/noticias\/13670558\/12\/25\/inditex-tiene-que-mejorar-su-beneficio-un-2-hasta-septiembre-si-no-quiere-decepcionar-al-mercado-este-miercoles.html&amp;via=elEconomistaes&amp;id=1648118839245_bluesky\" target=\"_blank\" aria-label=\"Compartir en bluesky\" rel=\"nofollow noopener\"><\/a><\/p>\n<p><script async src=\"https:\/\/platform.twitter.com\/widgets.js\" charset=\"utf-8\"><\/script><\/p>\n","protected":false},"excerpt":{"rendered":"Inditex publica resultados del tercer trimestre este mi\u00e9rcoles, 3 de diciembre, justo antes de la apertura del mercado.&hellip;\n","protected":false},"author":2,"featured_media":266734,"comment_status":"","ping_status":"","sticky":false,"template":"","format":"standard","meta":{"footnotes":""},"categories":[80],"tags":[2300,82,95,94,25,24,2301,23],"class_list":{"0":"post-266733","1":"post","2":"type-post","3":"status-publish","4":"format-standard","5":"has-post-thumbnail","7":"category-economia","8":"tag-bolsa","9":"tag-business","10":"tag-economia","11":"tag-economy","12":"tag-es","13":"tag-espana","14":"tag-mercados-y-cotizaciones","15":"tag-spain"},"share_on_mastodon":{"url":"https:\/\/pubeurope.com\/@es\/115648483052147349","error":""},"_links":{"self":[{"href":"https:\/\/www.europesays.com\/es\/wp-json\/wp\/v2\/posts\/266733","targetHints":{"allow":["GET"]}}],"collection":[{"href":"https:\/\/www.europesays.com\/es\/wp-json\/wp\/v2\/posts"}],"about":[{"href":"https:\/\/www.europesays.com\/es\/wp-json\/wp\/v2\/types\/post"}],"author":[{"embeddable":true,"href":"https:\/\/www.europesays.com\/es\/wp-json\/wp\/v2\/users\/2"}],"replies":[{"embeddable":true,"href":"https:\/\/www.europesays.com\/es\/wp-json\/wp\/v2\/comments?post=266733"}],"version-history":[{"count":0,"href":"https:\/\/www.europesays.com\/es\/wp-json\/wp\/v2\/posts\/266733\/revisions"}],"wp:featuredmedia":[{"embeddable":true,"href":"https:\/\/www.europesays.com\/es\/wp-json\/wp\/v2\/media\/266734"}],"wp:attachment":[{"href":"https:\/\/www.europesays.com\/es\/wp-json\/wp\/v2\/media?parent=266733"}],"wp:term":[{"taxonomy":"category","embeddable":true,"href":"https:\/\/www.europesays.com\/es\/wp-json\/wp\/v2\/categories?post=266733"},{"taxonomy":"post_tag","embeddable":true,"href":"https:\/\/www.europesays.com\/es\/wp-json\/wp\/v2\/tags?post=266733"}],"curies":[{"name":"wp","href":"https:\/\/api.w.org\/{rel}","templated":true}]}}