{"id":266735,"date":"2025-12-02T06:09:11","date_gmt":"2025-12-02T06:09:11","guid":{"rendered":"https:\/\/www.europesays.com\/es\/266735\/"},"modified":"2025-12-02T06:09:11","modified_gmt":"2025-12-02T06:09:11","slug":"trump-vigila-a-maduro-en-su-patio-trasero-por-juan-m-hernandez-puertolas","status":"publish","type":"post","link":"https:\/\/www.europesays.com\/es\/266735\/","title":{"rendered":"Trump vigila a Maduro en su patio trasero, por Juan M. Hern\u00e1ndez Pu\u00e9rtolas"},"content":{"rendered":"<p data-gtm-element-container=\"modulo-texto-link\" class=\"paragraph\">En el agitado entorno de la pol\u00edtica exterior de Trump se hace dif\u00edcil identificar estrategias o discernir prioridades, pero es evidente que Am\u00e9rica Latina ocupa un lugar destacado, si se compara con la atenci\u00f3n dedicada a su patio trasero por las administraciones estadounidenses de este siglo.<\/p>\n<p data-gtm-element-container=\"modulo-texto-link\" class=\"paragraph\">Los acontecimientos en los que ha estado implicado el Gobierno de Washington acaecidos al sur del r\u00edo Grande y hasta Tierra del Fuego en los pasados once meses son de naturaleza muy diversa, desde el intento de reducir la influencia china en el canal de Panam\u00e1 hasta la habilitaci\u00f3n de una c\u00e1rcel en El Salvador para los migrantes sin papeles deportados, pasando por el generoso rescate de las finanzas argentinas motivado por la afinidad ideol\u00f3gica con Javier Milei. Esta preponderancia de la ideolog\u00eda sobre la realidad tambi\u00e9n se ha dejado ver en las complicadas relaciones con M\u00e9xico y Brasil, con la utilizaci\u00f3n de los aranceles como arma arrojadiza para dirimir agravios como la presunta tolerancia de las autoridades mexicanas con el tr\u00e1fico de drogas y el v\u00eda crucis judicial del golpista Jair Bolsonaro.<\/p>\n<p>Maduro podr\u00eda correr la misma suerte del paname\u00f1o Noriega, que EE.UU. captur\u00f3 en 1989<\/p>\n<p data-gtm-element-container=\"modulo-texto-link\" class=\"paragraph\">Nada, en cualquier caso, es definitivo, muy en la l\u00ednea de las imprevisibles y a veces pasajeras \u00adfilias y fobias de Trump. La presidenta mexicana, Claudia Sheinbaum, se las ha apa\u00f1ado para no incurrir en las iras m\u00e1s desproporcionadas del inquilino de la Casa Blanca, pese a que, en lo esencial, es fiel disc\u00edpula de su demagogo predecesor, Andr\u00e9s Manuel L\u00f3pez Obrador. En cuanto a las relaciones con Brasil, se da la circunstancia de que el gigante austral importa m\u00e1s de lo que exporta a EE.UU. y, aparte de eso, el presidente Lula da Silva parece caerle bien a Trump, un factor muy que tener en cuenta.<\/p>\n<p data-gtm-element-container=\"modulo-texto-link\" class=\"paragraph\">Lo que nos lleva al indiscutible enemigo p\u00fablico n\u00famero uno de la actual Administraci\u00f3n, que no es otro que el presidente venezolano, Nicol\u00e1s Maduro Moro, objeto de una presi\u00f3n con escasos precedentes. La gunboat diplomacy (diplomacia de patrullera), con la que EE.UU. trata frecuentemente a sus vecinos del sur, ha adoptado ahora en el caso de Venezuela la forma de bombardeos selectivos sobre presuntas narcolanchas, lo que ha ocasionado casi un centenar de ejecuciones extrajudiciales.<\/p>\n<p>                <img loading=\"lazy\" decoding=\"async\" data-full-src=\"https:\/\/www.lavanguardia.com\/uploads\/2025\/11\/30\/692c1c4631f50.jpeg\" alt=\"Horizontal\" width=\"449\" height=\"299\" src=\"https:\/\/www.europesays.com\/es\/wp-content\/uploads\/2025\/12\/692c1c4631f50.jpeg\" class=\"lazy\"\/><\/p>\n<p class=\"caption-title \">El presidente venezolano, Nicol\u00e1s Maduro, conversa con su ministro de Defensa, Vladimir Padrino\u00a0<\/p>\n<p>                    Ariana Cubillos \/ Ap-LaPresse<\/p>\n<p data-gtm-element-container=\"modulo-texto-link\" class=\"paragraph\">De alguna forma, Maduro es el villano perfecto. Improbable heredero del m\u00e1s carism\u00e1tico Hugo Ch\u00e1vez y continuador del llamado socialismo bolivariano, Maduro ha acentuado la ruina y el exilio masivo en un pa\u00eds con abundantes recursos naturales, pero hist\u00f3ricamente mal gestionado y con las permanentes lacras de la violencia y la corrupci\u00f3n. Como guinda del pastel, rob\u00f3 descaradamente las \u00faltimas elecciones presidenciales, embarc\u00e1ndose en un nuevo ciclo dictatorial y represor.<\/p>\n<p data-gtm-element-container=\"modulo-texto-link\" class=\"paragraph\">Washington tilda a Maduro de narcotraficante y ha puesto precio a su cabeza. Pero el despliegue naval en el Caribe apunta m\u00e1s bien a un intento de cambio de r\u00e9gimen. La \u00faltima intervenci\u00f3n militar de Estados Unidos fue en Panam\u00e1, hace 36 a\u00f1os con George Bush padre en la Casa Blanca y el general Noriega como hombre fuerte del r\u00e9gimen paname\u00f1o. La historia nunca se repite, pero pocos apuestan por la continuidad de Maduro.<\/p>\n","protected":false},"excerpt":{"rendered":"En el agitado entorno de la pol\u00edtica exterior de Trump se hace dif\u00edcil identificar estrategias o discernir prioridades,&hellip;\n","protected":false},"author":2,"featured_media":266736,"comment_status":"","ping_status":"","sticky":false,"template":"","format":"standard","meta":{"footnotes":""},"categories":[42],"tags":[17,18,13,14,11,61,62,63,64,19,20,9,10,15,16,12,21,22,65,66,67],"class_list":{"0":"post-266735","1":"post","2":"type-post","3":"status-publish","4":"format-standard","5":"has-post-thumbnail","7":"category-internacional","8":"tag-breaking-news","9":"tag-breakingnews","10":"tag-featured-news","11":"tag-featurednews","12":"tag-headlines","13":"tag-internacional","14":"tag-international","15":"tag-international-news","16":"tag-internationalnews","17":"tag-latest-news","18":"tag-latestnews","19":"tag-news","20":"tag-noticias","21":"tag-noticias-destacadas","22":"tag-noticiasdestacadas","23":"tag-titulares","24":"tag-ultimas-noticias","25":"tag-ultimasnoticias","26":"tag-world","27":"tag-world-news","28":"tag-worldnews"},"share_on_mastodon":{"url":"https:\/\/pubeurope.com\/@es\/115648487004848219","error":""},"_links":{"self":[{"href":"https:\/\/www.europesays.com\/es\/wp-json\/wp\/v2\/posts\/266735","targetHints":{"allow":["GET"]}}],"collection":[{"href":"https:\/\/www.europesays.com\/es\/wp-json\/wp\/v2\/posts"}],"about":[{"href":"https:\/\/www.europesays.com\/es\/wp-json\/wp\/v2\/types\/post"}],"author":[{"embeddable":true,"href":"https:\/\/www.europesays.com\/es\/wp-json\/wp\/v2\/users\/2"}],"replies":[{"embeddable":true,"href":"https:\/\/www.europesays.com\/es\/wp-json\/wp\/v2\/comments?post=266735"}],"version-history":[{"count":0,"href":"https:\/\/www.europesays.com\/es\/wp-json\/wp\/v2\/posts\/266735\/revisions"}],"wp:featuredmedia":[{"embeddable":true,"href":"https:\/\/www.europesays.com\/es\/wp-json\/wp\/v2\/media\/266736"}],"wp:attachment":[{"href":"https:\/\/www.europesays.com\/es\/wp-json\/wp\/v2\/media?parent=266735"}],"wp:term":[{"taxonomy":"category","embeddable":true,"href":"https:\/\/www.europesays.com\/es\/wp-json\/wp\/v2\/categories?post=266735"},{"taxonomy":"post_tag","embeddable":true,"href":"https:\/\/www.europesays.com\/es\/wp-json\/wp\/v2\/tags?post=266735"}],"curies":[{"name":"wp","href":"https:\/\/api.w.org\/{rel}","templated":true}]}}