{"id":266737,"date":"2025-12-02T06:10:09","date_gmt":"2025-12-02T06:10:09","guid":{"rendered":"https:\/\/www.europesays.com\/es\/266737\/"},"modified":"2025-12-02T06:10:09","modified_gmt":"2025-12-02T06:10:09","slug":"el-pp-y-vox-van-al-choque-a-pocos-dias-de-que-comience-la-campana-electoral-en-extremadura-el-pais-expres","status":"publish","type":"post","link":"https:\/\/www.europesays.com\/es\/266737\/","title":{"rendered":"El PP y Vox van al choque a pocos d\u00edas de que comience la campa\u00f1a electoral en Extremadura | El PA\u00cdS Expr\u00e9s"},"content":{"rendered":"<p><img fetchpriority=\"high\" decoding=\"auto\" class=\"_re  a_m-h\" height=\"414\"  width=\"414\"  src=\"https:\/\/www.europesays.com\/es\/wp-content\/uploads\/2025\/12\/PP733TAJXVFBJLZ7RFFGPYLC34.png\" loading=\"eager\"\/>Foto: A. P\u00e9rez Meca \/ Javier Cebollada<\/p>\n<p class=\"\">El Partido Popular ha cambiado su estrategia hacia Vox. Ambos partidos han tenido una relaci\u00f3n cercana, despu\u00e9s distante y ahora se enzarzan y atacan cuando tienen ocasi\u00f3n pese a que la pasada semana pactaron la investidura de Juan Francisco P\u00e9rez Llorca en Valencia. <\/p>\n<p class=\"\"><b>\u00bfPor qu\u00e9 ahora? <\/b>Vox est\u00e1 en auge en la mayor\u00eda de las encuestas, incluida la que hace mensualmente EL PA\u00cdS. Hoy, obtendr\u00eda 55 esca\u00f1os, 22 m\u00e1s que en las elecciones generales de 2023, por lo que el PP tendr\u00eda que pactar con ellos para formar Gobierno.<\/p>\n<p class=\"\"><b>Adem\u00e1s, en cinco d\u00edas arranca la campa\u00f1a extreme\u00f1a.<\/b> El CIS da por ganadora a la presidenta de la comunidad, Mar\u00eda Guardiola (PP), pero al menos a cuatro esca\u00f1os de la mayor\u00eda absoluta. <\/p>\n<ul>\n<li>Mientras, Vox con una predicci\u00f3n de 10 esca\u00f1os podr\u00eda duplicar el resultado que obtuvo en las \u00faltimas elecciones. <\/li>\n<\/ul>\n<p class=\"\"><b>El domingo escenificaron el choque. <\/b>Alberto N\u00fa\u00f1ez Feij\u00f3o arremeti\u00f3 contra el partido de Abascal durante su intervenci\u00f3n en la protesta convocada por el PP contra el Gobierno.<\/p>\n<ul>\n<li>\u201cNo os equivoqu\u00e9is ni de objetivo, ni de prioridad, ni de adversario\u201d dijo a sus \u201cqueridos amigos\u201d del partido ultra, que no secundaron la manifestaci\u00f3n. <\/li>\n<\/ul>\n<p class=\"\"><b>La respuesta de Abascal no se hizo esperar\u2026 <\/b>Ayer acus\u00f3 a Feij\u00f3o de pactar con el PSOE y de evitar \u201casumir la responsabilidad que tiene como primer partido de la oposici\u00f3n\u201d de presentar una moci\u00f3n de censura en el Congreso.<\/p>\n<p class=\"\">\u00a9Foto: A. P\u00e9rez Meca \/ Javier Cebollada<\/p>\n<p class=\"\"><a href=\"https:\/\/elpais.com\/espana\/2025-12-02\/pp-y-vox-se-enzarzan-en-lucha-por-el-voto-antisanchista-tras-la-tregua-por-valencia.html\" target=\"_self\" rel=\"nofollow noopener\" title=\"https:\/\/elpais.com\/espana\/2025-12-02\/pp-y-vox-se-enzarzan-en-lucha-por-el-voto-antisanchista-tras-la-tregua-por-valencia.html\">Si quieres saber m\u00e1s, puedes leer aqu\u00ed.<\/a><\/p>\n","protected":false},"excerpt":{"rendered":"Foto: A. P\u00e9rez Meca \/ Javier Cebollada El Partido Popular ha cambiado su estrategia hacia Vox. Ambos partidos&hellip;\n","protected":false},"author":2,"featured_media":266738,"comment_status":"","ping_status":"","sticky":false,"template":"","format":"standard","meta":{"footnotes":""},"categories":[8],"tags":[17,18,25,24,7234,13,14,11,19,20,9,10,15,16,957,952,956,23,12,21,22,624],"class_list":{"0":"post-266737","1":"post","2":"type-post","3":"status-publish","4":"format-standard","5":"has-post-thumbnail","7":"category-espana","8":"tag-breaking-news","9":"tag-breakingnews","10":"tag-es","11":"tag-espana","12":"tag-extremadura","13":"tag-featured-news","14":"tag-featurednews","15":"tag-headlines","16":"tag-latest-news","17":"tag-latestnews","18":"tag-news","19":"tag-noticias","20":"tag-noticias-destacadas","21":"tag-noticiasdestacadas","22":"tag-partidos-politicos","23":"tag-politica","24":"tag-pp","25":"tag-spain","26":"tag-titulares","27":"tag-ultimas-noticias","28":"tag-ultimasnoticias","29":"tag-vox"},"share_on_mastodon":{"url":"https:\/\/pubeurope.com\/@es\/115648490913569307","error":""},"_links":{"self":[{"href":"https:\/\/www.europesays.com\/es\/wp-json\/wp\/v2\/posts\/266737","targetHints":{"allow":["GET"]}}],"collection":[{"href":"https:\/\/www.europesays.com\/es\/wp-json\/wp\/v2\/posts"}],"about":[{"href":"https:\/\/www.europesays.com\/es\/wp-json\/wp\/v2\/types\/post"}],"author":[{"embeddable":true,"href":"https:\/\/www.europesays.com\/es\/wp-json\/wp\/v2\/users\/2"}],"replies":[{"embeddable":true,"href":"https:\/\/www.europesays.com\/es\/wp-json\/wp\/v2\/comments?post=266737"}],"version-history":[{"count":0,"href":"https:\/\/www.europesays.com\/es\/wp-json\/wp\/v2\/posts\/266737\/revisions"}],"wp:featuredmedia":[{"embeddable":true,"href":"https:\/\/www.europesays.com\/es\/wp-json\/wp\/v2\/media\/266738"}],"wp:attachment":[{"href":"https:\/\/www.europesays.com\/es\/wp-json\/wp\/v2\/media?parent=266737"}],"wp:term":[{"taxonomy":"category","embeddable":true,"href":"https:\/\/www.europesays.com\/es\/wp-json\/wp\/v2\/categories?post=266737"},{"taxonomy":"post_tag","embeddable":true,"href":"https:\/\/www.europesays.com\/es\/wp-json\/wp\/v2\/tags?post=266737"}],"curies":[{"name":"wp","href":"https:\/\/api.w.org\/{rel}","templated":true}]}}