{"id":266739,"date":"2025-12-02T06:11:11","date_gmt":"2025-12-02T06:11:11","guid":{"rendered":"https:\/\/www.europesays.com\/es\/266739\/"},"modified":"2025-12-02T06:11:11","modified_gmt":"2025-12-02T06:11:11","slug":"el-precio-del-cerdo-sufre-la-mayor-caida-en-30-anos-por-la-crisis-de-la-peste-porcina","status":"publish","type":"post","link":"https:\/\/www.europesays.com\/es\/266739\/","title":{"rendered":"El precio del cerdo sufre la mayor ca\u00edda en 30 a\u00f1os por la crisis de la peste porcina"},"content":{"rendered":"<p class=\"article-text\">\n        La crisis abierta por el <a href=\"https:\/\/www.eldiario.es\/catalunya\/generalitat-halla-ocho-jabalies-muertos-zona-brote-peste-porcina_1_12808586.html\" target=\"_blank\" data-mrf-recirculation=\"links-noticia\" class=\"link\" rel=\"nofollow noopener\">brote de peste porcina detectado en Catalunya<\/a> ya tiene efectos econ\u00f3micos. La  juntas de precios de porcino de MercoLleida, la lonja de referencia en Espa\u00f1a, ha celebrado este lunes reuniones extraordinarias que han comportado revisiones generalizadas a la baja las cotizaciones de los animales y la mayor ca\u00edda de precios de los \u00faltimos 30 a\u00f1os.\n    <\/p>\n<p>    <a href=\"https:\/\/www.eldiario.es\/catalunya\/generalitat-halla-ocho-jabalies-muertos-zona-brote-peste-porcina_1_12808586.html\" data-mrf-recirculation=\"saber-mas\" data-dl-event=\"saber-mas\" rel=\"nofollow noopener\" target=\"_blank\"><\/p>\n<p class=\"know-more__title\">La Generalitat halla ocho jabal\u00edes muertos m\u00e1s en la zona del brote de peste porcina<\/p>\n<p>            <img decoding=\"async\" class=\"lazy\" loading=\"lazy\" data-src=\"https:\/\/static.eldiario.es\/clip\/1fda354f-c77f-43da-8206-77405dd9c9cb_16-9-aspect-ratio_default_0.jpg\" src=\"data:image\/svg+xml,%3Csvg xmlns=\" http:=\"\" viewbox=\"0 0 880 495\" alt=\"La Generalitat halla ocho jabal\u00edes muertos m\u00e1s en la zona del brote de peste porcina\"\/><\/p>\n<p>                        <\/a><\/p>\n<p class=\"article-text\">\n        Seg\u00fan un comunicado de la lonja, la categor\u00eda de cerdo cebado normal se ha situado en 1,20 euros por kilo, un descenso de 10 c\u00e9ntimos (el mayor descenso en lo que va de siglo XXI hab\u00eda sido de seis c\u00e9ntimos). En conjunto, el descenso de precios oscila entre el 7 y el 17%, lo que equivale a reducciones de entre 10 c\u00e9ntimos y 5 euros por kilo.\n    <\/p>\n<p class=\"article-text\">\n        La lonja recuerda que sus cotizaciones no son vinculantes, son de referencia y est\u00e1n sujetas a la negociaci\u00f3n individual. Con m\u00e1s de 8 millones de animales y cerca de 3.200 millones de euros en exportaciones anuales de carne, que representan el 52% de las ventas internacionales espa\u00f1olas, Catalunya es la principal granja de cerdos de Europa.\n    <\/p>\n<p class=\"article-text\">\n        <a href=\"https:\/\/www.eldiario.es\/catalunya\/efectos-humanos-si-economia-claves-peste-porcina-catalunya-granja-cerdos-europa_1_12810477.html\" target=\"_blank\" data-mrf-recirculation=\"links-noticia\" class=\"link\" rel=\"nofollow noopener\">Sin posibilidad de contagio a las personas<\/a>, la aparici\u00f3n de dos casos de Peste Porcina Africana (PPA) en dos jabal\u00edes la semana pasada en el t\u00e9rmino municipal de Cerdanyola del Vall\u00e8s (Barcelona) s\u00ed amenaza con comportar graves repercusiones econ\u00f3micas para el sector porcino.\n    <\/p>\n<p class=\"article-text\">\n        La producci\u00f3n de carne en Catalunya alcanz\u00f3 cerca de 2 millones de toneladas en 2023, seg\u00fan el \u00faltimo informe anual del sector publicado por la Generalitat, lo que representa m\u00e1s del 40% de la producci\u00f3n total en Espa\u00f1a. Lleida es la provincia que domina el censo porcino catal\u00e1n, con m\u00e1s de 4,5 millones de animales, el 57% del total, seguida por Barcelona, con cerca de 2 millones (25%), Girona, con 830.000 (10%) y Tarragona, con 650.000 (8%).\n    <\/p>\n<p class=\"article-text\">\n        El mercado catal\u00e1n de porcino est\u00e1 especialmente orientado a las exportaciones, que se han doblado en una d\u00e9cada. Por pa\u00edses, los principales destinos de la carne de cerdo desde Catalunya son China (19%), Italia (18%), Francia (17%) y Jap\u00f3n, seguidos de Polonia (8%), Rep\u00fablica Checa (7%), Ruman\u00eda (6%) y Corea del Sur (5%).\n    <\/p>\n<p class=\"article-text\">\n        El Gobierno de M\u00e9xico ha informado este mismo lunes de la suspensi\u00f3n de importaciones de carne de cerdo de Espa\u00f1a por el brote de peste porcina africana detectado en Catalunya, si bien China, el principal mercado exportador, ha acotado la prohibici\u00f3n al cerdo de la provincia de Barcelona.\n    <\/p>\n<p class=\"article-text\">\n        Expertos veterinarios de la Comisi\u00f3n Europea (CE) llegan este martes a Catalunya para asesorar sobre el control del foco de peste porcina africana y cuyo origen podr\u00eda hallarse en un embutido contaminado de un bocadillo.\n    <\/p>\n<p class=\"article-text\">\n        La Generalitat est\u00e1 desplegando las medidas previstas en casos de peste porcina, para lo que ha pedido la colaboraci\u00f3n de la Unidad Militar de Emergencias (UME), que ha activado este lunes a 117 efectivos y 25 veh\u00edculos en la sierra de Collserola, con equipos de descontaminaci\u00f3n, gesti\u00f3n de capturas y drones con detecci\u00f3n nocturna.\n    <\/p>\n<p>    <a href=\"https:\/\/www.eldiario.es\/catalunya\/efectos-humanos-si-economia-claves-peste-porcina-catalunya-granja-cerdos-europa_1_12810477.html\" data-mrf-recirculation=\"saber-mas-abajo\" data-dl-event=\"saber-mas-abajo\" rel=\"nofollow noopener\" target=\"_blank\"><\/p>\n<p class=\"know-more__title\">Claves | Sin peligro para las personas, pero s\u00ed en la econom\u00eda y con posible origen en un bocadillo: claves de la peste porcina<\/p>\n<p>            <img decoding=\"async\" class=\"lazy\" loading=\"lazy\" data-src=\"https:\/\/static.eldiario.es\/clip\/0d5c84f7-63dd-4804-ad3d-c327ee323908_16-9-aspect-ratio_default_0.jpg\" src=\"data:image\/svg+xml,%3Csvg xmlns=\" http:=\"\" viewbox=\"0 0 880 495\" alt=\"Sin peligro para las personas, pero s\u00ed en la econom\u00eda y con posible origen en un bocadillo: claves de la peste porcina\"\/><\/p>\n<p>                        <\/a><\/p>\n<p class=\"article-text\">\n        Unos efectivos que trabajan en una \u00e1rea de 6 kil\u00f3metros a la redonda del foco, junto con 250 Mossos d&#8217;Esquadra, agentes rurales, guardias urbanos de Barcelona y polic\u00edas locales que ya ha movilizado la Generalitat.\n    <\/p>\n","protected":false},"excerpt":{"rendered":"La crisis abierta por el brote de peste porcina detectado en Catalunya ya tiene efectos econ\u00f3micos. La juntas&hellip;\n","protected":false},"author":2,"featured_media":266740,"comment_status":"","ping_status":"","sticky":false,"template":"","format":"standard","meta":{"footnotes":""},"categories":[5],"tags":[517,210,17,18,1980,95,25,24,13,14,11,1982,19,20,9,10,15,16,1981,952,23,12,21,22],"class_list":{"0":"post-266739","1":"post","2":"type-post","3":"status-publish","4":"format-standard","5":"has-post-thumbnail","7":"category-titulares","8":"tag-actualidad","9":"tag-barcelona","10":"tag-breaking-news","11":"tag-breakingnews","12":"tag-cataluna","13":"tag-economia","14":"tag-es","15":"tag-espana","16":"tag-featured-news","17":"tag-featurednews","18":"tag-headlines","19":"tag-ignacio-escolar","20":"tag-latest-news","21":"tag-latestnews","22":"tag-news","23":"tag-noticias","24":"tag-noticias-destacadas","25":"tag-noticiasdestacadas","26":"tag-periodismo-independiente","27":"tag-politica","28":"tag-spain","29":"tag-titulares","30":"tag-ultimas-noticias","31":"tag-ultimasnoticias"},"share_on_mastodon":{"url":"https:\/\/pubeurope.com\/@es\/115648494476003717","error":""},"_links":{"self":[{"href":"https:\/\/www.europesays.com\/es\/wp-json\/wp\/v2\/posts\/266739","targetHints":{"allow":["GET"]}}],"collection":[{"href":"https:\/\/www.europesays.com\/es\/wp-json\/wp\/v2\/posts"}],"about":[{"href":"https:\/\/www.europesays.com\/es\/wp-json\/wp\/v2\/types\/post"}],"author":[{"embeddable":true,"href":"https:\/\/www.europesays.com\/es\/wp-json\/wp\/v2\/users\/2"}],"replies":[{"embeddable":true,"href":"https:\/\/www.europesays.com\/es\/wp-json\/wp\/v2\/comments?post=266739"}],"version-history":[{"count":0,"href":"https:\/\/www.europesays.com\/es\/wp-json\/wp\/v2\/posts\/266739\/revisions"}],"wp:featuredmedia":[{"embeddable":true,"href":"https:\/\/www.europesays.com\/es\/wp-json\/wp\/v2\/media\/266740"}],"wp:attachment":[{"href":"https:\/\/www.europesays.com\/es\/wp-json\/wp\/v2\/media?parent=266739"}],"wp:term":[{"taxonomy":"category","embeddable":true,"href":"https:\/\/www.europesays.com\/es\/wp-json\/wp\/v2\/categories?post=266739"},{"taxonomy":"post_tag","embeddable":true,"href":"https:\/\/www.europesays.com\/es\/wp-json\/wp\/v2\/tags?post=266739"}],"curies":[{"name":"wp","href":"https:\/\/api.w.org\/{rel}","templated":true}]}}