{"id":266745,"date":"2025-12-02T06:21:12","date_gmt":"2025-12-02T06:21:12","guid":{"rendered":"https:\/\/www.europesays.com\/es\/266745\/"},"modified":"2025-12-02T06:21:12","modified_gmt":"2025-12-02T06:21:12","slug":"la-leccion-aprendida-por-angel-llacer-tras-ver-a-la-muerte-de-cerca","status":"publish","type":"post","link":"https:\/\/www.europesays.com\/es\/266745\/","title":{"rendered":"La lecci\u00f3n aprendida por \u00c1ngel Ll\u00e1cer tras \u201cver a la muerte\u201d de cerca"},"content":{"rendered":"<p>El a\u00f1o pasado, el 2024, <a title=\"\u00c1ngel Ll\u00e1cer\" href=\"https:\/\/www.larazon.es\/gente\/famosos\/angel-llacer-ocasiones-puedes-reprimir-lagrimas_2025061768516c2b0221901ab111aee7.html\" target=\"_blank\" rel=\"nofollow noopener\">\u00c1ngel Ll\u00e1cer<\/a> lo recuerda como uno de los peores de su vida. Tambi\u00e9n porque casi fue el \u00faltimo. Su vida corri\u00f3 un grave peligro y a punto estuvo de perderla cuando una peligrosa bacteria le declar\u00f3 la guerra a su organismo. Algo en lo que <a title=\"se encuentra lidiando ahora Charly, el marido de Lydia Lozano\" href=\"https:\/\/www.larazon.es\/gente\/famosos\/lydia-lozano-rompe-llorar-hablar-gravedad-charly-bacteria-esta-tocando-muchos-organos_20251201692dc8716e5e5012dcd64681.html\" target=\"_blank\" rel=\"nofollow noopener\">se encuentra lidiando ahora Charly, el marido de Lydia Lozano<\/a>, y que tan preocupada tiene a la periodista, que <b>no consigue controlar las l\u00e1grimas al ser preguntada al respecto. Un ejemplo positivo lo tiene en su compa\u00f1ero en la otra cadena,<\/b> en Antena 3, al ver c\u00f3mo la <a title=\"estrella de \u2018Tu cara me suena\u2019\" href=\"https:\/\/www.larazon.es\/television\/programas\/chenoa-tiene-claro-quien-quiere-antena-3-proxima-edicion-cara-suena_202507156876409c525aa26f9a4d6381.html\" target=\"_blank\" rel=\"nofollow noopener\">estrella de \u2018Tu cara me suena\u2019<\/a> puede hablar en pasado al tratar lo que sufri\u00f3 con la infecci\u00f3n que contrajo en Vietnam. <\/p>\n<p>Ll\u00e1cer tuvo que permanecer incluso varios d\u00edas ingresado en la Unidad de Cuidados Intensivos. Se temi\u00f3 por su vida y la preocupaci\u00f3n en su c\u00edrculo m\u00e1s pr\u00f3ximo fue may\u00fascula. <b>Aun lidia con las secuelas que le dej\u00f3 la enfermedad, pero ya tiene fuerzas suficientes como para hablar de las dificultades que ha afrontado<\/b> y rescatar un balance \u201cs\u00faper positivo\u201d. As\u00ed lo ha subrayado durante su paso por un acto organizado por Atresmedia en Las Palmas de Gran Canaria, donde ha rememorado c\u00f3mo <b>\u201cllevo un a\u00f1o y medio complicado porque he estado muy enfermo\u201d<\/b>. <\/p>\n<p>\u00c1ngel Ll\u00e1cer asegura que lleg\u00f3 a ver la muerte<\/p>\n<p><b>\u201cLlegu\u00e9 a ver la muerte\u201d<\/b>, dice \u00c1ngel, uno de los rostros m\u00e1s populares del entretenimiento de Antena 3. La bacteria puso en jaque su vida y de forma irremediable ha trastocado los esquemas que se hab\u00eda construido sobre qu\u00e9 es lo que merece la pena vivir. Por eso ahora saborea los momentos con otro ritmo, m\u00e1s despacio, pero, <b>sobre todo \u201cm\u00e1s presente, m\u00e1s relajado, m\u00e1s dispuesto a hablar con la gente y mucho m\u00e1s cari\u00f1oso\u201d<\/b>. Lecciones que ha aprendido de su enfermedad y que le hacen ser consciente de lo que realmente importa.<\/p>\n<p><img decoding=\"async\" loading=\"lazy\" src=\"https:\/\/www.europesays.com\/es\/wp-content\/uploads\/2025\/12\/angel-llacer-emociona-regresar-plato-cara-suena_58.jpg\" alt=\"\u00c0ngel Ll\u00e0cer se emociona la regresar al plat\u00f3 de 'Tu cara me suena'\" width=\"1263\" height=\"910\"\/><b>\u00c0ngel Ll\u00e0cer se emociona la regresar al plat\u00f3 de &#8216;Tu cara me suena&#8217;<\/b>Atresmedia<\/p>\n<p><b>\u201cMe siento m\u00e1s aqu\u00ed y ahora, m\u00e1s relajado, m\u00e1s de hablar. No me estreso por las cosas que vendr\u00e1n\u201d<\/b>, subraya. Y es que \u00c1ngel Ll\u00e1cer ha aprendido que la vida no se bebe en un gran sorbo, sino paso a paso saboreando cada hito. Algo que comprendi\u00f3 cuando \u201ctuve que aprender a andar y mi \u00fanico objetivo era poner un pie delante del otro\u201d. Algo que se ha convertido ahora en su filosof\u00eda de vida: <b>\u201cAl final esto es un poco la met\u00e1fora de mi vida, que voy mucho m\u00e1s tranquilo y las cosas ya no me aturullan\u201d<\/b>. <\/p>\n<p>Y es que \u00c1ngel Ll\u00e1cer recurra siempre del humor para afrontar las cosas dif\u00edciles, ahora es capaz tambi\u00e9n de reconocer el miedo que pas\u00f3: \u201cVi a la muerte, le dije hola y adi\u00f3s y la dej\u00e9. Fue traum\u00e1tico llegar a estar al borde de la muerte y tambi\u00e9n lo fue el proceso posterior\u201d. Pero ahora que ha pasado un a\u00f1o y medio y tiene las secuelas controladas, subraya que lo aprendido es muy valioso: <b>\u201cSolo he sacado cosas positivas. Nunca me instal\u00e9 en la queja. Siempre pens\u00e9 vamos hacia adelante. Y eso me ha demostrado que soy mucho m\u00e1s fuerte de lo que cre\u00eda\u201d<\/b>, reconoce ahora que afronta una nueva etapa m\u00e1s presente, disfrutando de los peque\u00f1os placeres de la vida, sin agobios y dando valor a lo que realmente lo tiene. <\/p>\n","protected":false},"excerpt":{"rendered":"El a\u00f1o pasado, el 2024, \u00c1ngel Ll\u00e1cer lo recuerda como uno de los peores de su vida. Tambi\u00e9n&hellip;\n","protected":false},"author":2,"featured_media":266746,"comment_status":"","ping_status":"","sticky":false,"template":"","format":"standard","meta":{"footnotes":""},"categories":[174],"tags":[255,146,147,25,24,256,23],"class_list":{"0":"post-266745","1":"post","2":"type-post","3":"status-publish","4":"format-standard","5":"has-post-thumbnail","7":"category-famosos","8":"tag-celebrities","9":"tag-entertainment","10":"tag-entretenimiento","11":"tag-es","12":"tag-espana","13":"tag-famosos","14":"tag-spain"},"share_on_mastodon":{"url":"https:\/\/pubeurope.com\/@es\/115648534093125700","error":""},"_links":{"self":[{"href":"https:\/\/www.europesays.com\/es\/wp-json\/wp\/v2\/posts\/266745","targetHints":{"allow":["GET"]}}],"collection":[{"href":"https:\/\/www.europesays.com\/es\/wp-json\/wp\/v2\/posts"}],"about":[{"href":"https:\/\/www.europesays.com\/es\/wp-json\/wp\/v2\/types\/post"}],"author":[{"embeddable":true,"href":"https:\/\/www.europesays.com\/es\/wp-json\/wp\/v2\/users\/2"}],"replies":[{"embeddable":true,"href":"https:\/\/www.europesays.com\/es\/wp-json\/wp\/v2\/comments?post=266745"}],"version-history":[{"count":0,"href":"https:\/\/www.europesays.com\/es\/wp-json\/wp\/v2\/posts\/266745\/revisions"}],"wp:featuredmedia":[{"embeddable":true,"href":"https:\/\/www.europesays.com\/es\/wp-json\/wp\/v2\/media\/266746"}],"wp:attachment":[{"href":"https:\/\/www.europesays.com\/es\/wp-json\/wp\/v2\/media?parent=266745"}],"wp:term":[{"taxonomy":"category","embeddable":true,"href":"https:\/\/www.europesays.com\/es\/wp-json\/wp\/v2\/categories?post=266745"},{"taxonomy":"post_tag","embeddable":true,"href":"https:\/\/www.europesays.com\/es\/wp-json\/wp\/v2\/tags?post=266745"}],"curies":[{"name":"wp","href":"https:\/\/api.w.org\/{rel}","templated":true}]}}