{"id":266747,"date":"2025-12-02T06:22:08","date_gmt":"2025-12-02T06:22:08","guid":{"rendered":"https:\/\/www.europesays.com\/es\/266747\/"},"modified":"2025-12-02T06:22:08","modified_gmt":"2025-12-02T06:22:08","slug":"el-pintor-zaragozano-luis-granena-se-apunta-al-costumbrismo-en-arte-por-un-tubo","status":"publish","type":"post","link":"https:\/\/www.europesays.com\/es\/266747\/","title":{"rendered":"El pintor zaragozano Luis Gra\u00f1ena se apunta al costumbrismo en Arte por un Tubo"},"content":{"rendered":"<p class=\"paragraph\"><b>Luis Gra\u00f1ena vuelve a abrir el ba\u00fal de maravillas <\/b>que alimenta con creaciones pl\u00e1sticas desde hace d\u00e9cadas. Esta vez no son caricaturas, su especialidad profesional, que le ha llevado a las principales cabeceras del planeta. El artista zaragozano, que sigue cultivando profesionalmente su talento para capturar en una ilustraci\u00f3n bidimensional la esencia gestual y hasta conductual de sus personajes, est\u00e1 ahora mismo enfrascado en la pintura, <a href=\"https:\/\/www.heraldo.es\/noticias\/ocio-y-cultura\/2025\/11\/06\/isabel-enfedaque-nunca-pense-que-arte-por-un-tubo-pudiera-tener-el-exito-que-tiene-en-zaragoza-1868056.html\" title=\"Isabel Enfedaque: &quot;Nunca pens\u00e9 que Arte por un Tubo pudiera tener el \u00e9xito que tiene en Zaragoza&quot;\" rel=\"nofollow noopener\" target=\"_blank\">y la galer\u00eda Arte por un Tubo (calle Ossau, 4, Zaragoza, en el coraz\u00f3n de la ciudad)<\/a> le abre sus puertas <b>desde este martes 2 de diciembre y hasta el d\u00eda 14 del mismo mes.<\/b><\/p>\n<p class=\"paragraph\">\u201cNo hay un hilo conductor en la obra que voy a presentar, m\u00e1s all\u00e1 de que son im\u00e1genes realistas. Hay objetos cotidianos: una figura de porcelana, un bote, un currusco de pan o una bolsa de pan tostado. Son peque\u00f1os cuadros de 30 por 30 cent\u00edmetros\u201d. <b>Las piezas tienen alma de bodeg\u00f3n, pero no son tales porque muestran objetos en soledad, sin mezcla.<\/b> \u201cAdem\u00e1s, est\u00e1n sacados de contexto; supongo que se le puede llamar costumbrismo -apunta Gra\u00f1ena, con una sonrisa- pero simplemente es un paso m\u00e1s en mi af\u00e1n por hacer cosas nuevas y darle m\u00e1s peso a mi faceta de pintor\u201d.<\/p>\n<p class=\"paragraph\">El zaragozano <b>no ha emprendido una cruzada contra el caricaturismo, <\/b>ni mucho menos. \u201cSon mi vida desde siempre y sigue siendo un asunto de trabajo en el que me aplico por completo, pero ahora el cuerpo me pide pintar, y no es realmente ahora, me pasa desde hace mucho tiempo y me da nuevas satisfacciones\u201d.<\/p>\n<p class=\"paragraph\"><b>En la muestra hay alrededor de 30 obras, todas ellas a la venta, <\/b>de las que cuatro o cinco tienen un formato mayor, alrededor del metro cuadrado. La galer\u00eda se puede visitar entre las 18.30 y las 21.30, aunque en los dos s\u00e1bados de este intervalo \u2018gra\u00f1en\u00edstico\u2019 se abrir\u00e1 tambi\u00e9n de 12.00 a 14.00, para duplicar en d\u00eda de asueto casi generalizado la posibilidad de disfrutar con la obra expuesta. El lunes 8, festivo, tambi\u00e9n habr\u00e1 horario doble matinal y vespertino, en los tramos descritos.\u00a0<\/p>\n","protected":false},"excerpt":{"rendered":"Luis Gra\u00f1ena vuelve a abrir el ba\u00fal de maravillas que alimenta con creaciones pl\u00e1sticas desde hace d\u00e9cadas. Esta&hellip;\n","protected":false},"author":2,"featured_media":266748,"comment_status":"","ping_status":"","sticky":false,"template":"","format":"standard","meta":{"footnotes":""},"categories":[173],"tags":[229,233,231,230,65953,232,234,146,147,25,24,65954,503,23,491],"class_list":{"0":"post-266747","1":"post","2":"type-post","3":"status-publish","4":"format-standard","5":"has-post-thumbnail","7":"category-arte-y-diseno","8":"tag-arte","9":"tag-arte-y-diseno","10":"tag-arts","11":"tag-arts-and-design","12":"tag-costumbrismo","13":"tag-design","14":"tag-diseno","15":"tag-entertainment","16":"tag-entretenimiento","17":"tag-es","18":"tag-espana","19":"tag-luis-granena","20":"tag-pintura","21":"tag-spain","22":"tag-zaragoza"},"share_on_mastodon":{"url":"https:\/\/pubeurope.com\/@es\/115648537777564541","error":""},"_links":{"self":[{"href":"https:\/\/www.europesays.com\/es\/wp-json\/wp\/v2\/posts\/266747","targetHints":{"allow":["GET"]}}],"collection":[{"href":"https:\/\/www.europesays.com\/es\/wp-json\/wp\/v2\/posts"}],"about":[{"href":"https:\/\/www.europesays.com\/es\/wp-json\/wp\/v2\/types\/post"}],"author":[{"embeddable":true,"href":"https:\/\/www.europesays.com\/es\/wp-json\/wp\/v2\/users\/2"}],"replies":[{"embeddable":true,"href":"https:\/\/www.europesays.com\/es\/wp-json\/wp\/v2\/comments?post=266747"}],"version-history":[{"count":0,"href":"https:\/\/www.europesays.com\/es\/wp-json\/wp\/v2\/posts\/266747\/revisions"}],"wp:featuredmedia":[{"embeddable":true,"href":"https:\/\/www.europesays.com\/es\/wp-json\/wp\/v2\/media\/266748"}],"wp:attachment":[{"href":"https:\/\/www.europesays.com\/es\/wp-json\/wp\/v2\/media?parent=266747"}],"wp:term":[{"taxonomy":"category","embeddable":true,"href":"https:\/\/www.europesays.com\/es\/wp-json\/wp\/v2\/categories?post=266747"},{"taxonomy":"post_tag","embeddable":true,"href":"https:\/\/www.europesays.com\/es\/wp-json\/wp\/v2\/tags?post=266747"}],"curies":[{"name":"wp","href":"https:\/\/api.w.org\/{rel}","templated":true}]}}