{"id":266749,"date":"2025-12-02T06:24:09","date_gmt":"2025-12-02T06:24:09","guid":{"rendered":"https:\/\/www.europesays.com\/es\/266749\/"},"modified":"2025-12-02T06:24:09","modified_gmt":"2025-12-02T06:24:09","slug":"el-baile-fue-lo-unico-que-me-hizo-ser-constante","status":"publish","type":"post","link":"https:\/\/www.europesays.com\/es\/266749\/","title":{"rendered":"\u00abEl baile fue lo \u00fanico que me hizo ser constante\u00bb"},"content":{"rendered":"<p>Yasmin Rodrigues vio cumplido en septiembre uno de sus sue\u00f1os. Particip\u00f3 en las semifinales y la final del famoso concurso America\u2019s <a href=\"https:\/\/www.menorca.info\/etiqueta\/Got+Talent.html?utm_source=Inline-tag&amp;utm_medium=internal\" rel=\"nofollow noopener\" target=\"_blank\">Got Talent<\/a> con la formaci\u00f3n de baile Team Recycled. Natural de Brasil y de 24 a\u00f1os, <strong>desde los diez reside en Menorca<\/strong>.<\/p>\n<p>Empez\u00f3 a bailar con 16 tras haber probado otros deportes.<strong> \u00abSiempre hab\u00eda m\u00fasica en casa y ve\u00eda a mi familiar bailar\u00bb<\/strong>, explica. Sus docentes le apuntaron que ten\u00eda cualidades y que pod\u00eda progresar. A los 17 a\u00f1os sali\u00f3 a Barcelona para estudiar un grado superior de Gesti\u00f3n de Ventas, pero no se encontraba del todo a gusto con este proyecto vital.<\/p>\n<p>\u00abNo quer\u00eda vivir para cumplir con las expectativas de los dem\u00e1s\u00bb. Una etapa vital dura y <strong>una conversaci\u00f3n con una profesora le llevaron a decidir que quer\u00eda ser artista<\/strong>. Con el apoyo de su familia se form\u00f3 para ello en Barcelona durante dos a\u00f1os y acto seguido se dedic\u00f3 a viajar por el mundo para formarse, trabajar como profesora \u00aby crecer como artista\u00bb.<\/p>\n<p><strong>\u00bfC\u00f3mo surgi\u00f3 la oportunidad de participar en America\u2019s Got Talent?<\/strong><\/p>\n<p>-Por una amiga que conoc\u00ed en un campamento de baile en Polonia. Viv\u00eda en Madrid, me mud\u00e9 all\u00ed y conectamos mucho. Le sali\u00f3 una oportunidad para hacer un casting para estar en el grupo de Berl\u00edn Team Recycled, de la escuela Flying Steps Academy, para ir a bailar a Am\u00e9rica\u2019s Got Talent. Hicimos el casting juntas on line y nos cogieron.<\/p>\n<p>Al mes nos fuimos a Berl\u00edn, nos preparamos all\u00ed todo el mes de agosto con el grupo, muchas horas de ensayo en la escuela Flying Steps. Y en septiembre fuimos a competir. Ellos ya hab\u00edan ido a principios de a\u00f1o a presentarse, y pasaron a la semifinal, y buscaban a m\u00e1s personas para formar parte del grupo, y fue cuando entramos nosotras.<\/p>\n<p><strong>\u00bfC\u00f3mo fue la experiencia?<\/strong><\/p>\n<p>-Sin duda una de las m\u00e1s incre\u00edbles de mi vida, todav\u00eda no tengo palabras para explicarlo. Es un sue\u00f1o, algo que ves desde peque\u00f1a en la tele, y de repente un d\u00eda est\u00e1s all\u00ed rodeada de personas maravillosas. Mucho aprendizaje en todos los sentidos, art\u00edstica, personal y, desde luego, espiritualmente.<\/p>\n<p><strong>\u00bfQu\u00e9 nivel encontr\u00f3? \u00bfM\u00e1s o menos del que pensaba?<\/strong><\/p>\n<p>-Hab\u00eda mucho nivel en general, era todo lo que me esperaba, las expectativas eran muy altas y desde luego se cumplieron todas.<\/p>\n<blockquote class=\"instagram-media\" style=\"background: #FFF; border: 0; border-radius: 3px; box-shadow: 0 0 1px 0 rgba(0,0,0,0.5),0 1px 10px 0 rgba(0,0,0,0.15); margin: 1px; max-width: 540px; min-width: 326px; padding: 0; width: calc(100% - 2px);\" data-instgrm-captioned=\"\" data-instgrm-permalink=\"https:\/\/www.instagram.com\/p\/DPFRCIdEoCI\/?utm_source=ig_embed&amp;utm_campaign=loading\" data-instgrm-version=\"14\"><p>&#13;<br \/>\n&#13;\n<\/p><\/blockquote>\n<p><strong>Ha recorrido muchos pa\u00edses \u00faltimamente. \u00bfQu\u00e9 aporta esta movilidad a una bailarina?<\/strong><\/p>\n<p>-Llevo un par de a\u00f1os viajando mucho, y eso es algo que como persona te aporta mucho. Conoces y conectas con mucha gente, te nutres de diferentes culturas, es muy enriquecedor. Una vez le\u00ed un libro, \u00abEl camino del artista\u00bb, y en \u00e9l algo que me marc\u00f3 mucho. Dice as\u00ed: \u00abTu lado creativo es como un ni\u00f1o peque\u00f1o, tienes que sacarlo a pasear, que tenga nuevos est\u00edmulos\u00bb. Y es algo muy real, porque cuando sales al mundo ves cosas a las que no est\u00e1s acostumbrada a ver y eso nutre mucho tu arte y creatividad. Claramente, tambi\u00e9n hace que crezcas mucho, es un aprendizaje muy necesario.<\/p>\n<p><strong>\u00bfPiensa dedicarse profesionalmente al baile?<\/strong><\/p>\n<p>-S\u00ed, si Dios as\u00ed lo quiere. Mi vida cambi\u00f3 hace un a\u00f1o, tuve un encuentro espiritual con Dios, y desde entonces mi prop\u00f3sito es llevar luz al mundo con los dones y talentos que he recibido. El baile desde luego es uno de ellos, y por ahora me dedico a esto, pero me gustar\u00eda combinarlo con otras ramas art\u00edsticas en el futuro.<\/p>\n<p><strong>Salir de Menorca no debi\u00f3 ser f\u00e1cil. \u00bfPor qu\u00e9 se decidi\u00f3? \u00bfC\u00f3mo lo vivi\u00f3 su familia?<\/strong><\/p>\n<p>-Al principio les cost\u00f3 la idea de dejarme ir a estudiar fuera a los 17 a\u00f1os. Con el tiempo lo fueron entendiendo y siempre apoy\u00e1ndome. Desde que me fui siempre he vuelto en verano y vacaciones para pasarlo en familia. Cuando empec\u00e9 a viajar por el mundo a mis 20 a\u00f1os, ellos se preocupaban mucho, porque siempre he ido o sola o con alguna amiga.<\/p>\n<blockquote><p>&#13;<\/p>\n<p>\u00abMientras mis amigos sal\u00edan, yo solo trabajaba con el prop\u00f3sito de ir a viajar y bailar\u00bb<\/p>\n<p>&#13;\n<\/p><\/blockquote>\n<p>Con el tiempo se han ido acostumbrando, aunque siempre est\u00e1n muy pendientes de que est\u00e9 bien. \u00a1Los padres nunca est\u00e1n tranquilos del todo con su hija por all\u00ed! Aunque ellos saben que siempre hago muchos amigos que me cuidan mucho.<\/p>\n<p><strong>Lo ha compaginado con otros trabajos y estudios. \u00bfEs duro? \u00bfVale la pena?<\/strong><\/p>\n<p>-He trabajado como camarera los veranos en Menorca desde que me fui hasta 2023. Ese fue el a\u00f1o que empec\u00e9 a viajar. Estuve en dos lugares a la vez desde julio hasta noviembre. Trabaj\u00e9 dos de esos meses 16 horas al d\u00eda. Mientras mis amigos sal\u00edan y quedaban, yo solo trabajaba con el prop\u00f3sito de ir a viajar y bailar. Lo hice, y al a\u00f1o siguiente volv\u00ed a trabajar en Irlanda unos meses como t\u00e9cnica de autobuses actualizando el software, porque quer\u00eda tener un extra para seguir bailando y viajando.<\/p>\n<blockquote><p>&#13;<\/p>\n<p>\u00abCuando sales al mundo ves cosas a las que no est\u00e1s acostumbrada a ver y eso nutre mucho tu arte y creatividad\u00bb<\/p>\n<p>&#13;\n<\/p><\/blockquote>\n<p>He sacrificado muchas cosas por el baile. Tambi\u00e9n he tenido el apoyo de mis padres cuando me hac\u00eda falta. Haber trabajado en otras cosas me ha ayudado mucho a aprender a valorar las cosas, y sobre todo a ser humilde, a desarrollar ese lado m\u00e1s social, que es a lo que te obliga cuando trabajas cara al p\u00fablico. Agradezco cada trabajo que he hecho, porque me ha dado mucho como persona, y conexiones y vivencias muy bonitas.<\/p>\n<p><strong>Recomienda el baile para&#8230;<\/strong><\/p>\n<p>-Es una profesi\u00f3n muy bonita, porque el baile fue lo \u00fanico que me hizo ser una persona constante y con disciplina. Antes de eso siempre fui un desastre, no significa que ahora sea perfecta. Pero desde luego que me cambi\u00f3 por completo. Me hizo indagar en mi interior, conocerme m\u00e1s, aprender a expresarme y entender muchas cosas.<\/p>\n<p>Tambi\u00e9n hay otro lado de la danza, que es muy sacrificada, es un mundo muy exigente donde hay mucha comparaci\u00f3n, mucha demanda tambi\u00e9n. Tienes que trabajarte mucho para tener una mente fuerte y buenos h\u00e1bitos, sobre todo important\u00edsimo es el entorno del que te rodeas. Eso har\u00e1 mucho. Hay lugar para todos, solo hay que encontrar el tuyo.<\/p>\n<p>Por otro lado, el baile me ha llevado a lugares donde jam\u00e1s me hubiera imaginado, conocer personas maravillosas, y tambi\u00e9n a conectar con ese lado espiritual. Hoy en d\u00eda, sigo a Jes\u00fas, y eso ha cambiado por completo mi danza, mi arte y mi persona. Desde luego que esto solo es el principio.<\/p>\n<p><script async src=\"\/\/www.instagram.com\/embed.js\"><\/script><\/p>\n","protected":false},"excerpt":{"rendered":"Yasmin Rodrigues vio cumplido en septiembre uno de sus sue\u00f1os. Particip\u00f3 en las semifinales y la final del&hellip;\n","protected":false},"author":2,"featured_media":266750,"comment_status":"","ping_status":"","sticky":false,"template":"","format":"standard","meta":{"footnotes":""},"categories":[171],"tags":[65956,146,147,25,24,48635,65955,23,214,17390],"class_list":{"0":"post-266749","1":"post","2":"type-post","3":"status-publish","4":"format-standard","5":"has-post-thumbnail","7":"category-tv","8":"tag-artistas-de-menorca","9":"tag-entertainment","10":"tag-entretenimiento","11":"tag-es","12":"tag-espana","13":"tag-got-talent","14":"tag-got-talent-espana","15":"tag-spain","16":"tag-tv","17":"tag-vivir-en-menorca"},"share_on_mastodon":{"url":"https:\/\/pubeurope.com\/@es\/115648545651619931","error":""},"_links":{"self":[{"href":"https:\/\/www.europesays.com\/es\/wp-json\/wp\/v2\/posts\/266749","targetHints":{"allow":["GET"]}}],"collection":[{"href":"https:\/\/www.europesays.com\/es\/wp-json\/wp\/v2\/posts"}],"about":[{"href":"https:\/\/www.europesays.com\/es\/wp-json\/wp\/v2\/types\/post"}],"author":[{"embeddable":true,"href":"https:\/\/www.europesays.com\/es\/wp-json\/wp\/v2\/users\/2"}],"replies":[{"embeddable":true,"href":"https:\/\/www.europesays.com\/es\/wp-json\/wp\/v2\/comments?post=266749"}],"version-history":[{"count":0,"href":"https:\/\/www.europesays.com\/es\/wp-json\/wp\/v2\/posts\/266749\/revisions"}],"wp:featuredmedia":[{"embeddable":true,"href":"https:\/\/www.europesays.com\/es\/wp-json\/wp\/v2\/media\/266750"}],"wp:attachment":[{"href":"https:\/\/www.europesays.com\/es\/wp-json\/wp\/v2\/media?parent=266749"}],"wp:term":[{"taxonomy":"category","embeddable":true,"href":"https:\/\/www.europesays.com\/es\/wp-json\/wp\/v2\/categories?post=266749"},{"taxonomy":"post_tag","embeddable":true,"href":"https:\/\/www.europesays.com\/es\/wp-json\/wp\/v2\/tags?post=266749"}],"curies":[{"name":"wp","href":"https:\/\/api.w.org\/{rel}","templated":true}]}}