{"id":266757,"date":"2025-12-02T06:31:14","date_gmt":"2025-12-02T06:31:14","guid":{"rendered":"https:\/\/www.europesays.com\/es\/266757\/"},"modified":"2025-12-02T06:31:14","modified_gmt":"2025-12-02T06:31:14","slug":"airbus-confirma-un-nuevo-problema-en-los-paneles-metalicos-de-un-numero-limitado-de-aviones-a320","status":"publish","type":"post","link":"https:\/\/www.europesays.com\/es\/266757\/","title":{"rendered":"Airbus confirma un nuevo problema en los paneles met\u00e1licos de un n\u00famero limitado de aviones A320"},"content":{"rendered":"<p>Airbus anunci\u00f3 que ha descubierto un problema de calidad industrial que afecta los paneles met\u00e1licos de un n\u00famero limitado de aeronaves de la familia A320, confirmando as\u00ed una informaci\u00f3n difundida por la agencia Reuters. Este contratiempo se suma a los problemas del pasado fin de semana para el fabricante aeron\u00e1utico europeo.<\/p>\n<p>En un comunicado enviado por correo electr\u00f3nico a la agencia, <strong>un portavoz de Airbus indic\u00f3 que la empresa est\u00e1 inspeccionando todas las aeronaves<\/strong> <strong>potencialmente afectadas<\/strong> y que solo una parte de ellas requerir\u00e1 acciones adicionales. \u00abLa fuente del problema ha sido identificada, contenida y todos los paneles producidos recientemente cumplen con todos los requisitos\u00bb, afirm\u00f3 el portavoz de Airbus. Y a\u00f1adi\u00f3 que se trata de un problema relacionado con un proveedor, aunque declin\u00f3 identificarlo, seg\u00fan inform\u00f3 Reuters.<\/p>\n<p>Estos problemas surgen mientras Airbus intensifica sus esfuerzos para<strong> cumplir con los desafiantes objetivos de entregas para este a\u00f1o<\/strong> y, al mismo tiempo, se ha visto distra\u00eddo por el<strong><a href=\"https:\/\/actualidadaeroespacial.com\/airbus-previene-a-operadores-tras-detectar-un-problema-en-un-avion-a320\/\" target=\"_blank\" rel=\"noopener nofollow\"> retiro temporal de aviones debido a un error de software<\/a><\/strong> durante el fin de semana.<\/p>\n","protected":false},"excerpt":{"rendered":"Airbus anunci\u00f3 que ha descubierto un problema de calidad industrial que afecta los paneles met\u00e1licos de un n\u00famero&hellip;\n","protected":false},"author":2,"featured_media":266758,"comment_status":"","ping_status":"","sticky":false,"template":"","format":"standard","meta":{"footnotes":""},"categories":[80],"tags":[65957,56905,82,95,94,25,24,65958,9632,23],"class_list":{"0":"post-266757","1":"post","2":"type-post","3":"status-publish","4":"format-standard","5":"has-post-thumbnail","7":"category-economia","8":"tag-a320","9":"tag-airbus","10":"tag-business","11":"tag-economia","12":"tag-economy","13":"tag-es","14":"tag-espana","15":"tag-paneles-metalicos","16":"tag-problema","17":"tag-spain"},"share_on_mastodon":{"url":"https:\/\/pubeurope.com\/@es\/115648573479073519","error":""},"_links":{"self":[{"href":"https:\/\/www.europesays.com\/es\/wp-json\/wp\/v2\/posts\/266757","targetHints":{"allow":["GET"]}}],"collection":[{"href":"https:\/\/www.europesays.com\/es\/wp-json\/wp\/v2\/posts"}],"about":[{"href":"https:\/\/www.europesays.com\/es\/wp-json\/wp\/v2\/types\/post"}],"author":[{"embeddable":true,"href":"https:\/\/www.europesays.com\/es\/wp-json\/wp\/v2\/users\/2"}],"replies":[{"embeddable":true,"href":"https:\/\/www.europesays.com\/es\/wp-json\/wp\/v2\/comments?post=266757"}],"version-history":[{"count":0,"href":"https:\/\/www.europesays.com\/es\/wp-json\/wp\/v2\/posts\/266757\/revisions"}],"wp:featuredmedia":[{"embeddable":true,"href":"https:\/\/www.europesays.com\/es\/wp-json\/wp\/v2\/media\/266758"}],"wp:attachment":[{"href":"https:\/\/www.europesays.com\/es\/wp-json\/wp\/v2\/media?parent=266757"}],"wp:term":[{"taxonomy":"category","embeddable":true,"href":"https:\/\/www.europesays.com\/es\/wp-json\/wp\/v2\/categories?post=266757"},{"taxonomy":"post_tag","embeddable":true,"href":"https:\/\/www.europesays.com\/es\/wp-json\/wp\/v2\/tags?post=266757"}],"curies":[{"name":"wp","href":"https:\/\/api.w.org\/{rel}","templated":true}]}}