{"id":266761,"date":"2025-12-02T06:33:16","date_gmt":"2025-12-02T06:33:16","guid":{"rendered":"https:\/\/www.europesays.com\/es\/266761\/"},"modified":"2025-12-02T06:33:16","modified_gmt":"2025-12-02T06:33:16","slug":"un-experto-en-sanidad-animal-asegura-que-la-llegada-de-la-peste-porcina-era-inevitable-es-muy-dificil-de-onda-cero","status":"publish","type":"post","link":"https:\/\/www.europesays.com\/es\/266761\/","title":{"rendered":"Un experto en sanidad animal asegura que la llegada de la peste porcina era inevitable: &quot;Es muy dif\u00edcil de &#8211; Onda Cero"},"content":{"rendered":"<ol>\n<li><a href=\"https:\/\/news.google.com\/rss\/articles\/CBMi_wFBVV95cUxQWkhPaG13SVRYamM5Smk4cnFEdWV3eTZRck1TdXVMNDFUMHZBT2NTSzEwOUlOX0RPVkNjTHljUm5yNHppbDliTXVOQXdsQnBnd1Y3YWZudThHOGlvRFMzMDlWVmliZFg3N0tGdENaOFdidUhSTDU0NXFsd2Z5dndPRXFGWloxU2ZYWlIxTkdjTWstdUZJbEhTOGN1cDFzd3B6RkNraGpkYTlHRXN4ZGFVbjJPT3dGRFhmT2h3eVZ3bWJVNDcxSjIwaDktQ0lsMVBiZHRDZmc5TTFTZ2xuQXBSdXNJc0VidjJ0QTVXa205U2VtaUU4RzJEcHVaU3ZyRUXSAf8BQVVfeXFMT0xpbDdPaUhlQTdWZmJ4SlRiT1RMQlVweWFob0ZlalZMRS1uNnFiX1V5UExUYTQ1dE5rYXJjLThwek8zVzdFQ2lhU2pBdjdnRUZaeDR0QVJQSmFQQmlzZ0hmR01BYnBKbjJudHhqcUIyRElVa29TUC1XZUNYUGpuRXZsT1lUM0w2NjgwTTUyWTZBQTI3WDdSNFhfcnpQdldCZGp5dm4yMDd4bE1iVHpUNzg2emlYTlJPNmZQZ1Y3UW92b2Jqa1pBYnNia2pWZUlBM2NuNkxyRXdLaDRNVk41emw0emN0U1NWa3JhTUVUMDhVNUFibDRDVXVPLTN4MTRr?oc=5\" target=\"_blank\" rel=\"nofollow noopener\">Un experto en sanidad animal asegura que la llegada de la peste porcina era inevitable: \u00abEs muy dif\u00edcil de<\/a>&nbsp;&nbsp;Onda Cero<\/li>\n<li><a href=\"https:\/\/news.google.com\/rss\/articles\/CBMifEFVX3lxTE9ubGtQQVBldXo1RDNzRjZ0MS04QjhVVUtvUkF1YWRjcGlaQlM0LUZDRUJJNW5oOXh0THcxcy1tWGNPRjFkS2RMNzhWcWdYci1DSC1OMUpZWWpqRUM5UThBTUkzRUh1elZ3a01pZmt2TFp5OG1tN2NUXzQ3SWvSAXxBVV95cUxNZHl4V2pOWDhmN19fbXNmUW5pZUM0R3E4MWx1Mlc3TWREaUhyWnBfakdyTkNYLU5JYUc3ZEppTjFRbUNYTWdFMlpuRHRCUVJEQ1lsd25tRWdKbjYzTFRSRmhsQkFocHNTUmdfNWxPSGk5SkxpOUF6U2g0WWY0?oc=5\" target=\"_blank\" rel=\"nofollow noopener\">En el epicentro de la crisis por la peste porcina africana: \u00abYa est\u00e1bamos trabajando a p\u00e9rdidas, el golpe va a ser letal\u00bb<\/a>&nbsp;&nbsp;El Mundo<\/li>\n<li><a href=\"https:\/\/news.google.com\/rss\/articles\/CBMiuwFBVV95cUxPR2hCUHZ2OHF5RUlBOWlmVWdqV0hPSmcwa3hBMjVmSmVmbWlNVmRkNkl1QjBJM1d6OXpEOEl1amstYlh4bTJQbkpLdU1jU3NuVVpGcGJIUGEwMkRvTWtSdEdLd0lYNFpQM3BwRlcwOUV1Q0gxXzBaUHR5UEFTN3h5VHFLMURLUVJGRVpTbHBoUW0tY25INjRLazhNWXd5ZXF3Q1EwMWRwWGJVdF9ndEFFRldwYVdydldHd1F3?oc=5\" target=\"_blank\" rel=\"nofollow noopener\">La UME ya mata jabal\u00edes en Catalu\u00f1a<\/a>&nbsp;&nbsp;elconfidencial.com<\/li>\n<li><a href=\"https:\/\/news.google.com\/rss\/articles\/CBMi8wFBVV95cUxQTXQzaVJzLWp6N1BNYkZKTEdYZ2NoSTBZbUU5MmtNUjl6d0tmUUNRck01NC1KOGJlZWZQN2xlOUliMmJqc29rajYtRXpDQjRDemNsTUNaamVOWndHYlZtcTlXUDBxMFNiMDlxQ0JCZV9LaG8tb21lUFMyV18zS2hCRzFnanhLZXlfY3d2NUVid1FmZmN3cmhDQmw3N0toT0JTYVNHTFU4LUtsbEhVQUpRdzdjV25wV2pXNHBJanV3VW1CclJUeWVTMWxPbmFXV3ZOcmxOVHEzWHljYk5pUU96bmc0cTNZU3lvdm5ISjFkNVpSdjA?oc=5\" target=\"_blank\" rel=\"nofollow noopener\">Qu\u00e9 pasa con la peste porcina: c\u00f3mo lleg\u00f3 el virus animal a Espa\u00f1a y por qu\u00e9 sigue siendo seguro consumir carne de cerdo<\/a>&nbsp;&nbsp;EL PA\u00cdS<\/li>\n<li><a href=\"https:\/\/news.google.com\/rss\/articles\/CBMiggFBVV95cUxOMW5KckpfOG54X2twUFQ3R1ZONFdtRE9fdVlBTjZrUnB3RWNLU1J4b0s2SktvSFV3THR5eWJDV2dsQVBPNlVsdmRIekhjNzVzamg3VXJ1dXlCNWR2VUtJbXJTRjJUS3ZERE45Vmtsdm5fbVRURmRhQXYwck1nV285ZWFB0gGCAUFVX3lxTE5DNmZFclVWd1lGTlVWS1JKb3pJOU9LN2Z3eVdza0xmWUhNZF81ZjZYSmFFUHBnSld2ZVRFaGM5TEVXcENHRW1URUhSUzlSeGFtcGZKYVAwYU4zaG5NTDVXenZkSGxMdGxSaUg2Q3BJTi1EZ19KUnpBc0RPaF82Y2Izanc?oc=5\" target=\"_blank\" rel=\"nofollow noopener\">Siete pa\u00edses vetan la exportaci\u00f3n de porcino y la UE se implica en un brote que ya afecta al precio<\/a>&nbsp;&nbsp;Expansi\u00f3n<\/li>\n<\/ol>\n","protected":false},"excerpt":{"rendered":"Un experto en sanidad animal asegura que la llegada de la peste porcina era inevitable: \u00abEs muy dif\u00edcil&hellip;\n","protected":false},"author":2,"featured_media":248356,"comment_status":"","ping_status":"","sticky":false,"template":"","format":"standard","meta":{"footnotes":""},"categories":[8],"tags":[17,18,25,24,13,14,11,19,20,9,10,15,16,23,12,21,22],"class_list":{"0":"post-266761","1":"post","2":"type-post","3":"status-publish","4":"format-standard","5":"has-post-thumbnail","7":"category-espana","8":"tag-breaking-news","9":"tag-breakingnews","10":"tag-es","11":"tag-espana","12":"tag-featured-news","13":"tag-featurednews","14":"tag-headlines","15":"tag-latest-news","16":"tag-latestnews","17":"tag-news","18":"tag-noticias","19":"tag-noticias-destacadas","20":"tag-noticiasdestacadas","21":"tag-spain","22":"tag-titulares","23":"tag-ultimas-noticias","24":"tag-ultimasnoticias"},"share_on_mastodon":{"url":"https:\/\/pubeurope.com\/@es\/115648581300353054","error":""},"_links":{"self":[{"href":"https:\/\/www.europesays.com\/es\/wp-json\/wp\/v2\/posts\/266761","targetHints":{"allow":["GET"]}}],"collection":[{"href":"https:\/\/www.europesays.com\/es\/wp-json\/wp\/v2\/posts"}],"about":[{"href":"https:\/\/www.europesays.com\/es\/wp-json\/wp\/v2\/types\/post"}],"author":[{"embeddable":true,"href":"https:\/\/www.europesays.com\/es\/wp-json\/wp\/v2\/users\/2"}],"replies":[{"embeddable":true,"href":"https:\/\/www.europesays.com\/es\/wp-json\/wp\/v2\/comments?post=266761"}],"version-history":[{"count":0,"href":"https:\/\/www.europesays.com\/es\/wp-json\/wp\/v2\/posts\/266761\/revisions"}],"wp:featuredmedia":[{"embeddable":true,"href":"https:\/\/www.europesays.com\/es\/wp-json\/wp\/v2\/media\/248356"}],"wp:attachment":[{"href":"https:\/\/www.europesays.com\/es\/wp-json\/wp\/v2\/media?parent=266761"}],"wp:term":[{"taxonomy":"category","embeddable":true,"href":"https:\/\/www.europesays.com\/es\/wp-json\/wp\/v2\/categories?post=266761"},{"taxonomy":"post_tag","embeddable":true,"href":"https:\/\/www.europesays.com\/es\/wp-json\/wp\/v2\/tags?post=266761"}],"curies":[{"name":"wp","href":"https:\/\/api.w.org\/{rel}","templated":true}]}}