{"id":266762,"date":"2025-12-02T06:34:11","date_gmt":"2025-12-02T06:34:11","guid":{"rendered":"https:\/\/www.europesays.com\/es\/266762\/"},"modified":"2025-12-02T06:34:11","modified_gmt":"2025-12-02T06:34:11","slug":"bbva-destina-300-000-e-a-proyectos-solidarios-en-su-junta-2026","status":"publish","type":"post","link":"https:\/\/www.europesays.com\/es\/266762\/","title":{"rendered":"BBVA destina 300.000 \u20ac a proyectos solidarios en su Junta 2026"},"content":{"rendered":"<p>BBVA lanza, por<strong> sexto a\u00f1o consecutivo<\/strong>, la convocatoria de ayudas dirigidas a contribuir al crecimiento inclusivo de la sociedad. <strong>La entidad financiera repartir\u00e1 300.000 euros entre los cuatro mejores proyectos<\/strong> de alcance nacional presentados y que tengan impacto en alguno de los siguientes campos: desigualdad social y\/o econ\u00f3mica, educaci\u00f3n, salud y dependencia, o medioambiente.<\/p>\n<p>Las entidades que quieran participar deber\u00e1n presentar la <a href=\"https:\/\/accionistaseinversores.bbva.com\/accionistas\/iniciativa-solidaria-jga-2026\/\" target=\"_blank\" rel=\"noopener nofollow\">candidatura de su proyecto<\/a> antes del 26 de diciembre.<\/p>\n<p>La selecci\u00f3n final de las cuatro organizaciones ganadoras se realizar\u00e1 mediante la votaci\u00f3n de un jurado multidisciplinar formado por representantes de BBVA y de organizaciones sociales de referencia, teniendo en cuenta la solidez de la organizaci\u00f3n, la pertinencia, el impacto o la viabilidad del proyecto. Cada una de ellas recibir\u00e1 50.000 euros y una cantidad adicional proporcional a los votos emitidos por los accionistas de BBVA, que repartir\u00e1n 100.000 euros entre las entidades.<\/p>\n<p>Seis a\u00f1os apoyando proyectos solidarios<\/p>\n<p>BBVA puso en marcha en 2021 esta iniciativa solidaria vinculada a la Junta General de Accionistas, en esa ocasi\u00f3n, con el objetivo de contribuir a paliar los efectos del COVID-19 entre las personas m\u00e1s vulnerables.<\/p>\n<p>Desde entonces, el banco ha donado 1,5 millones de euros a organizaciones sociales y medioambientales como <a href=\"https:\/\/www.medicosdelmundo.org\/\" target=\"_blank\" rel=\"noopener nofollow\">M\u00e9dicos del Mundo<\/a>, <a href=\"https:\/\/alapar.ong\/\" target=\"_blank\" rel=\"noopener nofollow\">Fundaci\u00f3n A La Par<\/a>, <a href=\"https:\/\/www.educo.org\/\" target=\"_blank\" rel=\"noopener nofollow\">Fundaci\u00f3n Educo<\/a>, <a href=\"https:\/\/fundacionexit.org\/\" target=\"_blank\" rel=\"noopener nofollow\">Fundaci\u00f3n Exit<\/a>, <a href=\"https:\/\/grandesamigos.org\/\" target=\"_blank\" rel=\"noopener nofollow\">Fundaci\u00f3n Grande Amigos en Acci\u00f3n<\/a>, <a href=\"https:\/\/plan-international.es\/\" target=\"_blank\" rel=\"noopener nofollow\">Fundaci\u00f3n Plan International<\/a>, <a href=\"https:\/\/www.cesal.org\/\" target=\"_blank\" rel=\"noopener nofollow\">CESAL<\/a>, <a href=\"https:\/\/fundacionecomar.org\/\" rel=\"nofollow noopener\" target=\"_blank\">Fundaci\u00f3n Ecomar<\/a>, <a href=\"https:\/\/www.atades.org\/\" target=\"_blank\" rel=\"noopener nofollow\">ATADES<\/a>, <a href=\"https:\/\/www.aldeasinfantiles.es\/\" target=\"_blank\" rel=\"noopener nofollow\">Aldeas Infantiles SOS<\/a>, <a href=\"https:\/\/amica.es\/es\/\" target=\"_blank\" rel=\"noopener nofollow\">Asociaci\u00f3n Amica<\/a>, <a href=\"https:\/\/ecodes.org\/\" target=\"_blank\" rel=\"noopener nofollow\">ECODES<\/a>, <a href=\"https:\/\/talisman.org.es\/\" target=\"_blank\" rel=\"noopener nofollow\">Asociaci\u00f3n Talism\u00e1n<\/a>, <a href=\"https:\/\/fundacionemet.org\/\" target=\"_blank\" rel=\"noopener nofollow\">Fundaci\u00f3n Emet<\/a>,<a href=\"https:\/\/www.puentedeesperanza.es\/\" target=\"_blank\" rel=\"noopener nofollow\"> Asociaci\u00f3n Puente de Esperanza Madrid<\/a> o <a href=\"https:\/\/www.madrecoraje.org\/\" target=\"_blank\" rel=\"noopener nofollow\">Asociaci\u00f3n Madre Coraje<\/a>.<\/p>\n<p>En la <a href=\"https:\/\/www.bbva.com\/es\/sostenibilidad\/bbva-dona-300-000-euros-a-proyectos-sociales-y-medioambientales-con-motivo-de-su-junta-general-de-accionistas\/\" target=\"_blank\" rel=\"noopener nofollow\">\u00faltima edici\u00f3n de la iniciativa<\/a>, los accionistas apoyaron a <a href=\"https:\/\/www.ffluzon.org\/\" target=\"_blank\" rel=\"noopener nofollow\">Fundaci\u00f3n Francisco Luz\u00f3n<\/a>, con un proyecto orientado a desarrollar una plataforma nacional con informaci\u00f3n cl\u00ednica y socioecon\u00f3mica de personas con Esclerosis Lateral Amiotr\u00f3fica (ELA);\u00a0 <a href=\"https:\/\/asindown.org\/\" target=\"_blank\" rel=\"noopener nofollow\">Fundaci\u00f3n Asindown<\/a>, con una iniciativa destinada a proporcionar apoyo psicol\u00f3gico, terap\u00e9utico y educativo a personas con discapacidad intelectual y a sus familias afectadas por la DANA en la Comunidad Valenciana; <a href=\"https:\/\/asociacionampara.org\/\" target=\"_blank\" rel=\"noopener nofollow\">Asociaci\u00f3n Madrile\u00f1a Para Ayuda del Recluso Abandonado<\/a> (AMPARA), con un programa dirigido a atender a menores de hasta tres a\u00f1os que residen con sus madres en centros penitenciarios; y\u00a0 <a href=\"https:\/\/griebal.org\/fundacion\/\" target=\"_blank\" rel=\"noopener nofollow\">Fundaci\u00f3n Scout Griebal<\/a> con un proyecto centrado en la prevenci\u00f3n de incendios y la conservaci\u00f3n del monte en el Pirineo aragon\u00e9s.<\/p>\n","protected":false},"excerpt":{"rendered":"BBVA lanza, por sexto a\u00f1o consecutivo, la convocatoria de ayudas dirigidas a contribuir al crecimiento inclusivo de la&hellip;\n","protected":false},"author":2,"featured_media":266763,"comment_status":"","ping_status":"","sticky":false,"template":"","format":"standard","meta":{"footnotes":""},"categories":[5],"tags":[17,18,25,24,13,14,11,19,20,9,10,15,16,23,12,21,22],"class_list":{"0":"post-266762","1":"post","2":"type-post","3":"status-publish","4":"format-standard","5":"has-post-thumbnail","7":"category-titulares","8":"tag-breaking-news","9":"tag-breakingnews","10":"tag-es","11":"tag-espana","12":"tag-featured-news","13":"tag-featurednews","14":"tag-headlines","15":"tag-latest-news","16":"tag-latestnews","17":"tag-news","18":"tag-noticias","19":"tag-noticias-destacadas","20":"tag-noticiasdestacadas","21":"tag-spain","22":"tag-titulares","23":"tag-ultimas-noticias","24":"tag-ultimasnoticias"},"share_on_mastodon":{"url":"https:\/\/pubeurope.com\/@es\/115648584967162818","error":""},"_links":{"self":[{"href":"https:\/\/www.europesays.com\/es\/wp-json\/wp\/v2\/posts\/266762","targetHints":{"allow":["GET"]}}],"collection":[{"href":"https:\/\/www.europesays.com\/es\/wp-json\/wp\/v2\/posts"}],"about":[{"href":"https:\/\/www.europesays.com\/es\/wp-json\/wp\/v2\/types\/post"}],"author":[{"embeddable":true,"href":"https:\/\/www.europesays.com\/es\/wp-json\/wp\/v2\/users\/2"}],"replies":[{"embeddable":true,"href":"https:\/\/www.europesays.com\/es\/wp-json\/wp\/v2\/comments?post=266762"}],"version-history":[{"count":0,"href":"https:\/\/www.europesays.com\/es\/wp-json\/wp\/v2\/posts\/266762\/revisions"}],"wp:featuredmedia":[{"embeddable":true,"href":"https:\/\/www.europesays.com\/es\/wp-json\/wp\/v2\/media\/266763"}],"wp:attachment":[{"href":"https:\/\/www.europesays.com\/es\/wp-json\/wp\/v2\/media?parent=266762"}],"wp:term":[{"taxonomy":"category","embeddable":true,"href":"https:\/\/www.europesays.com\/es\/wp-json\/wp\/v2\/categories?post=266762"},{"taxonomy":"post_tag","embeddable":true,"href":"https:\/\/www.europesays.com\/es\/wp-json\/wp\/v2\/tags?post=266762"}],"curies":[{"name":"wp","href":"https:\/\/api.w.org\/{rel}","templated":true}]}}