{"id":266766,"date":"2025-12-02T06:43:16","date_gmt":"2025-12-02T06:43:16","guid":{"rendered":"https:\/\/www.europesays.com\/es\/266766\/"},"modified":"2025-12-02T06:43:16","modified_gmt":"2025-12-02T06:43:16","slug":"fernando-torres-nino-para-siempre","status":"publish","type":"post","link":"https:\/\/www.europesays.com\/es\/266766\/","title":{"rendered":"Fernando Torres, Ni\u00f1o para siempre"},"content":{"rendered":"<p class=\"\">\u201c\u00a1Por favor, una foto!\u201d. <b>\u201cFernando, \u00bfte puedes hacer una fotograf\u00eda conmigo?\u201d<\/b>. \u201c\u00bfTe importa repetirla?\u201d. Pasan los a\u00f1os, pero no la admiraci\u00f3n por Fernando Torres. En este caso poco importan los colores. <b>El Ni\u00f1o fue uno de los premiados en la Gala del AS <\/b>y la <b>leyenda del Atl\u00e9tico y de la Selecci\u00f3n espa\u00f1ola<\/b> agradeci\u00f3 tantas muestras de cari\u00f1o por parte de todos los asistentes.<\/p>\n<p class=\"\">\u201cEs un orgullo enorme recibir este premio y m\u00e1s viendo el nivel de los grandes deportistas que est\u00e1n presentes. Muchas gracias\u201d, dijo Fernando Torres. <b>El Ni\u00f1o acudi\u00f3 junto a Enrique Cerezo y Carlos Bucero en representaci\u00f3n de ese Atl\u00e9tico<\/b> que lleva en el alma. Salud\u00f3 con muestras de simpat\u00eda a <b>Ra\u00fal,<\/b> leyenda madridista, tambi\u00e9n a <b>Rafa Nadal&#8230; <\/b>Comparti\u00f3 risas con el alcalde de Madrid, <b>Mart\u00ednez Almeida,<\/b> y salud\u00f3 de manera efusiva a Navas.<\/p>\n<p class=\"\">Torres tiene motivos para la alegr\u00eda, pues en su faceta de entrenador <b>tiene al Atl\u00e9tico Madrile\u00f1o l\u00edder del grupo 2 de Primera Federaci\u00f3n.<\/b> Ahora intenta transmitir a los j\u00f3venes formados en la Academia todo lo aprendido durante tantos a\u00f1os. \u201cDisfruto del presente, he comenzado una nueva etapa y estoy <b>rodeado de gente joven y con ilusi\u00f3n.<\/b> Hay que vivir el presente. Cada d\u00eda hay algo que aprender. Lo importante es que estoy disfrutando mucho lo que hago\u201d.<\/p>\n<p class=\"\">\u201cUno cuando est\u00e1 en activo, cuando es futbolista, busca t\u00edtulos, ganar muchos trofeos, crecer cada d\u00eda m\u00e1s&#8230; <b>Pero luego cuando pasan los a\u00f1os y ya no juegas te gusta que ver esas muestras de respeto de la gente.<\/b> Es cierto que es el mejor legado que he podido dejar. No s\u00f3lo hablo de lo ganado en el terreno de juego sino de lo que has dejado fuera\u201d.<\/p>\n<p class=\"\"><b>Fernando Torres gan\u00f3 un Mundial y dos Eurocopas con Espa\u00f1a. <\/b>Pero el Ni\u00f1o va m\u00e1s all\u00e1 de las conquistas deportivas, como si ganar esos t\u00edtulos no tuviese su dificultad y su m\u00e9rito. <b>\u201cEl Atl\u00e9tico es mi casa, pero con Espa\u00f1a conseguimos cosas muy importantes.<\/b> Logramos que nuestra selecci\u00f3n fuese el equipo de todos los espa\u00f1oles. Todos se pusieron una sola camiseta, se sintieron identificados con ese equipo y es verdad que esto no siempre es sencillo\u201d.<\/p>\n<p>Noticias relacionadas<a href=\"https:\/\/as.com\/futbol\/mas_futbol\/torres-la-cabeza-del-lider-f202511-n\/\" class=\"s_m_w\" title=\"El t\u00e9cnico alcanza los 50 partidos en el Atl\u00e9tico Madrile\u00f1o con un balance de 20 triunfos, 18 empates y 12 derrotas. Lanzados a por el sue\u00f1o del ascenso.\" data-tb-link=\"\" rel=\"nofollow noopener\" target=\"_blank\"><img decoding=\"async\" src=\"https:\/\/www.europesays.com\/es\/wp-content\/uploads\/2025\/12\/L2RQXLAKD5MYFFYLJFBPG2OUBE.jpg\" alt=\"Torres, la cabeza del l\u00edder\" class=\"\" height=\"9\" width=\"16\"   loading=\"lazy\" data-tb-thumbnail=\"\"\/><\/a><a href=\"https:\/\/as.com\/futbol\/mas_futbol\/un-lider-al-cubo-f202511-n\/\" class=\"s_m_w\" title=\"El delantero de 17 a\u00f1os se estrena con el Madrile\u00f1o. Rayane y Arnau cierran la goleada en un partido con dos mitades opuestas. L\u00edder en solitario... con un partido menos.\" data-tb-link=\"\" rel=\"nofollow noopener\" target=\"_blank\"><img decoding=\"async\" src=\"https:\/\/www.europesays.com\/es\/wp-content\/uploads\/2025\/12\/UWIYLQASFRNUXPEQHQDUSSVTJA.jpg\" alt=\"Un l\u00edder al Cubo\" class=\"\" height=\"9\" width=\"16\"   loading=\"lazy\" data-tb-thumbnail=\"\"\/><\/a><\/p>\n<p class=\"\">Trajeado, con la sonrisa de siempre, esa que pocas veces ha perdido, <b>Fernando Torres se fue como lleg\u00f3. <\/b>Feliz, e hizo feliz a todos los que se le acercaron, a todos los que pudieron hablar con \u00e9l un rato. <b>Pos\u00f3 con el Premio Trayectoria AS 2025 y lanz\u00f3 un gui\u00f1o al Atl\u00e9tico de cara al choque ante el Barcelona<\/b>: \u201cLos atl\u00e9ticos estamos, como siempre, deseando a que llegue el partido, sentarnos y animar a nuestro equipo y confiar en que vamos a ganar y que lo que venga va a ser positivo\u201d. Fernando Torres, <b>Ni\u00f1o para siempre.<\/b><\/p>\n<p class=\"\"><b>\u00a1Tus opiniones importan!<\/b> Comenta en los art\u00edculos y suscr\u00edbete gratis a nuestra <a href=\"https:\/\/asfan.as.com\/newsletters\/\" target=\"_blank\" rel=\"nofollow noopener\" title=\"https:\/\/asfan.as.com\/newsletters\/\">newsletter<\/a> y a las alertas informativas en la <a href=\"https:\/\/as.com\/aplicacion-de-as-n\/\" target=\"_blank\" rel=\"nofollow noopener\" title=\"https:\/\/as.com\/aplicacion-de-as-n\/\">App<\/a> o el canal de <a href=\"https:\/\/www.whatsapp.com\/channel\/0029VaAasdA7j6g745nz9M10\" target=\"_blank\" rel=\"nofollow noopener\" title=\"https:\/\/www.whatsapp.com\/channel\/0029VaAasdA7j6g745nz9M10\">WhatsApp<\/a>. \u00bfBuscas licenciar contenido? Haz clic <a href=\"https:\/\/profesional.elpais.com\/soluciones-sindicacion?utm_medium=interno&amp;utm_source=crosslinking&amp;utm_campaign=sindicacion_as_pie_articulos\" target=\"_blank\" rel=\"nofollow noopener\" title=\"https:\/\/profesional.elpais.com\/soluciones-sindicacion?utm_medium=interno&amp;utm_source=crosslinking&amp;utm_campaign=sindicacion_as_pie_articulos\">aqu\u00ed<\/a><\/p>\n","protected":false},"excerpt":{"rendered":"\u201c\u00a1Por favor, una foto!\u201d. \u201cFernando, \u00bfte puedes hacer una fotograf\u00eda conmigo?\u201d. \u201c\u00bfTe importa repetirla?\u201d. Pasan los a\u00f1os, pero&hellip;\n","protected":false},"author":2,"featured_media":266767,"comment_status":"","ping_status":"","sticky":false,"template":"","format":"standard","meta":{"footnotes":""},"categories":[268],"tags":[168,25,24,280,282,281,23,167],"class_list":{"0":"post-266766","1":"post","2":"type-post","3":"status-publish","4":"format-standard","5":"has-post-thumbnail","7":"category-futbol","8":"tag-deportes","9":"tag-es","10":"tag-espana","11":"tag-football","12":"tag-futbol","13":"tag-soccer","14":"tag-spain","15":"tag-sports"},"share_on_mastodon":{"url":"https:\/\/pubeurope.com\/@es\/115648621330482060","error":""},"_links":{"self":[{"href":"https:\/\/www.europesays.com\/es\/wp-json\/wp\/v2\/posts\/266766","targetHints":{"allow":["GET"]}}],"collection":[{"href":"https:\/\/www.europesays.com\/es\/wp-json\/wp\/v2\/posts"}],"about":[{"href":"https:\/\/www.europesays.com\/es\/wp-json\/wp\/v2\/types\/post"}],"author":[{"embeddable":true,"href":"https:\/\/www.europesays.com\/es\/wp-json\/wp\/v2\/users\/2"}],"replies":[{"embeddable":true,"href":"https:\/\/www.europesays.com\/es\/wp-json\/wp\/v2\/comments?post=266766"}],"version-history":[{"count":0,"href":"https:\/\/www.europesays.com\/es\/wp-json\/wp\/v2\/posts\/266766\/revisions"}],"wp:featuredmedia":[{"embeddable":true,"href":"https:\/\/www.europesays.com\/es\/wp-json\/wp\/v2\/media\/266767"}],"wp:attachment":[{"href":"https:\/\/www.europesays.com\/es\/wp-json\/wp\/v2\/media?parent=266766"}],"wp:term":[{"taxonomy":"category","embeddable":true,"href":"https:\/\/www.europesays.com\/es\/wp-json\/wp\/v2\/categories?post=266766"},{"taxonomy":"post_tag","embeddable":true,"href":"https:\/\/www.europesays.com\/es\/wp-json\/wp\/v2\/tags?post=266766"}],"curies":[{"name":"wp","href":"https:\/\/api.w.org\/{rel}","templated":true}]}}