{"id":266768,"date":"2025-12-02T06:44:11","date_gmt":"2025-12-02T06:44:11","guid":{"rendered":"https:\/\/www.europesays.com\/es\/266768\/"},"modified":"2025-12-02T06:44:11","modified_gmt":"2025-12-02T06:44:11","slug":"jesulin-de-ubrique-desvela-por-que-arconada-le-dejo-sin-palabras-me-daba-hasta-verguenza-poderle-preguntar-algo","status":"publish","type":"post","link":"https:\/\/www.europesays.com\/es\/266768\/","title":{"rendered":"Jesul\u00edn de Ubrique desvela por qu\u00e9 Arconada le dej\u00f3 sin palabras: \u00abMe daba hasta verg\u00fcenza poderle preguntar algo\u2026\u00bb"},"content":{"rendered":"<p class=\"v-mdl-ath__p v-mdl-ath__p--6\">\nMartes, 2 de diciembre 2025, 07:09<\/p>\n<p class=\"v-p\">La <a href=\"https:\/\/www.diariovasco.com\/real-sociedad\/\" title=\"www.diariovasco.com\" data-voc-vtm-id=\"in-text-traffic\" data-mrf-link=\"www.diariovasco.com\" rel=\"nofollow noopener\" target=\"_blank\">Real Sociedad<\/a> est\u00e1 dando qu\u00e9 hablar. Y todo a ra\u00edz de la entrevista que el &#8216;El d\u00eda despu\u00e9s&#8217; realiz\u00f3 a Jesul\u00edn de Ubrique, extorero que se convirti\u00f3 en todo un referente y personaje medi\u00e1tico tras las corridas de toros de los a\u00f1os 90. Este lunes, el marido de Mar\u00eda Jos\u00e9 Campanario fue entrevistado en el programa deportivo de Movistar+, donde no dud\u00f3 en desvelar su otra gran pasi\u00f3n: el f\u00fatbol.<\/p>\n<p class=\"v-p\">Jesul\u00edn de Ubrique, torero ya retirado, reconoc\u00eda que de no haber sido torero le hubiera gustado haberlo intentado en un campo de f\u00fatbol, bajo los palos. \u00abSi yo no hubiese sido torero hubiera sido un gran portero. Y de eso s\u00ed que estoy muy convencido, porque ten\u00eda buena visi\u00f3n. Creo que hubiera llegado bastante lejos\u00bb, afirmaba con cierta nostalgia. Eso s\u00ed, preguntado por su estilo, no dud\u00f3 en sacar a la palestra el nombre del meta del Real Madrid, Thibaut Courtois. \u00abEra un poco parecido a \u00e9l. Ya cuando lo vi jugando en el Atl\u00e9tico de Madrid, me dije a m\u00ed mismo: &#8216;Lo que yo me parec\u00eda a este hombre\u2026&#8217;\u00bb.<\/p>\n<p class=\"v-p\">Eso s\u00ed, Jes\u00fas Janeiro Baz\u00e1n no tard\u00f3 en mostrar su gran pasi\u00f3n por un jugador de la Real Sociedad, todo un referente de aquel equipo que gan\u00f3 dos ligas en los a\u00f1os 80: Luis Miguel Arconada. Y es que si por alguien sinti\u00f3 devoci\u00f3n el extorero fue por el capit\u00e1n txuri-urdin. \u00abMi \u00eddolo ha sido Arconada. Tuve el privilegio y la gran suerte de poderlo conocer. Y cuando tienes alguien que admiras delante tuya, como que se te caen todos los palos del sombrajo\u2026\u00bb, afirm\u00f3 Jesul\u00edn de Ubrique. Es m\u00e1s, en un momento dado se sinti\u00f3 sobrepasado tras haber podido conocerlo en persona: \u00abEsto me est\u00e1 pasando a m\u00ed \u00bfno? Me daba hasta apuro y verg\u00fcenza poderle preguntar algo\u2026\u00bb.<\/p>\n<p class=\"v-p\">El extorero tambi\u00e9n tuvo margen para sacar a colaci\u00f3n cu\u00e1l fue su primer recuerdo en el mundo del f\u00fatbol. \u00abFue unas botas que me compraron mi padre y mi madre con mucho esfuerzo. El mejor regalo que puede tener un ni\u00f1o. Esa ilusi\u00f3n de jugar los s\u00e1bados, de venir desde el pueblo hasta aqu\u00ed hasta el campo de f\u00fatbol\u2026 es una etapa de mi vida que no cambio por nada\u00bb, confirm\u00f3.<\/p>\n<p>Reporta un error<\/p>\n","protected":false},"excerpt":{"rendered":"Martes, 2 de diciembre 2025, 07:09 La Real Sociedad est\u00e1 dando qu\u00e9 hablar. Y todo a ra\u00edz de&hellip;\n","protected":false},"author":2,"featured_media":266769,"comment_status":"","ping_status":"","sticky":false,"template":"","format":"standard","meta":{"footnotes":""},"categories":[174],"tags":[65959,255,42094,56531,8600,4083,146,147,25,24,10386,256,5570,1298,23,5571],"class_list":{"0":"post-266768","1":"post","2":"type-post","3":"status-publish","4":"format-standard","5":"has-post-thumbnail","7":"category-famosos","8":"tag-arconada","9":"tag-celebrities","10":"tag-compara","11":"tag-courtois","12":"tag-dejo","13":"tag-desvela","14":"tag-entertainment","15":"tag-entretenimiento","16":"tag-es","17":"tag-espana","18":"tag-estilo","19":"tag-famosos","20":"tag-jesulin","21":"tag-palabras","22":"tag-spain","23":"tag-ubrique"},"share_on_mastodon":{"url":"https:\/\/pubeurope.com\/@es\/115648624409674838","error":""},"_links":{"self":[{"href":"https:\/\/www.europesays.com\/es\/wp-json\/wp\/v2\/posts\/266768","targetHints":{"allow":["GET"]}}],"collection":[{"href":"https:\/\/www.europesays.com\/es\/wp-json\/wp\/v2\/posts"}],"about":[{"href":"https:\/\/www.europesays.com\/es\/wp-json\/wp\/v2\/types\/post"}],"author":[{"embeddable":true,"href":"https:\/\/www.europesays.com\/es\/wp-json\/wp\/v2\/users\/2"}],"replies":[{"embeddable":true,"href":"https:\/\/www.europesays.com\/es\/wp-json\/wp\/v2\/comments?post=266768"}],"version-history":[{"count":0,"href":"https:\/\/www.europesays.com\/es\/wp-json\/wp\/v2\/posts\/266768\/revisions"}],"wp:featuredmedia":[{"embeddable":true,"href":"https:\/\/www.europesays.com\/es\/wp-json\/wp\/v2\/media\/266769"}],"wp:attachment":[{"href":"https:\/\/www.europesays.com\/es\/wp-json\/wp\/v2\/media?parent=266768"}],"wp:term":[{"taxonomy":"category","embeddable":true,"href":"https:\/\/www.europesays.com\/es\/wp-json\/wp\/v2\/categories?post=266768"},{"taxonomy":"post_tag","embeddable":true,"href":"https:\/\/www.europesays.com\/es\/wp-json\/wp\/v2\/tags?post=266768"}],"curies":[{"name":"wp","href":"https:\/\/api.w.org\/{rel}","templated":true}]}}