{"id":26677,"date":"2025-08-05T07:09:08","date_gmt":"2025-08-05T07:09:08","guid":{"rendered":"https:\/\/www.europesays.com\/es\/26677\/"},"modified":"2025-08-05T07:09:08","modified_gmt":"2025-08-05T07:09:08","slug":"concluye-la-restauracion-de-las-pinturas-de-quintanilla-en-la-universidad-de-missouri","status":"publish","type":"post","link":"https:\/\/www.europesays.com\/es\/26677\/","title":{"rendered":"Concluye la restauraci\u00f3n de las pinturas de Quintanilla en la Universidad de Missouri"},"content":{"rendered":"<p>Las Universidades de Cantabria y Kansas estrechan lazos en torno a la obra del artista santanderino Luis Quintanilla. El equipo de restauradores que trabaj\u00f3 en  &#8230; 2007 en los frescos expuestos en el Paraninfo ha reparado en julio las pinturas del c\u00e1ntabro en la Universidad de Missouri-Kansas City (UMKC). Sus frescos de Don Quijote, tal como anticip\u00f3 El Diario, han sido restaurados este verano. Los seis murales del Edificio de Artes Liberales de la Universidad de Missouri son huellas destacadas del pintor junto con las de su hist\u00f3rica &#8216;Ama la paz, odia la guerra&#8217;, conjunto ubicado desde su rescate en el Paraninfo de la UC.<\/p>\n<p class=\"v-p\"> Quintanilla, artista de proyecci\u00f3n internacional, une a trav\u00e9s de su obra el patrimonio cultural de la UC y el de la Universidad de Missouri. Ambas instituciones albergan los \u00fanicos frescos de gran formato que se conservan del autor -junto a uno m\u00e1s peque\u00f1o en el Museo Reina Sof\u00eda- y han sido durante a\u00f1os espacios de investigaci\u00f3n, protecci\u00f3n y difusi\u00f3n de su legado. <\/p>\n<p class=\"v-p\">Desde el pasado mes de julio, los investigadores y especialistas en restauraci\u00f3n, I\u00f1aki G\u00e1rate y Beatriz del Ordi, se han desplazado a la universidad americana para trabajar en la restauraci\u00f3n de los murales agrupados bajo el t\u00edtulo &#8216;Las andanzas de D. Quijote y Sancho Panza en el siglo XX&#8217; Se trata de los mismos especialistas que repararon el conjunto conservado en la UC desde 2007, en el que destaca &#8216;Ama la paz y odia la guerra&#8217;, encargada por el Gobierno de la Rep\u00fablica para la Exposici\u00f3n Universal de 1939, y que muestra los horrores de la Guerra Civil. <\/p>\n<p>\nEl equipo que trabaj\u00f3 en 2007 en los frescos del Paraninfo, &#8216;Ama la paz y odia la guerra&#8217;, ha reparado en julio las obras en EE UU\n<\/p>\n<p class=\"v-p\">Esta obra expuesta, de manera permanente en la calle Sevilla, se adquiri\u00f3 y restaur\u00f3 gracias al mecenazgo del Banco Santander. La restauraci\u00f3n se ha ultimado en julio, aunque la investigaci\u00f3n y la difusi\u00f3n sobre los murales va a seguir adelante. La intervenci\u00f3n en la UMKC pone el foco en el valor hist\u00f3rico y cultural de estos frescos, realizados en el exilio tras la Guerra Civil espa\u00f1ola hace 85 a\u00f1os. El proceso busca \u00abdevolver la integridad visual y t\u00e9cnica a unos murales que, durante d\u00e9cadas, han sido testigos mudos de la historia del arte espa\u00f1ol en el exilio\u00bb.<\/p>\n<p class=\"v-p\">Viviana Grieco, profesora de la Universidad Missouri-Kansas City, explica que el proceso de restauraci\u00f3n se ha dividido en varias fases, desde el an\u00e1lisis fotogr\u00e1fico de las obras para determinar con exactitud el empleo de los retoques a seco o de intervenciones anteriores, pasando por la documentaci\u00f3n digital de la obra, su limpieza qu\u00edmica y finalmente, la reintegraci\u00f3n pict\u00f3rica, donde se procedi\u00f3 a una reconstrucci\u00f3n de las lagunas para obtener una recuperaci\u00f3n de la correcta lectura est\u00e9tica de la obra mediante el empleo de t\u00e9cnicas totalmente reversibles como la acuarela. Por su parte, Nuria Garc\u00eda, directora t\u00e9cnica del \u00c1rea de Exposiciones de la UC, destaca el valor de estas pinturas como \u00abdocumentos para la memoria colectiva, as\u00ed como su relevancia en la denuncia social y en la historia del muralismo hispano\u00bb. <\/p>\n<p class=\"v-p\">Las dos series de frescos, tanto las de Kansas como las conservadas en Santander, est\u00e1n disponibles en el Museo Virtual Luis Quintanilla, \u00abuna plataforma orientada a la difusi\u00f3n y el estudio del legado del pintor, proyecto encabezado por la UC hace cuatro a\u00f1os\u00bb, en el que colaboraron la Universidad de Missouri, el Museo Reina Sof\u00eda y la Fundaci\u00f3n Bruno Alonso. Tanto el conjunto de Kansas como el de la UC son\u00bb las \u00fanicas obras que reflejan su trabajo como fresquista, junto al que se conserva, de menor tama\u00f1o, en el Museo Reina Sof\u00eda\u00bb. <\/p>\n<p class=\"v-p\">Luis Quintanilla lleg\u00f3 a Estados Unidos en 1939. Contaba ya con una consolidada trayectoria como muralista, con formaci\u00f3n en Florencia y obras destacadas en el Palacio de Liria y el Consulado de Hendaya. <\/p>\n<p class=\"v-p\">La guerra trunc\u00f3 su retorno a Espa\u00f1a y le oblig\u00f3 a reinventarse como artista en el extranjero. En noviembre de ese a\u00f1o, expuso en la Associated American Artist, entre otras obras, el conjunto formado por la litograf\u00eda &#8216;The burro&#8217; y &#8216;Ama la paz y odia la guerra&#8217;, piezas conectadas cronol\u00f3gica y t\u00e9cnicamente a las conservadas en la Colecci\u00f3n Museogr\u00e1fica UC.<\/p>\n<p class=\"v-p\"> En 1940, a petici\u00f3n del entonces presidente de la UMKC, Clarence Decker, Quintanilla fund\u00f3 la primera escuela estadounidense dedicada a la pintura al fresco.<\/p>\n<p class=\"v-p\"> En el edificio de Artes Liberales de esa universidad plasm\u00f3 seis grandes murales alrededor de la obra de Don Quijote, donde el cl\u00e1sico personaje de Cervantes se enfrenta a enemigos modernos, en este caso los fantasmas del fascismo y del poder econ\u00f3mico, mientras Sancho Panza encarna al ciudadano medio.<\/p>\n<p class=\"v-p\"> Como era habitual, Quintanilla utiliz\u00f3 a personas cercanos como modelos, su propia familia, los profesores y alumnos de la instituci\u00f3n. <\/p>\n","protected":false},"excerpt":{"rendered":"Las Universidades de Cantabria y Kansas estrechan lazos en torno a la obra del artista santanderino Luis Quintanilla.&hellip;\n","protected":false},"author":2,"featured_media":26678,"comment_status":"","ping_status":"","sticky":false,"template":"","format":"standard","meta":{"footnotes":""},"categories":[173],"tags":[229,233,231,230,14734,232,234,146,147,25,24,14736,5480,14735,3802,23,2845],"class_list":{"0":"post-26677","1":"post","2":"type-post","3":"status-publish","4":"format-standard","5":"has-post-thumbnail","7":"category-arte-y-diseno","8":"tag-arte","9":"tag-arte-y-diseno","10":"tag-arts","11":"tag-arts-and-design","12":"tag-concluye","13":"tag-design","14":"tag-diseno","15":"tag-entertainment","16":"tag-entretenimiento","17":"tag-es","18":"tag-espana","19":"tag-missouri","20":"tag-pinturas","21":"tag-quintanilla","22":"tag-restauracion","23":"tag-spain","24":"tag-universidad"},"share_on_mastodon":{"url":"","error":""},"_links":{"self":[{"href":"https:\/\/www.europesays.com\/es\/wp-json\/wp\/v2\/posts\/26677","targetHints":{"allow":["GET"]}}],"collection":[{"href":"https:\/\/www.europesays.com\/es\/wp-json\/wp\/v2\/posts"}],"about":[{"href":"https:\/\/www.europesays.com\/es\/wp-json\/wp\/v2\/types\/post"}],"author":[{"embeddable":true,"href":"https:\/\/www.europesays.com\/es\/wp-json\/wp\/v2\/users\/2"}],"replies":[{"embeddable":true,"href":"https:\/\/www.europesays.com\/es\/wp-json\/wp\/v2\/comments?post=26677"}],"version-history":[{"count":0,"href":"https:\/\/www.europesays.com\/es\/wp-json\/wp\/v2\/posts\/26677\/revisions"}],"wp:featuredmedia":[{"embeddable":true,"href":"https:\/\/www.europesays.com\/es\/wp-json\/wp\/v2\/media\/26678"}],"wp:attachment":[{"href":"https:\/\/www.europesays.com\/es\/wp-json\/wp\/v2\/media?parent=26677"}],"wp:term":[{"taxonomy":"category","embeddable":true,"href":"https:\/\/www.europesays.com\/es\/wp-json\/wp\/v2\/categories?post=26677"},{"taxonomy":"post_tag","embeddable":true,"href":"https:\/\/www.europesays.com\/es\/wp-json\/wp\/v2\/tags?post=26677"}],"curies":[{"name":"wp","href":"https:\/\/api.w.org\/{rel}","templated":true}]}}