{"id":266770,"date":"2025-12-02T06:45:24","date_gmt":"2025-12-02T06:45:24","guid":{"rendered":"https:\/\/www.europesays.com\/es\/266770\/"},"modified":"2025-12-02T06:45:24","modified_gmt":"2025-12-02T06:45:24","slug":"cultura-en-castellon-estas-son-las-historias-de-las-dos-nuevas-esculturas-de-castello-te-sorprenderan","status":"publish","type":"post","link":"https:\/\/www.europesays.com\/es\/266770\/","title":{"rendered":"CULTURA EN CASTELL\u00d3N | Estas son las historias de las dos nuevas esculturas de Castell\u00f3. Te sorprender\u00e1n"},"content":{"rendered":"<p class=\"ft-text ft-helper-closenews\">Castell\u00f3 cuenta con dos nuevas esculturas para <strong>embellecer la v\u00eda p\u00fablica <\/strong>pero cada una de estas obras tiene detr\u00e1s de ella una historia.<\/p>\n<p class=\"ft-text\">La primera es la de <strong>Surtidor con figura de ni\u00f1o<\/strong>. Los castellonenses la recordar\u00e1n porque hace unos a\u00f1os estaba ubicada en la <strong>fuente de la plaza de la Muralla Liberal<\/strong> pero la original fue robada para ser fundida. Posteriormente, en 2003, el \u00e1rea de Urbanismo y Obras encarg\u00f3 una copia de la misma realizada con fibra de vidrio con carga de bronce al artista Marco Caparr\u00f3s a trav\u00e9s de una empresa y la escultura fue repuesta.<\/p>\n<p><img decoding=\"async\" src=\"https:\/\/www.europesays.com\/es\/wp-content\/uploads\/2025\/12\/aaf7d60a-39fb-4a71-a2ac-df8d30c40f9a_alta-libre-aspect-ratio_default_0.jpg\" width=\"1200\" height=\"802\" alt=\"'Surtidor con figura de ni\u00f1o', en la plaza de la Muralla Liberal de Castell\u00f3.\" class=\"ft-helper-img-rd\" loading=\"lazy\"\/><\/p>\n<p class=\"ft-helper-fontColor-quaternary ft-helper-fontSize-body-S ft-helper-spacer-t-xxs\">&#8216;Surtidor con figura de ni\u00f1o&#8217;, en la plaza de la Muralla Liberal de Castell\u00f3.  \/ MANOLO NEBOT ROCHERA<\/p>\n<p class=\"ft-text\">Sin embargo, el pasado <strong>10 de febrero de este a\u00f1o<\/strong>, el Ayuntamiento recibi\u00f3 una incidencia en la que se alertaba de la <strong>p\u00e9rdida de una mano <\/strong>en la escultura de bronce a la que se sumaban problemas de grietas y perforaciones, impactos e inestabilidad estructural. Ante el estado que presentaba la obra, desde el Museu de la Ciutat de Castell\u00f3 (MUCC) se contrat\u00f3 con la misma empresa una nueva reproducci\u00f3n a partir del molde original y realizada con resina s\u00edmil bronce rellena, contando con la autorizaci\u00f3n del artista y con un coste de casi 12.000 euros sufragados por el consistorio de la capital de la Plana. Esta nueva pieza se ha instalado recientemente en la fuente de la <strong>plaza de la Muralla Liberal<\/strong>, tal y como estaba la primera estatua.<\/p>\n<p><img decoding=\"async\" src=\"https:\/\/www.europesays.com\/es\/wp-content\/uploads\/2025\/12\/3608c62b-b59a-4462-8ca5-d6b626b787f5_alta-libre-aspect-ratio_default_0.jpg\" width=\"1200\" height=\"2134\" alt=\"Detalle de la escultura del ni\u00f1o recientemente recolocada.\" class=\"ft-helper-img-rd\" loading=\"lazy\"\/><\/p>\n<p class=\"ft-helper-fontColor-quaternary ft-helper-fontSize-body-S ft-helper-spacer-t-xxs\">Detalle de la escultura del ni\u00f1o recientemente recolocada.  \/ Mediterr\u00e1neo<\/p>\n<p><img decoding=\"async\" src=\"https:\/\/www.europesays.com\/es\/wp-content\/uploads\/2025\/12\/91219c08-1c6c-42cb-9e22-511ebcc81c80_alta-libre-aspect-ratio_default_0.jpg\" width=\"1200\" height=\"2134\" alt=\"Operarios municipales colocando la obra.\" class=\"ft-helper-img-rd\" loading=\"lazy\"\/><\/p>\n<p class=\"ft-helper-fontColor-quaternary ft-helper-fontSize-body-S ft-helper-spacer-t-xxs\">Operarios municipales colocando la obra.  \/ Mediterr\u00e1neo<\/p>\n<p class=\"ft-text\">La segunda escultura est\u00e1 dedicada al <strong>\u00c1ngel Custodio, patr\u00f3n de la Polic\u00eda Nacional, en homenaje a los 200 a\u00f1os de este Cuerpo de Seguridad<\/strong>. La obra, del artista<strong> Luis Francisco Bravo,<\/strong> es de fibra y est\u00e1 ubicada en el <strong>paseo de la Polic\u00eda Nacional<\/strong>, antiguo paseo del R\u00edo Nilo, pr\u00f3ximo a la Comisar\u00eda, en el PAU Sensal. Precisamente el autor, ayudado por otras dos personas, se afanaba este lunes en que la estatua quedara perfecta sobre el pedestal blanco.<\/p>\n<p><img decoding=\"async\" src=\"https:\/\/www.europesays.com\/es\/wp-content\/uploads\/2025\/12\/a08c2543-5e11-471b-a9a6-f791c64e2d7a_alta-libre-aspect-ratio_default_0.jpg\" width=\"1200\" height=\"1371\" alt=\"Colocaci\u00f3n del \u00c1ngel Custodio, este lunes.\" class=\"ft-helper-img-rd\" loading=\"lazy\"\/><\/p>\n<p class=\"ft-helper-fontColor-quaternary ft-helper-fontSize-body-S ft-helper-spacer-t-xxs\">Colocaci\u00f3n del \u00c1ngel Custodio, este lunes.  \/ MANOLO NEBOT ROCHERA<\/p>\n<p><img decoding=\"async\" src=\"https:\/\/www.europesays.com\/es\/wp-content\/uploads\/2025\/12\/f2f82d54-0b3e-4c66-9db7-f938057b0710_alta-libre-aspect-ratio_default_0.jpg\" width=\"1200\" height=\"1800\" alt=\"Detalle de la escultura en honor a la Polic\u00eda Nacional.\" class=\"ft-helper-img-rd\" loading=\"lazy\"\/><\/p>\n<p class=\"ft-helper-fontColor-quaternary ft-helper-fontSize-body-S ft-helper-spacer-t-xxs\">Detalle de la escultura en honor a la Polic\u00eda Nacional.  \/ MANOLO NEBOT ROCHERA<\/p>\n<p class=\"ft-text\">Ser\u00e1 el <strong>pr\u00f3ximo viernes <\/strong>cuando el Ayuntamiento de Castell\u00f3, impulsor de la figura, inaugure el conjunto escult\u00f3rico junto a los m\u00e1ximos representantes de la Polic\u00eda Nacional.<\/p>\n<p><img decoding=\"async\" src=\"https:\/\/www.europesays.com\/es\/wp-content\/uploads\/2025\/12\/27265a8a-b928-4818-9d38-c96bdafc892f_alta-libre-aspect-ratio_default_0.jpg\" width=\"1200\" height=\"1239\" alt=\"Otro detalle de la obra en la v\u00eda p\u00fablica de Castell\u00f3.\" class=\"ft-helper-img-rd\" loading=\"lazy\"\/><\/p>\n<p class=\"ft-helper-fontColor-quaternary ft-helper-fontSize-body-S ft-helper-spacer-t-xxs\">Otro detalle de la obra en la v\u00eda p\u00fablica de Castell\u00f3.  \/ MANOLO NEBOT ROCHERA<\/p>\n<p data-close=\"closedContent\" class=\"subscribeHideForDisplay\">Suscr\u00edbete para seguir leyendo<\/p>\n","protected":false},"excerpt":{"rendered":"Castell\u00f3 cuenta con dos nuevas esculturas para embellecer la v\u00eda p\u00fablica pero cada una de estas obras tiene&hellip;\n","protected":false},"author":2,"featured_media":266771,"comment_status":"","ping_status":"","sticky":false,"template":"","format":"standard","meta":{"footnotes":""},"categories":[173],"tags":[229,233,231,230,31003,209,232,234,146,147,25,8426,24,448,28450,65960,899,2860,474,586,11739,23,2965],"class_list":{"0":"post-266770","1":"post","2":"type-post","3":"status-publish","4":"format-standard","5":"has-post-thumbnail","7":"category-arte-y-diseno","8":"tag-arte","9":"tag-arte-y-diseno","10":"tag-arts","11":"tag-arts-and-design","12":"tag-castello","13":"tag-cultura","14":"tag-design","15":"tag-diseno","16":"tag-entertainment","17":"tag-entretenimiento","18":"tag-es","19":"tag-esculturas","20":"tag-espana","21":"tag-historia","22":"tag-historias","23":"tag-muralla-liberal","24":"tag-nino","25":"tag-nuevas","26":"tag-obras","27":"tag-policia","28":"tag-policia-nacional","29":"tag-spain","30":"tag-urbanismo"},"share_on_mastodon":{"url":"https:\/\/pubeurope.com\/@es\/115648628706916046","error":""},"_links":{"self":[{"href":"https:\/\/www.europesays.com\/es\/wp-json\/wp\/v2\/posts\/266770","targetHints":{"allow":["GET"]}}],"collection":[{"href":"https:\/\/www.europesays.com\/es\/wp-json\/wp\/v2\/posts"}],"about":[{"href":"https:\/\/www.europesays.com\/es\/wp-json\/wp\/v2\/types\/post"}],"author":[{"embeddable":true,"href":"https:\/\/www.europesays.com\/es\/wp-json\/wp\/v2\/users\/2"}],"replies":[{"embeddable":true,"href":"https:\/\/www.europesays.com\/es\/wp-json\/wp\/v2\/comments?post=266770"}],"version-history":[{"count":0,"href":"https:\/\/www.europesays.com\/es\/wp-json\/wp\/v2\/posts\/266770\/revisions"}],"wp:featuredmedia":[{"embeddable":true,"href":"https:\/\/www.europesays.com\/es\/wp-json\/wp\/v2\/media\/266771"}],"wp:attachment":[{"href":"https:\/\/www.europesays.com\/es\/wp-json\/wp\/v2\/media?parent=266770"}],"wp:term":[{"taxonomy":"category","embeddable":true,"href":"https:\/\/www.europesays.com\/es\/wp-json\/wp\/v2\/categories?post=266770"},{"taxonomy":"post_tag","embeddable":true,"href":"https:\/\/www.europesays.com\/es\/wp-json\/wp\/v2\/tags?post=266770"}],"curies":[{"name":"wp","href":"https:\/\/api.w.org\/{rel}","templated":true}]}}