{"id":266774,"date":"2025-12-02T06:49:11","date_gmt":"2025-12-02T06:49:11","guid":{"rendered":"https:\/\/www.europesays.com\/es\/266774\/"},"modified":"2025-12-02T06:49:11","modified_gmt":"2025-12-02T06:49:11","slug":"10-peliculas-de-estreno-en-salas-que-no-te-puedes-perder-en-diciembre","status":"publish","type":"post","link":"https:\/\/www.europesays.com\/es\/266774\/","title":{"rendered":"10 pel\u00edculas de estreno en salas que no te puedes perder en diciembre"},"content":{"rendered":"<p class=\"ft-text ft-helper-closenews\">Este diciembre viene repleto de estrenos comerciales, la mayor\u00eda destinados a toda la familia e ideales como sesiones navide\u00f1as. Las pr\u00f3ximas semanas se estrenar\u00e1n, entre otras, \u201cAvatar, fuego y ceniza\u201d, la tercera entrega de la famosa saga imaginada por James Cameron, \u201cFive Nights at Freddy\u2019s 2\u201d, secuela de la exitosa adaptaci\u00f3n del videojuego del mismo nombre, y \u201cBob Esponja: Una aventura pirata\u201d, nueva entrega de la franquicia en torno a uno de los personajes animados m\u00e1s queridos. Habr\u00e1, no obstante, tambi\u00e9n espacio para pel\u00edculas m\u00e1s intimistas, como las magn\u00edficas \u201cValor sentimental\u201d, de Joachim Trier, y \u201cFather Mother Sister Brother\u201d, dirigida por Jim Jamusch y Le\u00f3n de Oro a la mejor pel\u00edcula en el festival de Venecia.<\/p>\n<p>1. \u201cFive Nights at Freddy\u2019s 2&#8243; (5 de diciembre)<\/p>\n<p class=\"ft-text\">Estreno de la esperada continuaci\u00f3n de \u201cFive Nights at Freddy\u2019s\u201d (2023), pel\u00edcula de terror, inspirada en un videojuego, que se convirti\u00f3 en un \u00e9xito. Dirigida, como su antecesora, por la cineasta Emma Tammi, cuenta con los actores principales de la primera y ampl\u00eda el universo terror\u00edfico de la pizzer\u00eda donde sucede la acci\u00f3n con nuevos animatr\u00f3nicos. La secuela retoma un a\u00f1o despu\u00e9s los acontecimientos de la anterior entrega y abre la puerta al horror cuando la peque\u00f1a Abby decide reencontrarse con sus viejos y siniestros amigos.<\/p>\n<p>2. \u201cValor sentimental\u201d, de Joachim Trier (5 de diciembre)<\/p>\n<p class=\"ft-text\">La complejidad de los v\u00ednculos familiares y la relaci\u00f3n entre vida y arte son algunos de los temas de este magn\u00edfico drama de Joachim Trier, director de \u201cLa peor persona del mundo\u201d (2021). Gran Premio del Jurado en el festival de Cannes, gira en torno a dos hermanas adultas (Renate Reinsve e Inga Ibsdotter Lilleaas), una de ellas actriz, que se reencuentran con su padre (Stellan Skarsg\u00e5rd) tras una larga separaci\u00f3n. El padre, un director de cine veterano, ofrece a una de sus hijas un papel en su pr\u00f3xima pel\u00edcula.<\/p>\n<p>3. \u201cEternity\u201d, de David Freyne (5 de diciembre)<\/p>\n<p class=\"ft-text\">Carism\u00e1tico tr\u00edo protagonista para este cruce de comedia rom\u00e1ntica y ciencia ficci\u00f3n. Con sello A24 y dirigida por David Freyne, imagina la existencia de un peculiar lugar al que van a parar las almas de las personas que fallecen. All\u00ed aparece Joan (Elizabeth Olsen), la protagonista, y tiene que decidir con qu\u00e9 hombre de su vida, su marido (Miles Teller) o su primer amor (Callum Turner), quiere realmente compartir la eternidad.<\/p>\n<p>4. \u201cRoofman: Un ladr\u00f3n en el tejado\u201d, de Derek Cianfrance (12 de diciembre)<\/p>\n<p class=\"ft-text\">Channing Tatum encarna al protagonista de esta pel\u00edcula inspirada en la ins\u00f3lita historia de un personaje real, Jeffrey Manchester, un veterano de guerra que se convirti\u00f3 en ladr\u00f3n y llev\u00f3 a cabo cosas tan delirantes como el atraco a numerosas sucursales de McDonald\u2019s en Estados Unidos. Dirigida por Derek Cianfrance (\u201cBlue Valentine\u201d, \u201cThe Place Beyond the Pines\u201d), cruza thriller, drama y comedia y cuenta con Kirsten Dunst en la piel de la protagonista femenina.<\/p>\n<p>5. \u201cAro Berria\u201d, de Irati Gorostidi (12 de diciembre)<\/p>\n<p class=\"ft-text\">Estrenado en la secci\u00f3n a concurso Nuevos Directores del festival de San Sebasti\u00e1n, donde recibi\u00f3 una Menci\u00f3n Especial del Jurado, \u201cAro Berria\u201d es el debut en el largometraje de la cineasta Irati Gorostidi (su corto anterior \u201cContadores\u201d se estren\u00f3 en la Semana de la Cr\u00edtica del festival de Cannes). Singular, imprevisible y sorprendente, sigue a un grupo de trabajadores de una f\u00e1brica que se unen a una comunidad aislada en las monta\u00f1as.<\/p>\n<p>6. \u201cKeeper\u201d, de Osgood Perkins (19 de diciembre)<\/p>\n<p class=\"ft-text\">Aunque llega ahora, Osgood Perkins rod\u00f3 esta pel\u00edcula entre \u201cLonglegs\u201d (2024), estrenada en Espa\u00f1a el a\u00f1o pasado, y su filme de este mismo a\u00f1o \u201cThe Monkey\u201d (2025). Se trata de un ejercicio de terror de c\u00e1mara que combina trauma y aislamiento. Para celebrar su aniversario, una pareja se instala unos d\u00edas en una caba\u00f1a aislada. Ante la inesperada marcha de su esposo (Rossif Sutherland), la protagonista (Tatiana Maslany) se queda sola. O eso es, al menos, lo que piensa.<\/p>\n<p>7. \u201cAvatar, fuego y ceniza\u201d, de James Cameron (19 de diciembre)<\/p>\n<p class=\"ft-text\">Tercera entrega de la famosa saga de aventuras, fantas\u00eda y ciencia ficci\u00f3n inaugurada por James Cameron hace ya diecis\u00e9is a\u00f1os con \u201cAvatar\u201d (2009). Probablemente apabullante a nivel t\u00e9cnico y visual, \u201cAvatar, fuego y ceniza\u201d apunta a convertirse en una de las pel\u00edculas de estas navidades. El director de \u201cTitanic\u201d (1997) sigue una nueva aventura de Jake Sully (Sam Worthington), marine convertido en l\u00edder de los Na\u2019vi, los seres que pueblan el planeta Pandora.<\/p>\n<p>8. \u201cFather Mother Sister Brother\u201d, de Jim Jarmusch (24 de diciembre)<\/p>\n<p class=\"ft-text\">Un reparto coral espectacular y cr\u00edticas magn\u00edficas para la nueva pel\u00edcula de Jim Jarmusch (\u201cS\u00f3lo los amantes sobreviven\u201d). Ganadora del Le\u00f3n de Oro a la mejor pel\u00edcula en el festival de Venecia, se trata de una pel\u00edcula dividida en tres cap\u00edtulos en torno a distintos modelos de relaciones familiares. Entre sus actrices y actores, Tom Waits, Adam Driver, Cate Blanchett, Vicky Krieps e Indya Moore.<\/p>\n<p>9. \u201cAnaconda\u201d, de Tom Gormican (25 de diciembre)<\/p>\n<p class=\"ft-text\">Revisi\u00f3n-homenaje, en clave comedia y buddy movie (pel\u00edcula de colegas), de \u201cAnaconda\u201d (1997), la pel\u00edcula popular pel\u00edcula de los 90 dirigida por Luis Llosa. Concebida como un ejercicio de cine dentro del cine, cuenta la historia de un grupo de amigos con crisis de edad que viajan a la selva amaz\u00f3nica para rodar su versi\u00f3n de \u201cAnaconda\u201d, la pel\u00edcula de su juventud. Jack Black y Paul Rudd encarnan a los l\u00edderes de la chiflada expedici\u00f3n.<\/p>\n<p>10. \u201cBob Esponja: Una aventura pirata\u201d, de Derek Drymon (25 de diciembre)<\/p>\n<p class=\"ft-text\">Nueva entrega de la franquicia de pel\u00edculas de animaci\u00f3n inspirada en una de las series de dibujos animados m\u00e1s carism\u00e1ticas y populares de las \u00faltimas d\u00e9cadas, \u201cBob Esponja\u201d, estrenada en el canal de televisi\u00f3n Nickelodeon hace ya m\u00e1s de veinticinco a\u00f1os. Dirigida por Derek Drymon, creador vinculado a la serie, \u201cBob Esponja: Una aventura pirata\u201d lleva al m\u00edtico Bob Esponja y a sus amigos de Fondo de Bikini a enfrentarse con un temido pirata fantasma bautizado como El Holand\u00e9s Errante.<\/p>\n<p data-close=\"closedContent\" class=\"subscribeHideForDisplay\">Suscr\u00edbete para seguir leyendo<\/p>\n","protected":false},"excerpt":{"rendered":"Este diciembre viene repleto de estrenos comerciales, la mayor\u00eda destinados a toda la familia e ideales como sesiones&hellip;\n","protected":false},"author":2,"featured_media":266775,"comment_status":"","ping_status":"","sticky":false,"template":"","format":"standard","meta":{"footnotes":""},"categories":[169],"tags":[5287,177,146,147,25,24,1055,54055,29282,176,175,753,1411,23168,23],"class_list":{"0":"post-266774","1":"post","2":"type-post","3":"status-publish","4":"format-standard","5":"has-post-thumbnail","7":"category-cine","8":"tag-5287","9":"tag-cine","10":"tag-entertainment","11":"tag-entretenimiento","12":"tag-es","13":"tag-espana","14":"tag-estreno","15":"tag-festival-de-cannes","16":"tag-festival-de-venecia","17":"tag-film","18":"tag-movies","19":"tag-peliculas","20":"tag-puedes","21":"tag-salas","22":"tag-spain"},"share_on_mastodon":{"url":"https:\/\/pubeurope.com\/@es\/115648643965481175","error":""},"_links":{"self":[{"href":"https:\/\/www.europesays.com\/es\/wp-json\/wp\/v2\/posts\/266774","targetHints":{"allow":["GET"]}}],"collection":[{"href":"https:\/\/www.europesays.com\/es\/wp-json\/wp\/v2\/posts"}],"about":[{"href":"https:\/\/www.europesays.com\/es\/wp-json\/wp\/v2\/types\/post"}],"author":[{"embeddable":true,"href":"https:\/\/www.europesays.com\/es\/wp-json\/wp\/v2\/users\/2"}],"replies":[{"embeddable":true,"href":"https:\/\/www.europesays.com\/es\/wp-json\/wp\/v2\/comments?post=266774"}],"version-history":[{"count":0,"href":"https:\/\/www.europesays.com\/es\/wp-json\/wp\/v2\/posts\/266774\/revisions"}],"wp:featuredmedia":[{"embeddable":true,"href":"https:\/\/www.europesays.com\/es\/wp-json\/wp\/v2\/media\/266775"}],"wp:attachment":[{"href":"https:\/\/www.europesays.com\/es\/wp-json\/wp\/v2\/media?parent=266774"}],"wp:term":[{"taxonomy":"category","embeddable":true,"href":"https:\/\/www.europesays.com\/es\/wp-json\/wp\/v2\/categories?post=266774"},{"taxonomy":"post_tag","embeddable":true,"href":"https:\/\/www.europesays.com\/es\/wp-json\/wp\/v2\/tags?post=266774"}],"curies":[{"name":"wp","href":"https:\/\/api.w.org\/{rel}","templated":true}]}}