{"id":266778,"date":"2025-12-02T06:52:56","date_gmt":"2025-12-02T06:52:56","guid":{"rendered":"https:\/\/www.europesays.com\/es\/266778\/"},"modified":"2025-12-02T06:52:56","modified_gmt":"2025-12-02T06:52:56","slug":"las-tiaras-de-le-bal-una-velada-como-tal-requiere-un-despliegue-de-joyas-a-la-altura-y-este-ano-no-ha-sido-la-excepcion","status":"publish","type":"post","link":"https:\/\/www.europesays.com\/es\/266778\/","title":{"rendered":"Las tiaras de Le Bal: una velada como tal requiere un despliegue de joyas a la altura (y este a\u00f1o no ha sido la excepci\u00f3n)"},"content":{"rendered":"<p><strong>Reagan Sacks<\/strong>, de 17 a\u00f1os, es hija de <strong>David Sacks<\/strong>, presidente del Consejo de Asesores de Ciencia y Tecnolog\u00eda del presidente de Estados Unidos. Su madre, <strong>Jacqueline Sacks<\/strong>, fund\u00f3 la marca de bienestar Saint Haven y forma parte del consejo de administraci\u00f3n del California Pacific Medical Centre. Su padre, por su parte, fue director de operaciones y jefe de producto de PayPal e inversor providencial en empresas como Facebook, Uber, SpaceX y Airbnb.<\/p>\n<p>La adolescente hizo gala de una madurez superior a la que cabr\u00eda esperar de alguien de su edad en Le Bal, donde acudi\u00f3 acompa\u00f1ada del heredero de la industria farmac\u00e9utica <strong>Jason Schwarz<\/strong>. Reagan ha citado <a href=\"https:\/\/www.tatler.com\/gallery\/grace-kelly-princess-grace-of-monaco-engagement-and-life\" rel=\"nofollow noopener\" target=\"_blank\">a Grace Kelly<\/a> como uno de sus mayores iconos de estilo, y la elegante influencia de la monegasca qued\u00f3 patente en el vestido que eligi\u00f3: un dise\u00f1o rosa p\u00e1lido de Schiaparelli Alta COstura, con una falda arquitect\u00f3nica y guantes largos a juego.<\/p>\n<p>Reagan seleccion\u00f3 dos imponentes piezas pertenecientes a la V Muse collection para acompa\u00f1ar a su look: la tiara Petit Diamond Tiara, elaborada por el maestro joyero austr\u00edaco K\u00f6chert en torno 1901. De dise\u00f1o cl\u00e1sico, con un motivo de follaje en espiral y meticulosamente engastada con brillantes diamantes, la tiara fue un regalo del emperador Francisco Jos\u00e9 a la princesa Mar\u00eda Ana de Parma el d\u00eda de su boda, ocasi\u00f3n en la que la princesa la luci\u00f3 a modo de gargantilla.<\/p>\n<p>A pesar de su delicadeza la pieza causa un gran impacto, potenciado a su vez por el collar demi-parure de diamantes, que tambi\u00e9n luci\u00f3 Reagan para Le Bal. Fabricado en Francia en el siglo XIX, se trata de otra pieza perteneciente a la colecci\u00f3n de la princesa Mar\u00eda Ana.<\/p>\n<p>Eulalia de Orleans-Borb\u00f3n con la tiara Flor de Lis<\/p>\n<p><img decoding=\"async\" alt=\"Eulalia de Orleans ahijada del rey Juan Carlos ha sido una de las debutantes de este a\u00f1o.\" loading=\"lazy\" class=\"ResponsiveImageContainer-eNxvmU cfBbTk responsive-image__image\"   src=\"https:\/\/www.europesays.com\/es\/wp-content\/uploads\/2025\/12\/Le%20Bal%202025%C2%A9Jonathan%20Becker-29.jpg\"\/><\/p>\n<p>Eulalia de Orleans, ahijada del rey Juan Carlos, ha sido una de las debutantes de este a\u00f1o.<\/p>\n<p>Jonathan Becker<\/p>\n<p>Cuando vives en M\u00f3naco, te codeas con los Grimaldi y figuras en las listas de invitados de pr\u00e1cticamente todos los eventos de importancia, pr\u00e1cticamente se da por hecho que recibir\u00e1s una invitaci\u00f3n a Le Bal. Eulalia de Orleans-Borb\u00f3n es hija del empresario <strong>\u00c1lvaro de Orleans-Borb\u00f3n<\/strong> (primo lejano del rey Juan Carlos, el padrino de Eulalia) y desciende de varias casas reales europeas: su bisabuela fue la gran duquesa <strong>Mar\u00eda Aleks\u00e1ndrovna de Rusia<\/strong>, hija del zar, que se cas\u00f3 con el <strong>pr\u00edncipe Alfredo<\/strong>, duque de Sajonia-Coburgo y Gotha, e hijo, a su de la reina <strong>Victoria de Inglaterra<\/strong>.<\/p>\n","protected":false},"excerpt":{"rendered":"Reagan Sacks, de 17 a\u00f1os, es hija de David Sacks, presidente del Consejo de Asesores de Ciencia y&hellip;\n","protected":false},"author":2,"featured_media":266779,"comment_status":"","ping_status":"","sticky":false,"template":"","format":"standard","meta":{"footnotes":""},"categories":[91],"tags":[146,147,25,24,65961,1027,23,56811],"class_list":{"0":"post-266778","1":"post","2":"type-post","3":"status-publish","4":"format-standard","5":"has-post-thumbnail","7":"category-entretenimiento","8":"tag-entertainment","9":"tag-entretenimiento","10":"tag-es","11":"tag-espana","12":"tag-le-bal","13":"tag-realeza","14":"tag-spain","15":"tag-tiara"},"share_on_mastodon":{"url":"https:\/\/pubeurope.com\/@es\/115648660040402950","error":""},"_links":{"self":[{"href":"https:\/\/www.europesays.com\/es\/wp-json\/wp\/v2\/posts\/266778","targetHints":{"allow":["GET"]}}],"collection":[{"href":"https:\/\/www.europesays.com\/es\/wp-json\/wp\/v2\/posts"}],"about":[{"href":"https:\/\/www.europesays.com\/es\/wp-json\/wp\/v2\/types\/post"}],"author":[{"embeddable":true,"href":"https:\/\/www.europesays.com\/es\/wp-json\/wp\/v2\/users\/2"}],"replies":[{"embeddable":true,"href":"https:\/\/www.europesays.com\/es\/wp-json\/wp\/v2\/comments?post=266778"}],"version-history":[{"count":0,"href":"https:\/\/www.europesays.com\/es\/wp-json\/wp\/v2\/posts\/266778\/revisions"}],"wp:featuredmedia":[{"embeddable":true,"href":"https:\/\/www.europesays.com\/es\/wp-json\/wp\/v2\/media\/266779"}],"wp:attachment":[{"href":"https:\/\/www.europesays.com\/es\/wp-json\/wp\/v2\/media?parent=266778"}],"wp:term":[{"taxonomy":"category","embeddable":true,"href":"https:\/\/www.europesays.com\/es\/wp-json\/wp\/v2\/categories?post=266778"},{"taxonomy":"post_tag","embeddable":true,"href":"https:\/\/www.europesays.com\/es\/wp-json\/wp\/v2\/tags?post=266778"}],"curies":[{"name":"wp","href":"https:\/\/api.w.org\/{rel}","templated":true}]}}