{"id":266784,"date":"2025-12-02T06:56:08","date_gmt":"2025-12-02T06:56:08","guid":{"rendered":"https:\/\/www.europesays.com\/es\/266784\/"},"modified":"2025-12-02T06:56:08","modified_gmt":"2025-12-02T06:56:08","slug":"noem-pide-a-trump-frenar-la-entrada-de-migrantes-de-ciertos-paises-y-lanza-duros-calificativos-invasores-extranjeros","status":"publish","type":"post","link":"https:\/\/www.europesays.com\/es\/266784\/","title":{"rendered":"Noem pide a Trump frenar la entrada de migrantes de ciertos pa\u00edses y lanza duros calificativos: \u00abInvasores extranjeros\u00bb"},"content":{"rendered":"<p class=\"c-paragraph\">La secretaria de Seguridad Nacional de EEUU, Kristi Noem, ha asegurado este lunes que se reuni\u00f3 con el presidente Donald Trump para recomendarle que proh\u00edba totalmente los viajes a personas procedentes de pa\u00edses que han enviado<b> \u00abinvasores extranjeros\u00bb<\/b> a suelo estadounidense, aunque no precis\u00f3 de qu\u00e9 naciones se trata exactamente.<\/p>\n<p class=\"c-paragraph\">\u00abAcabo de reunirme con el presidente. Recomiendo la prohibici\u00f3n total de viajes a todos los pa\u00edses que han estado <b>inundando nuestra naci\u00f3n de asesinos, sanguijuelas y adictos a las prestaciones sociales<\/b>\u00ab, ha escrito Noem en un mensaje en la red social X.<\/p>\n<p class=\"c-paragraph\">\u00ab<b>Nuestros antepasados construyeron esta naci\u00f3n<\/b> con sangre, sudor y un amor inquebrantable por la libertad, no para que invasores extranjeros masacren a nuestros h\u00e9roes, agoten nuestros impuestos ganados con tanto esfuerzo o nos arrebaten los beneficios que les debemos a los estadounidenses. No los queremos. A ni uno de ellos\u00bb, se lee al final del mensaje de la secretaria de Seguridad Nacional.<\/p>\n<p class=\"c-paragraph\">La publicaci\u00f3n de Noem llega despu\u00e9s de que un <a href=\"https:\/\/www.20minutos.es\/internacional\/trump-anuncia-muerte-uno-los-dos-agentes-guardia-nacional-atacados-washington_6903814_0.html\" title=\"Trump anuncia la muerte de uno de los dos agentes de la Guardia Nacional atacados en Washington\" rel=\"nofollow noopener\" target=\"_blank\">inmigrante afgano disparara la semana pasada en Washington a dos miembros de la Guardia Nacional<\/a>, uno de los cuales falleci\u00f3.<\/p>\n<p class=\"c-paragraph\">A ra\u00edz del ataque, el propio<a href=\"https:\/\/www.20minutos.es\/internacional\/suspension-las-decisiones-asilo-eeuu-durara-mucho-tiempo-advierte-trump_6904673_0.html\" title=\"La suspensi\u00f3n de las decisiones de asilo en EEUU durar\u00e1 &quot;mucho tiempo&quot;, advierte Trump\" rel=\"nofollow noopener\" target=\"_blank\"> Trump anunci\u00f3 que las solicitudes de asilo quedan congeladas<\/a> hasta que se endurezcan los est\u00e1ndares para revisar cada petici\u00f3n y que ha <b>paralizado todos los tr\u00e1mites migratorios para ciudadanos afganos<\/b>, incluidos aquellos que hab\u00edan trabajado con las fuerzas estadounidenses.<\/p>\n<p class=\"c-paragraph\">Tambi\u00e9n ha amenazado con bloquear \u00abpermanentemente\u201d la inmigraci\u00f3n desde lo que ha calificado como \u201cpa\u00edses del Tercer Mundo\u201d, aunque sin especificar de cu\u00e1les ser\u00edan estos estados.<\/p>\n<p class=\"c-paragraph\">En junio pasado, el Gobierno Trump aprob\u00f3 una prohibici\u00f3n total de viaje que afecta a ciudadanos de Afganist\u00e1n, Birmania, Chad, Rep\u00fablica del Congo, Guinea Ecuatorial, Eritrea, Hait\u00ed, Ir\u00e1n, Libia, Somalia, Sud\u00e1n y Yemen, adem\u00e1s de una suspensi\u00f3n parcial de visados para personas de Burundi, Cuba, Laos, Sierra Leona, Togo, Turkmenist\u00e1n y Venezuela.<\/p>\n","protected":false},"excerpt":{"rendered":"La secretaria de Seguridad Nacional de EEUU, Kristi Noem, ha asegurado este lunes que se reuni\u00f3 con el&hellip;\n","protected":false},"author":2,"featured_media":266785,"comment_status":"","ping_status":"","sticky":false,"template":"","format":"standard","meta":{"footnotes":""},"categories":[42],"tags":[517,17,18,13,14,11,61,62,63,64,19,20,9,10,15,16,12,21,22,65,66,67],"class_list":{"0":"post-266784","1":"post","2":"type-post","3":"status-publish","4":"format-standard","5":"has-post-thumbnail","7":"category-internacional","8":"tag-actualidad","9":"tag-breaking-news","10":"tag-breakingnews","11":"tag-featured-news","12":"tag-featurednews","13":"tag-headlines","14":"tag-internacional","15":"tag-international","16":"tag-international-news","17":"tag-internationalnews","18":"tag-latest-news","19":"tag-latestnews","20":"tag-news","21":"tag-noticias","22":"tag-noticias-destacadas","23":"tag-noticiasdestacadas","24":"tag-titulares","25":"tag-ultimas-noticias","26":"tag-ultimasnoticias","27":"tag-world","28":"tag-world-news","29":"tag-worldnews"},"share_on_mastodon":{"url":"https:\/\/pubeurope.com\/@es\/115648671584616842","error":""},"_links":{"self":[{"href":"https:\/\/www.europesays.com\/es\/wp-json\/wp\/v2\/posts\/266784","targetHints":{"allow":["GET"]}}],"collection":[{"href":"https:\/\/www.europesays.com\/es\/wp-json\/wp\/v2\/posts"}],"about":[{"href":"https:\/\/www.europesays.com\/es\/wp-json\/wp\/v2\/types\/post"}],"author":[{"embeddable":true,"href":"https:\/\/www.europesays.com\/es\/wp-json\/wp\/v2\/users\/2"}],"replies":[{"embeddable":true,"href":"https:\/\/www.europesays.com\/es\/wp-json\/wp\/v2\/comments?post=266784"}],"version-history":[{"count":0,"href":"https:\/\/www.europesays.com\/es\/wp-json\/wp\/v2\/posts\/266784\/revisions"}],"wp:featuredmedia":[{"embeddable":true,"href":"https:\/\/www.europesays.com\/es\/wp-json\/wp\/v2\/media\/266785"}],"wp:attachment":[{"href":"https:\/\/www.europesays.com\/es\/wp-json\/wp\/v2\/media?parent=266784"}],"wp:term":[{"taxonomy":"category","embeddable":true,"href":"https:\/\/www.europesays.com\/es\/wp-json\/wp\/v2\/categories?post=266784"},{"taxonomy":"post_tag","embeddable":true,"href":"https:\/\/www.europesays.com\/es\/wp-json\/wp\/v2\/tags?post=266784"}],"curies":[{"name":"wp","href":"https:\/\/api.w.org\/{rel}","templated":true}]}}