{"id":266786,"date":"2025-12-02T06:57:08","date_gmt":"2025-12-02T06:57:08","guid":{"rendered":"https:\/\/www.europesays.com\/es\/266786\/"},"modified":"2025-12-02T06:57:08","modified_gmt":"2025-12-02T06:57:08","slug":"temor-a-que-sanchez-haga-como-trump-y-obedezca-por-ultima-vez-a-marruecos","status":"publish","type":"post","link":"https:\/\/www.europesays.com\/es\/266786\/","title":{"rendered":"Temor a que S\u00e1nchez haga como Trump y obedezca por \u00faltima vez a Marruecos"},"content":{"rendered":"<p style=\"\">Marruecos y Espa\u00f1a celebrar\u00e1n esta semana en Madrid una Reuni\u00f3n de Alto Nivel (RAN), que el Ministerio de Asuntos Exteriores anunci\u00f3 el jueves pasado, una hora despu\u00e9s de conocerse la entrada en prisi\u00f3n de Jos\u00e9 Luis \u00c1balos y Koldo Garc\u00eda por<strong> acusaciones de corrupci\u00f3n<\/strong> &#8230;  en el seno del PSOE. Resulta llamativo que esta reuni\u00f3n, donde el Gobierno podr\u00eda presumir de buenas relaciones con Marruecos, se esconda y que desde el ministerio que dirige <a href=\"https:\/\/www.abc.es\/espana\/albares-robles-siguen-fecha-explicar-gastos-reservados-20251112040458-nt.html\" target=\"_self\" data-voc-vtm-id=\"in-text-traffic\" title=\"Jos\u00e9 Manuel Albares\" rel=\"nofollow noopener\">Jos\u00e9 Manuel Albares<\/a> se contara en un comunicado de cinco l\u00edneas.<\/p>\n<p class=\"voc-p\" style=\"\">La \u00faltima RAN se celebr\u00f3 en febrero de 2023 en Rabat y escenific\u00f3 el final de la crisis diplom\u00e1tica provocada por el Gobierno de S\u00e1nchez tras acoger en Espa\u00f1a en abril de 2021 al l\u00edder del Frente Polisario, Brahim Gali. Durante aquel viaje a Rabat, a S\u00e1nchez no le recibi\u00f3 Mohamed VI al no encontrarse en Marruecos esos d\u00edas. <\/p>\n<p class=\"voc-p\" style=\"\">Esta RAN llega semanas despu\u00e9s de que la ONU aceptara la propuesta de Rabat sobre la<strong> soberan\u00eda marroqu\u00ed del Sahara Occidental.<\/strong> Esta declaraci\u00f3n, sin embargo, no implica que el Sahara sea de Marruecos. Espa\u00f1a, que hist\u00f3ricamente se hab\u00eda posicionado con los saharauis, dio un giro en su postura cuando S\u00e1nchez envi\u00f3 a Mohamed VI una carta apoyando su propuesta al decir que era la m\u00e1s realista para terminar con un conflicto que ya dura cinco d\u00e9cadas. Este cambio lo hizo S\u00e1nchez sin consultar al Congreso de los Diputados. Cumpli\u00f3 con la primera exigencia de Marruecos para empezar a negociar el final de un <strong>distanciamiento diplom\u00e1tico<\/strong> que a Espa\u00f1a le cost\u00f3 una crisis migratoria sin precedentes y la suspensi\u00f3n de intercambios comerciales. <\/p>\n<p class=\"voc-p\" style=\"\">Fuentes consultadas por ABC advierten del \u00abpeligro\u00bb de esta RAN, \u00abque se ha anunciado sin ninguna previsi\u00f3n\u00bb, cuando \u00abse organizan con seis meses de antelaci\u00f3n\u00bb. Creen que solo servir\u00e1 para acometer \u00abuna nueva lista de la compra\u00bb por parte de Marruecos. \u00abLo m\u00e1s previsible es que pidan a S\u00e1nchez un paso<a href=\"https:\/\/www.abc.es\/internacional\/polisario-equivoco-enemigo-era-marruecos-espana-20251105184610-nt.html\" target=\"_self\" data-voc-vtm-id=\"in-text-traffic\" title=\" m\u00e1s respecto al Sahara\" rel=\"nofollow noopener\"> m\u00e1s respecto al Sahara<\/a> y que diga que la propuesta marroqu\u00ed es la \u00fanica posible\u00bb, explican las mismas fuentes, que interpretan que esta RAN ha sido \u00abuna exigencia de un Marruecos envalentonado\u00bb por la resoluci\u00f3n de la ONU y el haber ganado la batalla del etiquetado en la UE esta semana. Esto \u00faltimo es el visto bueno del Parlamento Europeo a que las frutas y hortalizas del Sahara Occidental sean comercializadas en Europa sin especificar su origen, \u00abuna victoria\u00bb de Rabat despu\u00e9s de un <strong>acuerdo expr\u00e9s \u00abfirmado cuatro d\u00edas antes\u00bb<\/strong> de que terminase el plazo de doce meses que impuso el Tribunal de Justicia de la UE (TJUE) a una sentencia sobreun acuerdo comercial entre la UE y Marruecos, donde se afirmaba que el pueblo saharaui estaba de acuerdo en que no apareciera la denominaci\u00f3n de origen de esos productos. La aprobaci\u00f3n lleg\u00f3 despu\u00e9s de que la Euroc\u00e1mara desestimara por un voto la objeci\u00f3n presentada por el PP Europeo. <\/p>\n<p class=\"voc-p\" style=\"\">Antes,<strong> Rabat se hab\u00eda llevado dos varapalos<\/strong> \u2013el acuerdo pesquero y el agr\u00edcola\u2013 que han quedado sin efecto tras dos sentencias del TJUE, cuyos procesos fueron apoyados por el PP, al entender que los pescadores y agricultores quedaban desprotegidos. \u00abMarruecos es consciente de que el Gobierno puede cambiar pronto e <strong>intentar\u00e1 sacar el mayor r\u00e9dito<\/strong> a esta RAN\u00bb, dice otra fuente, que concluye: \u00abS\u00e1nchez obedecer\u00e1 a Rabat y har\u00e1 como Trump al final de su mandato, cuando public\u00f3 un tuit diciendo que EE.UU. reconoc\u00eda la marroquinidad del Sahara\u00bb.<\/p>\n","protected":false},"excerpt":{"rendered":"Marruecos y Espa\u00f1a celebrar\u00e1n esta semana en Madrid una Reuni\u00f3n de Alto Nivel (RAN), que el Ministerio de&hellip;\n","protected":false},"author":2,"featured_media":266787,"comment_status":"","ping_status":"","sticky":false,"template":"","format":"standard","meta":{"footnotes":""},"categories":[8],"tags":[17,18,25,24,13,14,19357,11,19,20,4485,9,10,15,16,65962,199,23,23609,12,936,1885,21,22,1079],"class_list":{"0":"post-266786","1":"post","2":"type-post","3":"status-publish","4":"format-standard","5":"has-post-thumbnail","7":"category-espana","8":"tag-breaking-news","9":"tag-breakingnews","10":"tag-es","11":"tag-espana","12":"tag-featured-news","13":"tag-featurednews","14":"tag-haga","15":"tag-headlines","16":"tag-latest-news","17":"tag-latestnews","18":"tag-marruecos","19":"tag-news","20":"tag-noticias","21":"tag-noticias-destacadas","22":"tag-noticiasdestacadas","23":"tag-obedezca","24":"tag-sanchez","25":"tag-spain","26":"tag-temor","27":"tag-titulares","28":"tag-trump","29":"tag-ultima","30":"tag-ultimas-noticias","31":"tag-ultimasnoticias","32":"tag-vez"},"share_on_mastodon":{"url":"https:\/\/pubeurope.com\/@es\/115648675676551775","error":""},"_links":{"self":[{"href":"https:\/\/www.europesays.com\/es\/wp-json\/wp\/v2\/posts\/266786","targetHints":{"allow":["GET"]}}],"collection":[{"href":"https:\/\/www.europesays.com\/es\/wp-json\/wp\/v2\/posts"}],"about":[{"href":"https:\/\/www.europesays.com\/es\/wp-json\/wp\/v2\/types\/post"}],"author":[{"embeddable":true,"href":"https:\/\/www.europesays.com\/es\/wp-json\/wp\/v2\/users\/2"}],"replies":[{"embeddable":true,"href":"https:\/\/www.europesays.com\/es\/wp-json\/wp\/v2\/comments?post=266786"}],"version-history":[{"count":0,"href":"https:\/\/www.europesays.com\/es\/wp-json\/wp\/v2\/posts\/266786\/revisions"}],"wp:featuredmedia":[{"embeddable":true,"href":"https:\/\/www.europesays.com\/es\/wp-json\/wp\/v2\/media\/266787"}],"wp:attachment":[{"href":"https:\/\/www.europesays.com\/es\/wp-json\/wp\/v2\/media?parent=266786"}],"wp:term":[{"taxonomy":"category","embeddable":true,"href":"https:\/\/www.europesays.com\/es\/wp-json\/wp\/v2\/categories?post=266786"},{"taxonomy":"post_tag","embeddable":true,"href":"https:\/\/www.europesays.com\/es\/wp-json\/wp\/v2\/tags?post=266786"}],"curies":[{"name":"wp","href":"https:\/\/api.w.org\/{rel}","templated":true}]}}