{"id":266788,"date":"2025-12-02T06:58:17","date_gmt":"2025-12-02T06:58:17","guid":{"rendered":"https:\/\/www.europesays.com\/es\/266788\/"},"modified":"2025-12-02T06:58:17","modified_gmt":"2025-12-02T06:58:17","slug":"margenes-empresariales-historicos-margenes-para-subir-salarios","status":"publish","type":"post","link":"https:\/\/www.europesays.com\/es\/266788\/","title":{"rendered":"M\u00e1rgenes empresariales hist\u00f3ricos, m\u00e1rgenes para subir salarios"},"content":{"rendered":"<p>Los m\u00e1rgenes empresariales registran m\u00e1ximos hist\u00f3ricos, mientras los salarios pierden peso en el reparto de ganancias<\/p>\n<p>Los m\u00e1rgenes empresariales han registrado datos hist\u00f3ricos en el tercer trimestre de 2025 y se\u00f1alan que la subida de salarios es m\u00e1s que posible. De hecho, opinamos desde USO, es obligatoria y de justicia social.<\/p>\n<p>En este per\u00edodo, el valor a\u00f1adido bruto obtenido por las empresas ascendi\u00f3 al 25,4 %, la cifra m\u00e1s alta desde 2009. Es el segundo trimestre consecutivo que la ganancia supera el 25 %. El margen bruto sobre ventas tambi\u00e9n marca r\u00e9cord, al situarse en 13,9 %. El r\u00e9cord anterior se marc\u00f3 hace justo dos a\u00f1os. Son <a href=\"https:\/\/www.observatoriomargenes.es\/wme\/es\/#\" target=\"_blank\" rel=\"noopener nofollow\">cifras que pueden consultarse en el Observatorio de M\u00e1rgenes Empresariales<\/a>, con datos de la Agencia Tributaria.<\/p>\n<p>En todo caso, y salvo algunos trimestres ligeramente por debajo de la media, la tendencia en los beneficios empresariales es al alza. Desde la l\u00f3gica ca\u00edda repentina en el segundo trimestre de 2020, hubo un a\u00f1o y medio de recuperaci\u00f3n de niveles anteriores y, al comenzar 2022, la media no ha hecho sino crecer desde el 11 % de partida.<\/p>\n<p>Salarios vs m\u00e1rgenes empresariales<\/p>\n<p>\u00bfCrecen igual los salarios que los m\u00e1rgenes empresariales? No. Es m\u00e1s, la desigualdad va en un aumento.<\/p>\n<p>Si bien el peso de los salarios y de los beneficios hab\u00edan sido bastante parejos en los \u00faltimos a\u00f1os, con un poco m\u00e1s de peso de los salarios, el fin de 2021 supuso un cambio de tendencia que va a m\u00e1s.<\/p>\n<p>En ese trimestre, por primera vez el peso de ambos sobre el valor a\u00f1adido bruto fue el mismo. Desde entonces, se ha invertido la participaci\u00f3n y hoy los m\u00e1rgenes suponen el 52,4 % frente a un 47,6 % de los salarios.<\/p>\n<p>Sube la productividad por trabajador<\/p>\n<p>Uno de los grandes mantras del mundo empresarial es justificar la negativa a la subida salarial en la baja productividad. Este dato, sin embargo, tambi\u00e9n tira por tierra las excusas para subir salarios.<\/p>\n<p>Si tomamos como punto de inflexi\u00f3n el m\u00ednimo abrupto que se registr\u00f3 en todas estas variables en el segundo trimestre de 2020, los salarios son, con mucha diferencia, lo que menos ha crecido. As\u00ed, el margen bruto por trabajador est\u00e1 cerca de duplicarse desde entonces, que apenas pasaba de los 17.000 euros. Al finalizar 2021, el margen super\u00f3 por primera vez los salarios y ahora est\u00e1 en torno a los 30.000 euros.<\/p>\n<p>Es decir, un trabajador deja m\u00e1s beneficio a la empresa con su trabajo que lo que se lleva de salario. En ese trimestre de 2020, el salario medio por trabajador se cifraba en unos 21.000 euros. Hoy se sit\u00faa en torno a los 26.000.<\/p>\n<p>Y la estad\u00edstica m\u00e1s beneficiada es la del valor a\u00f1adido bruto. A mitad de 2020, era ligeramente inferior a 40.000 euros. Ahora, ha cerrado el trimestre sobrepasando los 55.000.<\/p>\n<p>S\u00ed a la subida salarial<\/p>\n<p>\u201cEn los \u00faltimos a\u00f1os, amparados demasiadas veces en el contexto internacional, nos han martilleado los mensajes de la crisis energ\u00e9tica por la invasi\u00f3n de Ucrania, la crisis de materias, la crisis de alimentos b\u00e1sicos\u2026 crisis que, los datos ah\u00ed est\u00e1n, solo han sufrido los salarios. Hay margen de sobra para pensar en una fuerte subida salarial. Porque est\u00e1 claro que los precios los sufren los hogares, no los m\u00e1rgenes de ventas\u201d, expone Joaqu\u00edn P\u00e9rez, secretario general de USO.<\/p>\n<p>Por ello, P\u00e9rez reclama \u201cen primer lugar, una fuerte subida del SMI, en consonancia con la p\u00e9rdida de poder adquisitivo que padecemos <a href=\"https:\/\/www.uso.es\/la-alimentacion-sigue-marcando-el-alza-del-ipc\/\" target=\"_blank\" rel=\"noopener nofollow\">por los precios de los productos b\u00e1sicos<\/a>. Esto, tirar\u00e1 sin lugar a duda del resto de los salarios. Pero, aun as\u00ed, en USO pedimos la renovaci\u00f3n del di\u00e1logo social y la apuesta por un amplio Acuerdo por el Empleo y la Negociaci\u00f3n Colectiva en el que estemos presentes m\u00e1s voces sindicales y patronales, un di\u00e1logo social plural y con mayor compromiso para cumplir con lo firmado. Que las subidas no sean una propuesta, sino una obligaci\u00f3n. Y que se tome como referencia de nuevo el IPC, con una correcci\u00f3n al alza del peso de los productos b\u00e1sicos sobre ese aumento de la inflaci\u00f3n\u201d.<\/p>\n","protected":false},"excerpt":{"rendered":"Los m\u00e1rgenes empresariales registran m\u00e1ximos hist\u00f3ricos, mientras los salarios pierden peso en el reparto de ganancias Los m\u00e1rgenes&hellip;\n","protected":false},"author":2,"featured_media":266789,"comment_status":"","ping_status":"","sticky":false,"template":"","format":"standard","meta":{"footnotes":""},"categories":[5],"tags":[517,65963,17,18,25,24,13,14,11,11529,37626,19,20,9,10,15,16,8282,12396,23,12,21,22],"class_list":{"0":"post-266788","1":"post","2":"type-post","3":"status-publish","4":"format-standard","5":"has-post-thumbnail","7":"category-titulares","8":"tag-actualidad","9":"tag-aenc","10":"tag-breaking-news","11":"tag-breakingnews","12":"tag-es","13":"tag-espana","14":"tag-featured-news","15":"tag-featurednews","16":"tag-headlines","17":"tag-ipc","18":"tag-joaquin-perez","19":"tag-latest-news","20":"tag-latestnews","21":"tag-news","22":"tag-noticias","23":"tag-noticias-destacadas","24":"tag-noticiasdestacadas","25":"tag-salarios","26":"tag-smi","27":"tag-spain","28":"tag-titulares","29":"tag-ultimas-noticias","30":"tag-ultimasnoticias"},"share_on_mastodon":{"url":"https:\/\/pubeurope.com\/@es\/115648679388398996","error":""},"_links":{"self":[{"href":"https:\/\/www.europesays.com\/es\/wp-json\/wp\/v2\/posts\/266788","targetHints":{"allow":["GET"]}}],"collection":[{"href":"https:\/\/www.europesays.com\/es\/wp-json\/wp\/v2\/posts"}],"about":[{"href":"https:\/\/www.europesays.com\/es\/wp-json\/wp\/v2\/types\/post"}],"author":[{"embeddable":true,"href":"https:\/\/www.europesays.com\/es\/wp-json\/wp\/v2\/users\/2"}],"replies":[{"embeddable":true,"href":"https:\/\/www.europesays.com\/es\/wp-json\/wp\/v2\/comments?post=266788"}],"version-history":[{"count":0,"href":"https:\/\/www.europesays.com\/es\/wp-json\/wp\/v2\/posts\/266788\/revisions"}],"wp:featuredmedia":[{"embeddable":true,"href":"https:\/\/www.europesays.com\/es\/wp-json\/wp\/v2\/media\/266789"}],"wp:attachment":[{"href":"https:\/\/www.europesays.com\/es\/wp-json\/wp\/v2\/media?parent=266788"}],"wp:term":[{"taxonomy":"category","embeddable":true,"href":"https:\/\/www.europesays.com\/es\/wp-json\/wp\/v2\/categories?post=266788"},{"taxonomy":"post_tag","embeddable":true,"href":"https:\/\/www.europesays.com\/es\/wp-json\/wp\/v2\/tags?post=266788"}],"curies":[{"name":"wp","href":"https:\/\/api.w.org\/{rel}","templated":true}]}}