{"id":266790,"date":"2025-12-02T07:03:09","date_gmt":"2025-12-02T07:03:09","guid":{"rendered":"https:\/\/www.europesays.com\/es\/266790\/"},"modified":"2025-12-02T07:03:09","modified_gmt":"2025-12-02T07:03:09","slug":"demandan-al-ayuntamiento-de-deia-por-el-cierre-de-las-pistas-de-tenis","status":"publish","type":"post","link":"https:\/\/www.europesays.com\/es\/266790\/","title":{"rendered":"Demandan al ayuntamiento de Dei\u00e0 por el cierre de las pistas de tenis"},"content":{"rendered":"<p class=\"ft-text ft-helper-closenews\">El club de tenis Dei\u00e0 ha presentado <strong>una demanda contra el ayuntamiento y contra el alcalde del municipio<\/strong>, Joan Ripoll, porque se considera que el decreto municipal dictado a principio del mes pasado, en el que <a class=\"ft-link ft-link--decoration\" href=\"https:\/\/www.diariodemallorca.es\/part-forana\/2025\/11\/19\/club-tenis-deia-acusa-ayuntamiento-123860719.html\" target=\"_blank\" rel=\"nofollow noopener\"><strong>ordenaba la clausura de las instalaciones<\/strong><\/a><strong>, es ilegal. <\/strong><\/p>\n<p class=\"ft-text\">La demanda fue presentada el pasado viernes ante los juzgados administrativos de Palma, a trav\u00e9s del <strong>abogado Juan Alemany,<\/strong> que adem\u00e1s ha solicitado u<strong>na medida cautelar para levantar la orden de cierre<\/strong> de la instalaci\u00f3n. El letrado denuncia que el Consistorio ha decretado esta medida sin disponer de un informe t\u00e9cnico, que detalle la situaci\u00f3n de la instalaci\u00f3n deportiva y, sobre todo, no existe una sola prueba que apunte hacia un posible peligro de derrumbe.<\/p>\n<p class=\"ft-text\">El pasado d\u00eda 6 de noviembre el ayuntamiento de Dei\u00e0 anunciaba la decisi\u00f3n, que supone que los residentes y<strong>a no podr\u00e1n jugar al tenis en esta instalaci\u00f3n, que es de propiedad municipal<\/strong>. El alcalde acus\u00f3, a trav\u00e9s de este peri\u00f3dico, a los actuales directivos <strong>del club de<\/strong><a class=\"ft-link ft-link--decoration\" href=\"https:\/\/www.diariodemallorca.es\/part-forana\/2025\/11\/20\/alcalde-deia-acusa-club-tenis-123905979.html\" target=\"_blank\" rel=\"nofollow noopener\"><strong> \u201chacer negocio\u201d con esta instalaci\u00f3n p\u00fablica<\/strong><\/a><strong>, acusaci\u00f3n que niegan. <\/strong><\/p>\n<p class=\"ft-text\">Se da la circunstancia que el actual primer edil del municipio <strong>fue presidente del club durante diez a\u00f1os. <\/strong>Los actuales directivos sospechan que la orden de cierre es la respuesta a las acusaciones contra \u00e9l de mala <strong>gesti\u00f3n y falta absoluta de transparencia.<\/strong><\/p>\n<p class=\"ft-text\">Joan Ripoll justific\u00f3 esta decisi\u00f3n, considerando que exist\u00eda <strong>una sospecha de peligro sobre las personas,<\/strong> por lo que adem\u00e1s de ordenar la clausura inmediata, tambi\u00e9n anunci\u00f3 que la instalaci\u00f3n iba a ser sometida a una inspecci\u00f3n, por parte de los t\u00e9cnicos, para evaluar la seguridad de las pistas.<\/p>\n<p class=\"ft-text\">Fuentes del club aseguran que la orden del alcalde<strong> supone que muchos vecinos no podr\u00e1n practicar el deporte del tenis en la instalaci\u00f3n municipal<\/strong> y tendr\u00e1n que buscar otras pistas lejos del municipio. Tambi\u00e9n aseguran que el alcalde pretende ahora cambiar el reglamento de la instalaci\u00f3n, cuando fue \u00e9l, en su etapa de presidente, el que lo aprob\u00f3, por lo que entienden que es un contrasentido.<\/p>\n<p class=\"ft-text\">Adem\u00e1s de la demanda judicial, los vecinos han iniciado una campa\u00f1a de recogida de firmas para exigir al alcalde que rectifique su decisi\u00f3n y permita de nuevo practicar el deporte del tenis en esta instalaci\u00f3n municipal.<\/p>\n<p data-close=\"closedContent\" class=\"subscribeHideForDisplay\">Suscr\u00edbete para seguir leyendo<\/p>\n","protected":false},"excerpt":{"rendered":"El club de tenis Dei\u00e0 ha presentado una demanda contra el ayuntamiento y contra el alcalde del municipio,&hellip;\n","protected":false},"author":2,"featured_media":244081,"comment_status":"","ping_status":"","sticky":false,"template":"","format":"standard","meta":{"footnotes":""},"categories":[274],"tags":[1250,1565,62562,65964,168,1564,25,24,15316,37105,23,167,327,326,3096],"class_list":{"0":"post-266790","1":"post","2":"type-post","3":"status-publish","4":"format-standard","5":"has-post-thumbnail","7":"category-tenis","8":"tag-ayuntamiento","9":"tag-cierre","10":"tag-deia","11":"tag-demandan","12":"tag-deportes","13":"tag-directivos","14":"tag-es","15":"tag-espana","16":"tag-pistas","17":"tag-ripoll","18":"tag-spain","19":"tag-sports","20":"tag-tenis","21":"tag-tennis","22":"tag-vecinos"},"share_on_mastodon":{"url":"https:\/\/pubeurope.com\/@es\/115648699046300928","error":""},"_links":{"self":[{"href":"https:\/\/www.europesays.com\/es\/wp-json\/wp\/v2\/posts\/266790","targetHints":{"allow":["GET"]}}],"collection":[{"href":"https:\/\/www.europesays.com\/es\/wp-json\/wp\/v2\/posts"}],"about":[{"href":"https:\/\/www.europesays.com\/es\/wp-json\/wp\/v2\/types\/post"}],"author":[{"embeddable":true,"href":"https:\/\/www.europesays.com\/es\/wp-json\/wp\/v2\/users\/2"}],"replies":[{"embeddable":true,"href":"https:\/\/www.europesays.com\/es\/wp-json\/wp\/v2\/comments?post=266790"}],"version-history":[{"count":0,"href":"https:\/\/www.europesays.com\/es\/wp-json\/wp\/v2\/posts\/266790\/revisions"}],"wp:featuredmedia":[{"embeddable":true,"href":"https:\/\/www.europesays.com\/es\/wp-json\/wp\/v2\/media\/244081"}],"wp:attachment":[{"href":"https:\/\/www.europesays.com\/es\/wp-json\/wp\/v2\/media?parent=266790"}],"wp:term":[{"taxonomy":"category","embeddable":true,"href":"https:\/\/www.europesays.com\/es\/wp-json\/wp\/v2\/categories?post=266790"},{"taxonomy":"post_tag","embeddable":true,"href":"https:\/\/www.europesays.com\/es\/wp-json\/wp\/v2\/tags?post=266790"}],"curies":[{"name":"wp","href":"https:\/\/api.w.org\/{rel}","templated":true}]}}