{"id":266791,"date":"2025-12-02T07:04:13","date_gmt":"2025-12-02T07:04:13","guid":{"rendered":"https:\/\/www.europesays.com\/es\/266791\/"},"modified":"2025-12-02T07:04:13","modified_gmt":"2025-12-02T07:04:13","slug":"el-ciclista-menorquin-roberto-ledesma-nuevo-campeon-de-balears","status":"publish","type":"post","link":"https:\/\/www.europesays.com\/es\/266791\/","title":{"rendered":"El ciclista menorqu\u00edn Roberto Ledesma, nuevo campe\u00f3n de Balears"},"content":{"rendered":"<p>Ya lo comentamos con el protagonista en este diario la semana pasada. El joven ciclista de Ciutadella y perteneciente al GE Es Port, <strong>Roberto Ledesma, se encuentra en un momento f\u00edsico y de piernas intratable<\/strong> y este pasado fin de semana lo ha vuelto a demostrar, en esta ocasi\u00f3n, proclam\u00e1ndose<strong> nuevo campe\u00f3n de Balears 2025<\/strong> absoluto de ciclocross, en una nueva demostraci\u00f3n de poder\u00edo.<\/p>\n<p>Fue en el transcurso del III CX Moscari 25, prueba que en esta edici\u00f3n ten\u00eda el honor de decidir a los campeones baleares. Y Ledesma venc\u00eda en la prueba \u00c9lite en un podio muy ciutadellenc ya que<strong> su paisano Jaume Bosch, del equipo Massi, se proclamaba subcampe\u00f3n auton\u00f3mico<\/strong>, superando a Jaume Dur\u00e1n y cerca de Ledesma, en una bonita carrera y con acento menorqu\u00edn.<\/p>\n<p>La jornada en la localidad mallorquina se desarroll\u00f3 en unas condiciones meteorol\u00f3gicas inmejorables, con cielo despejado, ambiente soleado y temperatura templada.<\/p>\n","protected":false},"excerpt":{"rendered":"Ya lo comentamos con el protagonista en este diario la semana pasada. El joven ciclista de Ciutadella y&hellip;\n","protected":false},"author":2,"featured_media":266792,"comment_status":"","ping_status":"","sticky":false,"template":"","format":"standard","meta":{"footnotes":""},"categories":[273],"tags":[313,312,168,25,24,23,167],"class_list":{"0":"post-266791","1":"post","2":"type-post","3":"status-publish","4":"format-standard","5":"has-post-thumbnail","7":"category-ciclismo","8":"tag-ciclismo","9":"tag-cycling","10":"tag-deportes","11":"tag-es","12":"tag-espana","13":"tag-spain","14":"tag-sports"},"share_on_mastodon":{"url":"https:\/\/pubeurope.com\/@es\/115648702911007300","error":""},"_links":{"self":[{"href":"https:\/\/www.europesays.com\/es\/wp-json\/wp\/v2\/posts\/266791","targetHints":{"allow":["GET"]}}],"collection":[{"href":"https:\/\/www.europesays.com\/es\/wp-json\/wp\/v2\/posts"}],"about":[{"href":"https:\/\/www.europesays.com\/es\/wp-json\/wp\/v2\/types\/post"}],"author":[{"embeddable":true,"href":"https:\/\/www.europesays.com\/es\/wp-json\/wp\/v2\/users\/2"}],"replies":[{"embeddable":true,"href":"https:\/\/www.europesays.com\/es\/wp-json\/wp\/v2\/comments?post=266791"}],"version-history":[{"count":0,"href":"https:\/\/www.europesays.com\/es\/wp-json\/wp\/v2\/posts\/266791\/revisions"}],"wp:featuredmedia":[{"embeddable":true,"href":"https:\/\/www.europesays.com\/es\/wp-json\/wp\/v2\/media\/266792"}],"wp:attachment":[{"href":"https:\/\/www.europesays.com\/es\/wp-json\/wp\/v2\/media?parent=266791"}],"wp:term":[{"taxonomy":"category","embeddable":true,"href":"https:\/\/www.europesays.com\/es\/wp-json\/wp\/v2\/categories?post=266791"},{"taxonomy":"post_tag","embeddable":true,"href":"https:\/\/www.europesays.com\/es\/wp-json\/wp\/v2\/tags?post=266791"}],"curies":[{"name":"wp","href":"https:\/\/api.w.org\/{rel}","templated":true}]}}