{"id":266793,"date":"2025-12-02T07:06:19","date_gmt":"2025-12-02T07:06:19","guid":{"rendered":"https:\/\/www.europesays.com\/es\/266793\/"},"modified":"2025-12-02T07:06:19","modified_gmt":"2025-12-02T07:06:19","slug":"almansa-sede-oficial-de-la-copa-de-la-1a-nacional-masculina-de-castilla-la-mancha-y-de-la-copa-igualdad-globalcaja-femenina-2026-federacion-de-baloncesto-de-castilla-la-mancha","status":"publish","type":"post","link":"https:\/\/www.europesays.com\/es\/266793\/","title":{"rendered":"Almansa Sede Oficial de la Copa de la 1\u00aa Nacional Masculina de Castilla-La Mancha y de la Copa Igualdad Globalcaja Femenina 2026 \u2013 Federaci\u00f3n de Baloncesto de Castilla La Mancha"},"content":{"rendered":"<p style=\"text-align: justify;\">Transcurrido el plazo de presentaci\u00f3n de candidaturas para la organizaci\u00f3n de la Copas de la 1\u00aa Nacional Masculina de Castilla-La Mancha (31 de enero y 1 de febrero) y de la Copa Igualdad Globalcaja (7 y 8 de Febrero). la Pista del Pabell\u00f3n Municipal de Almansa acoger\u00e1 ambas competiciones en las fechas mencionadas. A su vez el Rado Pakolo Almansa ser\u00e1 el encargado de Co-Organizar ambos torneos.<\/p>\n","protected":false},"excerpt":{"rendered":"Transcurrido el plazo de presentaci\u00f3n de candidaturas para la organizaci\u00f3n de la Copas de la 1\u00aa Nacional Masculina&hellip;\n","protected":false},"author":2,"featured_media":266794,"comment_status":"","ping_status":"","sticky":false,"template":"","format":"standard","meta":{"footnotes":""},"categories":[269],"tags":[299,298,168,25,24,23,167],"class_list":{"0":"post-266793","1":"post","2":"type-post","3":"status-publish","4":"format-standard","5":"has-post-thumbnail","7":"category-baloncesto","8":"tag-baloncesto","9":"tag-basketball","10":"tag-deportes","11":"tag-es","12":"tag-espana","13":"tag-spain","14":"tag-sports"},"share_on_mastodon":{"url":"https:\/\/pubeurope.com\/@es\/115648711052232280","error":""},"_links":{"self":[{"href":"https:\/\/www.europesays.com\/es\/wp-json\/wp\/v2\/posts\/266793","targetHints":{"allow":["GET"]}}],"collection":[{"href":"https:\/\/www.europesays.com\/es\/wp-json\/wp\/v2\/posts"}],"about":[{"href":"https:\/\/www.europesays.com\/es\/wp-json\/wp\/v2\/types\/post"}],"author":[{"embeddable":true,"href":"https:\/\/www.europesays.com\/es\/wp-json\/wp\/v2\/users\/2"}],"replies":[{"embeddable":true,"href":"https:\/\/www.europesays.com\/es\/wp-json\/wp\/v2\/comments?post=266793"}],"version-history":[{"count":0,"href":"https:\/\/www.europesays.com\/es\/wp-json\/wp\/v2\/posts\/266793\/revisions"}],"wp:featuredmedia":[{"embeddable":true,"href":"https:\/\/www.europesays.com\/es\/wp-json\/wp\/v2\/media\/266794"}],"wp:attachment":[{"href":"https:\/\/www.europesays.com\/es\/wp-json\/wp\/v2\/media?parent=266793"}],"wp:term":[{"taxonomy":"category","embeddable":true,"href":"https:\/\/www.europesays.com\/es\/wp-json\/wp\/v2\/categories?post=266793"},{"taxonomy":"post_tag","embeddable":true,"href":"https:\/\/www.europesays.com\/es\/wp-json\/wp\/v2\/tags?post=266793"}],"curies":[{"name":"wp","href":"https:\/\/api.w.org\/{rel}","templated":true}]}}