{"id":266795,"date":"2025-12-02T07:07:15","date_gmt":"2025-12-02T07:07:15","guid":{"rendered":"https:\/\/www.europesays.com\/es\/266795\/"},"modified":"2025-12-02T07:07:15","modified_gmt":"2025-12-02T07:07:15","slug":"vlahovic-al-quirofano-as-com","status":"publish","type":"post","link":"https:\/\/www.europesays.com\/es\/266795\/","title":{"rendered":"Vlahovic, al quir\u00f3fano &#8211; AS.com"},"content":{"rendered":"<p class=\"\">Los peores presagios se hicieron realidad. <b>Dusan Vlahovic <\/b>abandon\u00f3 el campo durante el <b>Juventus-Cagliari <\/b>tras intentar un disparo a porter\u00eda y tocarse la pierna izquierda. El propio delantero tuvo inmediatamente la sensaci\u00f3n de que algo muy grave estaba ocurriendo. Y hoy se someti\u00f3 a pruebas m\u00e9dicas en <b>J-Medical, que revelaron una lesi\u00f3n de alto grado<\/b> en la uni\u00f3n musculotendinosa del aductor largo izquierdo, seg\u00fan explic\u00f3 el club en un comunicado. Los bianconeri anunciaron que ser\u00e1n necesarias nuevas consultas para determinar el tratamiento adecuado,<b> pero no se puede descartar una intervenci\u00f3n quir\u00fargica.<\/b><\/p>\n<p class=\"\">Pase lo que pase, ser\u00e1 un largo periodo alejado de los terrenos de juego para un jugador que estaba redescubriendo su protagonismo y probablemente resolviendo los desacuerdos con el club sobre su futuro contrato. De hecho, seg\u00fan las estimaciones iniciales,<b> ser\u00e1 dif\u00edcil ver a Vlahovic de vuelta antes de marzo de 2026,<\/b> por lo que la Juventus tendr\u00e1 que depender durante los pr\u00f3ximos tres meses aproximadamente de <b>David y Openda<\/b>, las dos principales alternativas de la plantilla, quienes hasta ahora no han rendido como se esperaba. <\/p>\n<p>Noticias relacionadas<a href=\"https:\/\/as.com\/futbol\/internacional\/luis-enrique-indignado-f202512-n\/\" class=\"s_m_w\" title=\"El entrenador asturiano sali\u00f3 muy disgustado del campo del M\u00f3naco tras la derrota del PSG. \u201cEs el peor partido de la temporada\u201d, declar\u00f3 en los medios.\" data-tb-link=\"\" rel=\"nofollow noopener\" target=\"_blank\"><img decoding=\"async\" src=\"https:\/\/www.europesays.com\/es\/wp-content\/uploads\/2025\/12\/RKPRWLZAUZJNLNL4X62XJZQLWU.jpg\" alt=\"Luis Enrique explota\" class=\"\" height=\"9\" width=\"16\"   loading=\"lazy\" data-tb-thumbnail=\"\"\/><\/a><a href=\"https:\/\/as.com\/futbol\/internacional\/golpe-en-la-mesa-del-napoles-f202511-n\/\" class=\"s_m_w\" title=\"Un gol de David Neres ilumin\u00f3 la noche fr\u00eda del N\u00e1poles contra la Roma de Gasperini: los \u2018Azzurri\u2019 vuelven a volar en la tabla al lado del Milan.\" data-tb-link=\"\" rel=\"nofollow noopener\" target=\"_blank\"><img decoding=\"async\" src=\"https:\/\/www.europesays.com\/es\/wp-content\/uploads\/2025\/12\/1764659235_904_YM3NT4WGKBPFDGCAPAT6FFTIRU.jpg\" alt=\"Golpe en la mesa del N\u00e1poles \" class=\"\" height=\"9\" width=\"16\"   loading=\"lazy\" data-tb-thumbnail=\"\"\/><\/a><\/p>\n<p class=\"\">Antes del partido de octavos de final de la<b> Copa Italia contra el Udinese, el entrenador Luciano Spalletti<\/b> tambi\u00e9n analiz\u00f3 la situaci\u00f3n de Vlahovic en rueda de prensa: \u201c<b>Creo que estar\u00e1 de baja dos o tres meses.<\/b> En general, el f\u00fatbol es un bal\u00f3n que circula constantemente y genera oportunidades. Ahora se trata de aprovecharlas y saber identificarlas, as\u00ed que todo es posible, pero prefer\u00ed tenerlo disponible porque era una pieza clave del equipo\u201d.<\/p>\n<p class=\"\"><b>\u00a1Tus opiniones importan!<\/b> Comenta en los art\u00edculos y suscr\u00edbete gratis a nuestra <a href=\"https:\/\/asfan.as.com\/newsletters\/\" target=\"_blank\" rel=\"nofollow noopener\" title=\"https:\/\/asfan.as.com\/newsletters\/\">newsletter<\/a> y a las alertas informativas en la <a href=\"https:\/\/as.com\/aplicacion-de-as-n\/\" target=\"_blank\" rel=\"nofollow noopener\" title=\"https:\/\/as.com\/aplicacion-de-as-n\/\">App<\/a> o el canal de <a href=\"https:\/\/www.whatsapp.com\/channel\/0029VaAasdA7j6g745nz9M10\" target=\"_blank\" rel=\"nofollow noopener\" title=\"https:\/\/www.whatsapp.com\/channel\/0029VaAasdA7j6g745nz9M10\">WhatsApp<\/a>. \u00bfBuscas licenciar contenido? Haz clic <a href=\"https:\/\/profesional.elpais.com\/soluciones-sindicacion?utm_medium=interno&amp;utm_source=crosslinking&amp;utm_campaign=sindicacion_as_pie_articulos\" target=\"_blank\" rel=\"nofollow noopener\" title=\"https:\/\/profesional.elpais.com\/soluciones-sindicacion?utm_medium=interno&amp;utm_source=crosslinking&amp;utm_campaign=sindicacion_as_pie_articulos\">aqu\u00ed<\/a><\/p>\n","protected":false},"excerpt":{"rendered":"Los peores presagios se hicieron realidad. Dusan Vlahovic abandon\u00f3 el campo durante el Juventus-Cagliari tras intentar un disparo&hellip;\n","protected":false},"author":2,"featured_media":266796,"comment_status":"","ping_status":"","sticky":false,"template":"","format":"standard","meta":{"footnotes":""},"categories":[268],"tags":[168,25,24,280,282,281,23,167],"class_list":{"0":"post-266795","1":"post","2":"type-post","3":"status-publish","4":"format-standard","5":"has-post-thumbnail","7":"category-futbol","8":"tag-deportes","9":"tag-es","10":"tag-espana","11":"tag-football","12":"tag-futbol","13":"tag-soccer","14":"tag-spain","15":"tag-sports"},"share_on_mastodon":{"url":"https:\/\/pubeurope.com\/@es\/115648715033441919","error":""},"_links":{"self":[{"href":"https:\/\/www.europesays.com\/es\/wp-json\/wp\/v2\/posts\/266795","targetHints":{"allow":["GET"]}}],"collection":[{"href":"https:\/\/www.europesays.com\/es\/wp-json\/wp\/v2\/posts"}],"about":[{"href":"https:\/\/www.europesays.com\/es\/wp-json\/wp\/v2\/types\/post"}],"author":[{"embeddable":true,"href":"https:\/\/www.europesays.com\/es\/wp-json\/wp\/v2\/users\/2"}],"replies":[{"embeddable":true,"href":"https:\/\/www.europesays.com\/es\/wp-json\/wp\/v2\/comments?post=266795"}],"version-history":[{"count":0,"href":"https:\/\/www.europesays.com\/es\/wp-json\/wp\/v2\/posts\/266795\/revisions"}],"wp:featuredmedia":[{"embeddable":true,"href":"https:\/\/www.europesays.com\/es\/wp-json\/wp\/v2\/media\/266796"}],"wp:attachment":[{"href":"https:\/\/www.europesays.com\/es\/wp-json\/wp\/v2\/media?parent=266795"}],"wp:term":[{"taxonomy":"category","embeddable":true,"href":"https:\/\/www.europesays.com\/es\/wp-json\/wp\/v2\/categories?post=266795"},{"taxonomy":"post_tag","embeddable":true,"href":"https:\/\/www.europesays.com\/es\/wp-json\/wp\/v2\/tags?post=266795"}],"curies":[{"name":"wp","href":"https:\/\/api.w.org\/{rel}","templated":true}]}}