{"id":266799,"date":"2025-12-02T07:09:09","date_gmt":"2025-12-02T07:09:09","guid":{"rendered":"https:\/\/www.europesays.com\/es\/266799\/"},"modified":"2025-12-02T07:09:09","modified_gmt":"2025-12-02T07:09:09","slug":"las-estatuas-de-sarasate-ya-enjauladas-para-un-traslado-que-sera-inminente","status":"publish","type":"post","link":"https:\/\/www.europesays.com\/es\/266799\/","title":{"rendered":"Las estatuas de Sarasate, ya enjauladas para un traslado que ser\u00e1 inminente"},"content":{"rendered":"<p>\n        Las tres primeras estatuas del <a href=\"https:\/\/www.noticiasdenavarra.com\/tags\/sarasate\/\" title=\"paseo de Sarasate\" target=\"_blank\" class=\"link copy\" rel=\"nofollow noopener\">paseo de Sarasate<\/a> ya han sido protegidas con jaulas de metal, lo que <strong>permitir\u00e1 llevar a cabo su traslado a la Taconera<\/strong>, un viaje que ser\u00e1 \u201cinminente\u201d y que tendr\u00e1 lugar en pocos d\u00edas. Como se observa en las im\u00e1genes, las estatuas han sido liberadas en parte de los pl\u00e1sticos que las proteg\u00edan mientras se han llevado a cabo las tareas de restauraci\u00f3n, y por dentro del andamiaje se observa ya que han sido colocadas las nuevas jaulas, una especie de exoesqueleto <strong>para poder agarrarlas y transportarlas a la Taconera<\/strong>.\n<\/p>\n<p class=\"article-body__text \">\n        Seg\u00fan ha sabido este peri\u00f3dico, esta semana se va a llevar a cabo el traslado de las primeras tres figuras, que ser\u00e1n guardadas de momento en el almac\u00e9n municipal de la Taconera, hasta que sean reconstruidas en su nueva ubicaci\u00f3n las peanas originales, que <strong>han sido cuidadosamente numeradas pieza a pieza<\/strong>.\n<\/p>\n<p class=\"article-body__text \">\n        Una vez hechas las bases, se proceder\u00e1 a su traslado. Es de esperar que todas las figuras queden en su nueva ubicaci\u00f3n antes de las pr\u00f3ximas fiestas de Navidad. La retirada de las lonas ayer lunes ha sacado a la luz el estado actual de las figuras, y su color original, tras la intervenci\u00f3n efectuada. Sabbia Conservaci\u00f3n y Restauraci\u00f3n SL fue elegida para llevar a cabo la actuaci\u00f3n por un <strong>importe de 155.577,84 euros<\/strong>.\n<\/p>\n<p class=\"article-body__text \">\n        Como se sabe, la reurbanizaci\u00f3n del paseo de Sarasate tiene ya v\u00eda libre para ponerse en marcha, una vez que el Pleno del Ayuntamiento de Pamplona procedi\u00f3 en el pleno del 6 de noviembre, con los <strong>votos de EH Bildu, PSN, Geroa Bai y Contigo-Zurekin<\/strong>, y el <strong>voto en contra de UPN y PP<\/strong>, a la aprobaci\u00f3n definitiva de la modificaci\u00f3n del Cat\u00e1logo del Plan Municipal para incorporar las estatuas de Sarasate y garantizar su protecci\u00f3n una vez sean trasladadas a la Taconera.<\/p>\n","protected":false},"excerpt":{"rendered":"Las tres primeras estatuas del paseo de Sarasate ya han sido protegidas con jaulas de metal, lo que&hellip;\n","protected":false},"author":2,"featured_media":266800,"comment_status":"","ping_status":"","sticky":false,"template":"","format":"standard","meta":{"footnotes":""},"categories":[173],"tags":[229,233,231,230,232,234,65965,146,147,25,24,2754,2756,523,23,2753],"class_list":{"0":"post-266799","1":"post","2":"type-post","3":"status-publish","4":"format-standard","5":"has-post-thumbnail","7":"category-arte-y-diseno","8":"tag-arte","9":"tag-arte-y-diseno","10":"tag-arts","11":"tag-arts-and-design","12":"tag-design","13":"tag-diseno","14":"tag-enjauladas","15":"tag-entertainment","16":"tag-entretenimiento","17":"tag-es","18":"tag-espana","19":"tag-estatuas","20":"tag-sarasate","21":"tag-sera","22":"tag-spain","23":"tag-traslado"},"share_on_mastodon":{"url":"https:\/\/pubeurope.com\/@es\/115648722521929491","error":""},"_links":{"self":[{"href":"https:\/\/www.europesays.com\/es\/wp-json\/wp\/v2\/posts\/266799","targetHints":{"allow":["GET"]}}],"collection":[{"href":"https:\/\/www.europesays.com\/es\/wp-json\/wp\/v2\/posts"}],"about":[{"href":"https:\/\/www.europesays.com\/es\/wp-json\/wp\/v2\/types\/post"}],"author":[{"embeddable":true,"href":"https:\/\/www.europesays.com\/es\/wp-json\/wp\/v2\/users\/2"}],"replies":[{"embeddable":true,"href":"https:\/\/www.europesays.com\/es\/wp-json\/wp\/v2\/comments?post=266799"}],"version-history":[{"count":0,"href":"https:\/\/www.europesays.com\/es\/wp-json\/wp\/v2\/posts\/266799\/revisions"}],"wp:featuredmedia":[{"embeddable":true,"href":"https:\/\/www.europesays.com\/es\/wp-json\/wp\/v2\/media\/266800"}],"wp:attachment":[{"href":"https:\/\/www.europesays.com\/es\/wp-json\/wp\/v2\/media?parent=266799"}],"wp:term":[{"taxonomy":"category","embeddable":true,"href":"https:\/\/www.europesays.com\/es\/wp-json\/wp\/v2\/categories?post=266799"},{"taxonomy":"post_tag","embeddable":true,"href":"https:\/\/www.europesays.com\/es\/wp-json\/wp\/v2\/tags?post=266799"}],"curies":[{"name":"wp","href":"https:\/\/api.w.org\/{rel}","templated":true}]}}